{"id":30925,"date":"2021-02-19T16:40:13","date_gmt":"2021-02-19T15:40:13","guid":{"rendered":"https:\/\/eufortrisomy21.eu\/?p=30925"},"modified":"2021-02-23T15:00:23","modified_gmt":"2021-02-23T14:00:23","slug":"focus-on-the-21st-of-march-2021-lets-celebrate-world-down-syndrome-day-in-europe","status":"publish","type":"post","link":"https:\/\/eufortrisomy21.eu\/cs\/focus-on-the-21st-of-march-2021-lets-celebrate-world-down-syndrome-day-in-europe\/","title":{"rendered":"Tiskov\u00e1 zpr\u00e1va: Zam\u011b\u0159te se na 21. b\u0159ezna 2021. Oslavme v Evrop\u011b Sv\u011btov\u00fd den Downova syndromu!"},"content":{"rendered":"<p><img loading=\"lazy\" decoding=\"async\" class=\"size-medium wp-image-20686 alignright\" src=\"https:\/\/eufortrisomy21.eu\/wp-content\/uploads\/2020\/11\/Logo_EUforTrisomy21-Couleur-300x213.png\" alt=\"\" width=\"300\" height=\"213\" srcset=\"https:\/\/eufortrisomy21.eu\/wp-content\/uploads\/2020\/11\/Logo_EUforTrisomy21-Couleur-300x213.png 300w, https:\/\/eufortrisomy21.eu\/wp-content\/uploads\/2020\/11\/Logo_EUforTrisomy21-Couleur-1024x727.png 1024w, https:\/\/eufortrisomy21.eu\/wp-content\/uploads\/2020\/11\/Logo_EUforTrisomy21-Couleur-768x545.png 768w, https:\/\/eufortrisomy21.eu\/wp-content\/uploads\/2020\/11\/Logo_EUforTrisomy21-Couleur.png 1429w\" sizes=\"(max-width: 300px) 100vw, 300px\" \/>P\u0159\u00ed\u0161t\u00ed ro\u010dn\u00edk Sv\u011btov\u00e9ho dne Downova syndromu (21<sup>Svat\u00fd<\/sup> b\u0159ezna, jak rozhodl United Nation) po\u017eaduje zvl\u00e1\u0161tn\u00ed impuls, proto\u017ee se kon\u00e1 v roce 2021 a Down\u016fv syndrom je l\u00e9ka\u0159sky zn\u00e1m\u00fd jako trizomie 21!<\/p>\n<p>V t\u00e9to perspektiv\u011b se komunita rodi\u010d\u016f d\u011bt\u00ed s Downov\u00fdm syndromem z cel\u00e9 Evropy spojila pod zna\u010dkou EUfortrisomy21. D\u00edky skupin\u011b rodi\u010d\u016f, kter\u00e1 zah\u00e1jila p\u0159\u00edpravy, je ve zna\u010dce EUfortrisomy21 ji\u017e zastoupeno 16 zem\u00ed, kter\u00e9 oslav\u00e1m Sv\u011btov\u00e9ho dne Downova syndromu d\u00e1vaj\u00ed evropsk\u00fd rozm\u011br.<\/p>\n<p>Co je spojuje dohromady: jejich odhodl\u00e1n\u00ed u\u010dinit rok 2021 rokem v\u011bnovan\u00fdm lidem s Downov\u00fdm syndromem; rok na jejich po\u010dest a na uzn\u00e1n\u00ed jejich pr\u00e1voplatn\u00e9ho m\u00edsta v evropsk\u00e9 spole\u010dnosti.<\/p>\n<p>Pro 21<sup>Svat\u00fd<\/sup> do b\u0159ezna budou na evropsk\u00e9 \u00farovni navr\u017eeny t\u0159i projekty k oslav\u011b tohoto data. B\u011bhem m\u011bs\u00edce \u00fanora budou sd\u011bleny podrobnosti t\u011bchto projekt\u016f: projekt radosti, projekt k zamy\u0161len\u00ed a projekt jedn\u00e1n\u00ed.<\/p>\n<p><strong>Kontakt: press@eufortrisomy21.eu <\/strong><\/p>\n<p><u>EUfortrisomy21<\/u> je komunita rodi\u010d\u016f d\u011bt\u00ed s Downov\u00fdm syndromem, sjednocen\u00e1 za \u00fa\u010delem prosazov\u00e1n\u00ed pr\u00e1v osob s Downov\u00fdm syndromem ve 4 prioritn\u00edch oblastech: viditelnost, nediskriminace, zdrav\u00ed, samostatnost.<\/p>","protected":false},"excerpt":{"rendered":"<p>The next edition of World Down Syndrome Day (21st of March as decided by United Nation) calls for a special&hellip;<\/p>","protected":false},"author":2,"featured_media":0,"comment_status":"closed","ping_status":"closed","sticky":false,"template":"","format":"standard","meta":{"_acf_changed":false,"footnotes":""},"categories":[45],"tags":[],"class_list":["post-30925","post","type-post","status-publish","format-standard","hentry","category-21-march-21"],"acf":[],"_links":{"self":[{"href":"https:\/\/eufortrisomy21.eu\/cs\/wp-json\/wp\/v2\/posts\/30925"}],"collection":[{"href":"https:\/\/eufortrisomy21.eu\/cs\/wp-json\/wp\/v2\/posts"}],"about":[{"href":"https:\/\/eufortrisomy21.eu\/cs\/wp-json\/wp\/v2\/types\/post"}],"author":[{"embeddable":true,"href":"https:\/\/eufortrisomy21.eu\/cs\/wp-json\/wp\/v2\/users\/2"}],"replies":[{"embeddable":true,"href":"https:\/\/eufortrisomy21.eu\/cs\/wp-json\/wp\/v2\/comments?post=30925"}],"version-history":[{"count":0,"href":"https:\/\/eufortrisomy21.eu\/cs\/wp-json\/wp\/v2\/posts\/30925\/revisions"}],"wp:attachment":[{"href":"https:\/\/eufortrisomy21.eu\/cs\/wp-json\/wp\/v2\/media?parent=30925"}],"wp:term":[{"taxonomy":"category","embeddable":true,"href":"https:\/\/eufortrisomy21.eu\/cs\/wp-json\/wp\/v2\/categories?post=30925"},{"taxonomy":"post_tag","embeddable":true,"href":"https:\/\/eufortrisomy21.eu\/cs\/wp-json\/wp\/v2\/tags?post=30925"}],"curies":[{"name":"wp","href":"https:\/\/api.w.org\/{rel}","templated":true}]}}