{"id":31446,"date":"2021-03-09T10:19:38","date_gmt":"2021-03-09T09:19:38","guid":{"rendered":"https:\/\/eufortrisomy21.eu\/?p=31446"},"modified":"2021-03-09T10:20:49","modified_gmt":"2021-03-09T09:20:49","slug":"press-release-one-dancing-challenge-to-join-in-the-celebration","status":"publish","type":"post","link":"https:\/\/eufortrisomy21.eu\/cs\/press-release-one-dancing-challenge-to-join-in-the-celebration\/","title":{"rendered":"Tiskov\u00e1 zpr\u00e1va: Jedna tane\u010dn\u00ed v\u00fdzva k \u00fa\u010dasti na oslav\u011b!"},"content":{"rendered":"<p style=\"text-align: right;\"><img loading=\"lazy\" decoding=\"async\" class=\"size-medium wp-image-14470 alignleft\" src=\"https:\/\/eufortrisomy21.eu\/wp-content\/uploads\/2020\/02\/Banniere7-300x120.jpg\" alt=\"\" width=\"300\" height=\"120\" srcset=\"https:\/\/eufortrisomy21.eu\/wp-content\/uploads\/2020\/02\/Banniere7-300x120.jpg 300w, https:\/\/eufortrisomy21.eu\/wp-content\/uploads\/2020\/02\/Banniere7-1024x410.jpg 1024w, https:\/\/eufortrisomy21.eu\/wp-content\/uploads\/2020\/02\/Banniere7-768x307.jpg 768w, https:\/\/eufortrisomy21.eu\/wp-content\/uploads\/2020\/02\/Banniere7-1536x614.jpg 1536w, https:\/\/eufortrisomy21.eu\/wp-content\/uploads\/2020\/02\/Banniere7.jpg 2000w\" sizes=\"(max-width: 300px) 100vw, 300px\" \/>tiskov\u00e1 zpr\u00e1va<\/p>\n<p style=\"text-align: right;\">Brusel<\/p>\n<p style=\"text-align: right;\">3. b\u0159ezna 2021<\/p>\n<p>&nbsp;<\/p>\n<h2 style=\"text-align: center;\"><span style=\"color: #99ccff;\"><strong>Oslavme spole\u010dn\u011b 21. b\u0159ezna <\/strong><\/span><\/h2>\n<h2 style=\"text-align: center;\"><strong><span style=\"color: #ffcc00;\">1<\/span> Tanec <span style=\"color: #ffcc00;\">v\u00fdzva <\/span><\/strong>p\u0159ipojit se k oslav\u011b!<\/h2>\n<p>Dal\u0161\u00ed <em>Mezin\u00e1rodn\u00ed den trizomie 21<\/em> se bude konat v ned\u011bli 21. b\u0159ezna 20<span style=\"color: #99ccff;\"><strong>21<\/strong><\/span>. Abychom oslavili toto symbolick\u00e9 datum pro osoby s Downov\u00fdm syndromem (naz\u00fdvan\u00e9 tak\u00e9 Trizomie <span style=\"color: #99ccff;\"><strong>21<\/strong><\/span>), <em>EUforTrisomy21<\/em> navrhuje t\u0159i projekty. Zam\u011b\u0159te se na tane\u010dn\u00ed v\u00fdzvu d\u00e1t do sv\u011btla osoby s Downov\u00fdm syndromem: choreografie k tanci, aby se radovaly, oslavovaly spole\u010dn\u011b s osobami s Downov\u00fdm syndromem.<\/p>\n<h4><span style=\"color: #ffcc00;\"><strong>1. Choreografie<\/strong><\/span><\/h4>\n<p>P\u0159edstavil si to choreograf, kter\u00fd d\u0159\u00edve pracoval ve specializovan\u00e9m centru pro osoby s Downov\u00fdm syndromem. Hudba je v\u00fd\u0148atkem z posledn\u00edho singlu francouzsk\u00e9 um\u011blkyn\u011b Kimberose: \u00ab\u00a0<em>Zp\u011bt na nohy \u00bb.<\/em><\/p>\n<h4><span style=\"color: #99ccff;\"><strong>2. V\u00fdzva \u00abTanec 21. b\u0159ezna - Mezin\u00e1rodn\u00ed den trizomie 21\u00bb<\/strong><\/span><\/h4>\n<p>Bylo spu\u0161t\u011bno na soci\u00e1ln\u00edch m\u00e9di\u00edch dne <strong><span style=\"color: #99ccff;\">3. b\u0159ezna 2021<\/span><\/strong>.<\/p>\n<p>Je ur\u010den ob\u010dan\u016fm evropsk\u00fdch zem\u00ed; v\u0161ichni jsou pozv\u00e1ni k \u00fa\u010dasti na v\u00fdzv\u011b:<\/p>\n<ul>\n<li>Vyjad\u0159ovat radost a ct\u00edt na\u0161e bl\u00edzk\u00e9 s Downov\u00fdm syndromem;<\/li>\n<li>Sezn\u00e1mit se s osobami s Downov\u00fdm syndromem v na\u0161\u00ed komunit\u011b;<\/li>\n<li>Vyj\u00e1d\u0159it kolektivn\u00ed vd\u011b\u010dnost za zvl\u00e1\u0161tn\u00ed postaven\u00ed lid\u00ed s Downov\u00fdm syndromem v na\u0161\u00ed spole\u010dnosti, kter\u00e9 je t\u0159eba zd\u016fraznit: podstatn\u00e1 sou\u010d\u00e1st na\u0161\u00ed spole\u010dnosti.<\/li>\n<\/ul>\n<p>Konkr\u00e9tn\u011b :<\/p>\n<ul>\n<li>Ka\u017ed\u00fd se choreografii nau\u010d\u00ed, zaregistruje se, zve\u0159ejn\u00ed ji na soci\u00e1ln\u00edch m\u00e9di\u00edch a roz\u0161\u00ed\u0159\u00ed p\u0159\u00edsp\u011bvky o<em> EUforTrisomy21<\/em>.<\/li>\n<li>Pomoc\u00ed n\u00e1sleduj\u00edc\u00edch hashtag\u016f: <span style=\"color: #99ccff;\"><strong>#EUfortrisomy21<\/strong><strong> #challenge #downsyndrom<\/strong><\/span><\/li>\n<\/ul>\n<h4><strong><span style=\"color: #ffcc00;\">3. Dress code (pokud je to mo\u017en\u00e9)<\/span><\/strong><\/h4>\n<p>Nahoru: b\u00edl\u00e1 \/ dol\u016f: modr\u00e1 \/ neodpov\u00eddaj\u00edc\u00ed pono\u017eky nebo boty<\/p>\n<h4><strong><span style=\"color: #99ccff;\">4. EUfortrisomy21<\/span><\/strong><\/h4>\n<p>EUfortrisomy21 je komunita rodi\u010d\u016f osob s Downov\u00fdm syndromem v cel\u00e9 Evrop\u011b: <strong><span style=\"color: #99ccff;\">Zapojeno je 19 zem\u00ed<\/span><\/strong> zastupuj\u00edc\u00ed <strong><span style=\"color: #99ccff;\">55 sdru\u017een\u00ed<\/span><\/strong> kdo jsou <strong><span style=\"color: #99ccff;\">partnery<\/span><\/strong> projektu EUforTrisomy21 k vyd\u00e1n\u00ed Mezin\u00e1rodn\u00edho dne trizomie 21 do roku 2021.<\/p>\n<p>&nbsp;<\/p>\n<p style=\"text-align: center;\">Kontakt: contact@eufortrisomy21.eu<\/p>\n<p style=\"text-align: right;\"><a href=\"https:\/\/eufortrisomy21.eu\/wp-content\/uploads\/2021\/03\/EN-EUfortrisomy21-dancing-video-03-03-21.pdf\" target=\"_blank\" rel=\"noopener\">Klikn\u011bte zde<\/a> ke sta\u017een\u00ed tiskov\u00e9 zpr\u00e1vy<\/p>","protected":false},"excerpt":{"rendered":"<p>The next International Day of Trisomy 21 will take place on Sunday 21st March 2021. In order to celebrate this&hellip;<\/p>","protected":false},"author":3,"featured_media":0,"comment_status":"closed","ping_status":"closed","sticky":false,"template":"","format":"standard","meta":{"_acf_changed":false,"footnotes":""},"categories":[45],"tags":[],"class_list":["post-31446","post","type-post","status-publish","format-standard","hentry","category-21-march-21"],"acf":[],"_links":{"self":[{"href":"https:\/\/eufortrisomy21.eu\/cs\/wp-json\/wp\/v2\/posts\/31446"}],"collection":[{"href":"https:\/\/eufortrisomy21.eu\/cs\/wp-json\/wp\/v2\/posts"}],"about":[{"href":"https:\/\/eufortrisomy21.eu\/cs\/wp-json\/wp\/v2\/types\/post"}],"author":[{"embeddable":true,"href":"https:\/\/eufortrisomy21.eu\/cs\/wp-json\/wp\/v2\/users\/3"}],"replies":[{"embeddable":true,"href":"https:\/\/eufortrisomy21.eu\/cs\/wp-json\/wp\/v2\/comments?post=31446"}],"version-history":[{"count":0,"href":"https:\/\/eufortrisomy21.eu\/cs\/wp-json\/wp\/v2\/posts\/31446\/revisions"}],"wp:attachment":[{"href":"https:\/\/eufortrisomy21.eu\/cs\/wp-json\/wp\/v2\/media?parent=31446"}],"wp:term":[{"taxonomy":"category","embeddable":true,"href":"https:\/\/eufortrisomy21.eu\/cs\/wp-json\/wp\/v2\/categories?post=31446"},{"taxonomy":"post_tag","embeddable":true,"href":"https:\/\/eufortrisomy21.eu\/cs\/wp-json\/wp\/v2\/tags?post=31446"}],"curies":[{"name":"wp","href":"https:\/\/api.w.org\/{rel}","templated":true}]}}