{"id":31969,"date":"2021-03-16T15:35:04","date_gmt":"2021-03-16T14:35:04","guid":{"rendered":"https:\/\/eufortrisomy21.eu\/?p=31969"},"modified":"2021-03-16T15:48:59","modified_gmt":"2021-03-16T14:48:59","slug":"trisomy-21-what-europe-can-do-program","status":"publish","type":"post","link":"https:\/\/eufortrisomy21.eu\/cs\/trisomy-21-what-europe-can-do-program\/","title":{"rendered":"Trizomie 21: Co m\u016f\u017ee Evropa ud\u011blat? - Program"},"content":{"rendered":"<h1>Trizomie 21: Co m\u016f\u017ee Evropa ud\u011blat?<\/h1>\n<p>Viditelnost, za\u010dlen\u011bn\u00ed, samostatnost: z\u00e1kladn\u00ed probl\u00e9my pro lidi s Trizomi\u00ed 21<\/p>\n<p>&nbsp;<\/p>\n<p><img loading=\"lazy\" decoding=\"async\" class=\"size-medium wp-image-31642 alignleft\" src=\"https:\/\/eufortrisomy21.eu\/wp-content\/uploads\/2021\/03\/Trisomy-21-What-can-Europe-do-253x300.jpg\" alt=\"\" width=\"253\" height=\"300\" srcset=\"https:\/\/eufortrisomy21.eu\/wp-content\/uploads\/2021\/03\/Trisomy-21-What-can-Europe-do-253x300.jpg 253w, https:\/\/eufortrisomy21.eu\/wp-content\/uploads\/2021\/03\/Trisomy-21-What-can-Europe-do-10x12.jpg 10w, https:\/\/eufortrisomy21.eu\/wp-content\/uploads\/2021\/03\/Trisomy-21-What-can-Europe-do.jpg 708w\" sizes=\"(max-width: 253px) 100vw, 253px\" \/>Datum: \u010dtvrtek 18<sup>th<\/sup> b\u0159ezna 2021 - 14 hodin<\/p>\n<p>M\u00edsto: Online konference<\/p>\n<p>Registrace na <a href=\"mailto:Contact@eufortrisomy21.eu\">Contact@eufortrisomy21.eu<\/a><\/p>\n<p>Jazyk: angli\u010dtina, \u0161pan\u011bl\u0161tina, francouz\u0161tina, n\u011bm\u010dina a n\u011bm\u010dina, snadn\u00fd jazyk, rumun\u0161tina<\/p>\n<p>&nbsp;<\/p>\n<h2><\/h2>\n<h2><\/h2>\n<hr \/>\n<h2>N\u00e1vrh programu:<\/h2>\n<h3><u>Rodi\u010de a obh\u00e1jci:<\/u><\/h3>\n<p>14:00 \u00davod - Clotilde No\u00ebl (Francie, Tomb\u00e9e du Nid), Rodrigo Escobar (\u0160pan\u011blsko) a Sofia Carnevali (It\u00e1lie)<\/p>\n<p>14.10 - Sanna Karosas (Litva, Saulytes)<\/p>\n<p>14.15 - Natalie Dedreux, vlastn\u00ed advok\u00e1tka (N\u011bmecko)<\/p>\n<p>14.20 - Mareike Fuisz (N\u011bmecko)<\/p>\n<p>14.25 - Liana Maria Vislan (Rumunsko, Asociatia Langdon Down Oltenia)<\/p>\n<h3><u>Poslanci Evropsk\u00e9ho parlamentu:<\/u><\/h3>\n<p>14:30 Fran\u00e7ois-Xavier Bellamy; Francie, skupina Evropsk\u00e9 lidov\u00e9 strany<\/p>\n<p>14:40 Katrin Langensiepen; N\u011bmecko, Skupina zelen\u00fdch<\/p>\n<p>14:50 Patryk Jaki; Polsko, skupina Evropsk\u00fdch konzervativc\u016f a reformist\u016f<\/p>\n<p>15:00 Estrella Dur\u00e1 Ferrandis; \u0160pan\u011blsko, Skupina progresivn\u00ed aliance socialist\u016f a demokrat\u016f<\/p>\n<p>15.10 Radka Maxov\u00e1; \u010cesko, skupina Obnovit Evropu<\/p>\n<p>&nbsp;<\/p>\n<p>15:20 Dotazy a odpov\u011bdi<\/p>\n<p>15:30 Konec online konference<\/p>","protected":false},"excerpt":{"rendered":"<p>Trisomy 21\u00a0: What Europe can do? Visibility, inclusion, autonomy: essentials issues for people with Trisomy 21 &nbsp; Date: Thursday 18th&hellip;<\/p>","protected":false},"author":3,"featured_media":0,"comment_status":"closed","ping_status":"closed","sticky":false,"template":"","format":"standard","meta":{"_acf_changed":false,"footnotes":""},"categories":[45],"tags":[],"class_list":["post-31969","post","type-post","status-publish","format-standard","hentry","category-21-march-21"],"acf":[],"_links":{"self":[{"href":"https:\/\/eufortrisomy21.eu\/cs\/wp-json\/wp\/v2\/posts\/31969"}],"collection":[{"href":"https:\/\/eufortrisomy21.eu\/cs\/wp-json\/wp\/v2\/posts"}],"about":[{"href":"https:\/\/eufortrisomy21.eu\/cs\/wp-json\/wp\/v2\/types\/post"}],"author":[{"embeddable":true,"href":"https:\/\/eufortrisomy21.eu\/cs\/wp-json\/wp\/v2\/users\/3"}],"replies":[{"embeddable":true,"href":"https:\/\/eufortrisomy21.eu\/cs\/wp-json\/wp\/v2\/comments?post=31969"}],"version-history":[{"count":0,"href":"https:\/\/eufortrisomy21.eu\/cs\/wp-json\/wp\/v2\/posts\/31969\/revisions"}],"wp:attachment":[{"href":"https:\/\/eufortrisomy21.eu\/cs\/wp-json\/wp\/v2\/media?parent=31969"}],"wp:term":[{"taxonomy":"category","embeddable":true,"href":"https:\/\/eufortrisomy21.eu\/cs\/wp-json\/wp\/v2\/categories?post=31969"},{"taxonomy":"post_tag","embeddable":true,"href":"https:\/\/eufortrisomy21.eu\/cs\/wp-json\/wp\/v2\/tags?post=31969"}],"curies":[{"name":"wp","href":"https:\/\/api.w.org\/{rel}","templated":true}]}}