{"id":32206,"date":"2021-03-19T13:25:51","date_gmt":"2021-03-19T12:25:51","guid":{"rendered":"https:\/\/eufortrisomy21.eu\/?p=32206"},"modified":"2022-06-24T11:55:59","modified_gmt":"2022-06-24T09:55:59","slug":"press-release-on-march-21st-europe-is-honouring-persons-with-downs-syndrome","status":"publish","type":"post","link":"https:\/\/eufortrisomy21.eu\/cs\/press-release-on-march-21st-europe-is-honouring-persons-with-downs-syndrome\/","title":{"rendered":"Tiskov\u00e1 zpr\u00e1va: 21. b\u0159ezna si Evropa ct\u00ed osoby s Downov\u00fdm syndromem"},"content":{"rendered":"<p style=\"text-align: right;\"><img loading=\"lazy\" decoding=\"async\" class=\"size-medium wp-image-14470 alignleft\" src=\"https:\/\/eufortrisomy21.eu\/wp-content\/uploads\/2020\/02\/Banniere7-300x120.jpg\" alt=\"\" width=\"300\" height=\"120\" srcset=\"https:\/\/eufortrisomy21.eu\/wp-content\/uploads\/2020\/02\/Banniere7-300x120.jpg 300w, https:\/\/eufortrisomy21.eu\/wp-content\/uploads\/2020\/02\/Banniere7-1024x410.jpg 1024w, https:\/\/eufortrisomy21.eu\/wp-content\/uploads\/2020\/02\/Banniere7-768x307.jpg 768w, https:\/\/eufortrisomy21.eu\/wp-content\/uploads\/2020\/02\/Banniere7-1536x614.jpg 1536w, https:\/\/eufortrisomy21.eu\/wp-content\/uploads\/2020\/02\/Banniere7.jpg 2000w\" sizes=\"(max-width: 300px) 100vw, 300px\" \/>tiskov\u00e1 zpr\u00e1va<\/p>\n<p style=\"text-align: right;\">Brusel<\/p>\n<p style=\"text-align: right;\">19. b\u0159ezna 2021<\/p>\n<p>&nbsp;<\/p>\n<h2 style=\"text-align: center;\"><span style=\"color: #99ccff;\"><strong>21. b\u0159ezna si Evropa ct\u00ed osoby s Downov\u00fdm syndromem:\u00a0\u00a0<\/strong><strong>ob\u010dan\u00e9 <\/strong><\/span><strong>a <span style=\"color: #99ccff;\">politi\u010dt\u00ed v\u016fdci<\/span> jsou vyzv\u00e1ni, aby oslavili <\/strong><span style=\"color: #99ccff;\"><strong>Mezin\u00e1rodn\u00ed den trizomie 21<\/strong><\/span><span style=\"color: #99ccff;\">\u00a0<\/span><\/h2>\n<p style=\"text-align: center;\"><strong>D\u011bkuji <span style=\"color: #ffcc00;\">Pan\u00ed Von der Leyen<\/span> a do <span style=\"color: #ffcc00;\">Poslanci Evropsk\u00e9ho parlamentu<\/span><\/strong><\/p>\n<p style=\"text-align: center;\"><strong>kte\u0159\u00ed se t\u00e9to kampan\u011b \u00fa\u010dastn\u00ed.<\/strong><\/p>\n<p style=\"text-align: left;\"><span style=\"color: #000000;\">\u00a0<\/span>Po cel\u00fd t\u00fdden \u0161\u00ed\u0159\u00ed v\u00fdzvu tis\u00edce ob\u010dan\u016f a rodin po cel\u00e9 Evrop\u011b \u00ab\u00a0<em>Tanec 21. b\u0159ezna\u00a0<\/em>\u00bb<\/p>\n<p style=\"text-align: center;\"><span style=\"color: #99ccff;\"><strong>V\u0161ichni jsou pozv\u00e1ni, aby se p\u0159ipojili k mobilizaci a\u017e do 21. b\u0159ezna<\/strong><\/span><\/p>\n<p style=\"text-align: center;\">sd\u00edlen\u00edm video kompilace zve\u0159ejn\u011bn\u00e9 tuto st\u0159edu ve\u010der (17. b\u0159ezna):<\/p>\n<p style=\"text-align: center;\"><span style=\"color: #99ccff;\"><strong>@ eufortrisomy21<br \/>\n#EUfortrisomy21 #challenge #downsyndrom<\/strong><\/span><\/p>\n<p>Objevovat d\u00e1l <a href=\"https:\/\/eufortrisomy21.eu\/fr\/\">https:\/\/eufortrisomy21.eu\/fr\/<\/a><br \/>\nSd\u00edlet :<br \/>\n* twitter *: <a href=\"https:\/\/twitter.com\/eufortrisomy21?s=21\">https:\/\/twitter.com\/eufortrisomy21?s=21<\/a><br \/>\n* Instagram *: <a href=\"https:\/\/instagram.com\/eufortrisomy21?igshid=1htqe2arifhnb\">https:\/\/instagram.com\/eufortrisomy21?igshid=1htqe2arifhnb<br \/>\n<\/a>*Facebook * : <a href=\"https:\/\/www.facebook.com\/EUforTrisomy21\/\">https:\/\/www.facebook.com\/EUforTrisomy21\/<\/a><br \/>\n*Tik tak * : <a href=\"https:\/\/vm.tiktok.com\/ZSJFpN5D8\/\">https:\/\/vm.tiktok.com\/ZSJFpN5D8\/<\/a><\/p>\n<p>Na jin\u00e9m projektu evrop\u0161t\u00ed politi\u010dt\u00ed v\u016fdci projevuj\u00ed ochotu oslavit toto datum sponzorov\u00e1n\u00edm mlad\u00e9ho \u010dlov\u011bka s Downov\u00fdm syndromem. <span style=\"color: #ffcc00;\"><strong>1<\/strong><strong>23 poslanc\u016f <\/strong><\/span>kladn\u011b odpov\u011bd\u011bli na n\u00e1vrh setkat se (\u010dasto prakticky) s jedn\u00edm mlad\u00fdm \u010dlov\u011bkem s Downov\u00fdm syndromem a \/ nebo s jeho rodi\u010di z jejich zem\u011b a pot\u00e9 se st\u00e1t \u201ep\u0159\u00edznivcem Trsisomy 21\u201c. Sle\u010dna. <span style=\"color: #ffcc00;\"><strong>von der Leyen<\/strong><\/span>, p\u0159edseda Evropsk\u00e9 komise, se iniciativy \u00fa\u010dastn\u00ed a podporuje ji.<\/p>\n<p>&nbsp;<\/p>\n<p><img loading=\"lazy\" decoding=\"async\" class=\"aligncenter wp-image-32207 size-full\" src=\"https:\/\/eufortrisomy21.eu\/wp-content\/uploads\/2021\/03\/EN.png\" alt=\"\" width=\"1241\" height=\"1754\" srcset=\"https:\/\/eufortrisomy21.eu\/wp-content\/uploads\/2021\/03\/EN.png 1241w, https:\/\/eufortrisomy21.eu\/wp-content\/uploads\/2021\/03\/EN-212x300.png 212w, https:\/\/eufortrisomy21.eu\/wp-content\/uploads\/2021\/03\/EN-725x1024.png 725w, https:\/\/eufortrisomy21.eu\/wp-content\/uploads\/2021\/03\/EN-768x1085.png 768w, https:\/\/eufortrisomy21.eu\/wp-content\/uploads\/2021\/03\/EN-1087x1536.png 1087w, https:\/\/eufortrisomy21.eu\/wp-content\/uploads\/2021\/03\/EN-8x12.png 8w\" sizes=\"(max-width: 1241px) 100vw, 1241px\" \/><\/p>\n<p style=\"text-align: center;\"><span class=\"fontstyle0\">EUfortrisomy21 <\/span><span class=\"fontstyle2\">je komunita rodi\u010d\u016f d\u011bt\u00ed s Downov\u00fdm syndromem,<br \/>\nSpojen\u00e9 prosazovat pr\u00e1va lid\u00ed s Downov\u00fdm syndromem ve 4 prioritn\u00edch oblastech:<br \/>\nviditelnost, nediskriminace, zdrav\u00ed, samostatnost<\/span><\/p>\n<p style=\"text-align: center;\"><strong>Kontakt<\/strong> : contact@eufortrisomy21.eu<\/p>\n<p style=\"text-align: right;\"><a href=\"https:\/\/eufortrisomy21.eu\/wp-content\/uploads\/2021\/03\/2021-03-19-FINAL-PRESS-RELEASE.pdf\" target=\"_blank\" rel=\"noopener\">Klikn\u011bte zde <\/a>ke sta\u017een\u00ed tiskov\u00e9 zpr\u00e1vy<\/p>\n<p style=\"text-align: right;\"><a href=\"https:\/\/eufortrisomy21.eu\/wp-content\/uploads\/2021\/03\/Communique-de-presse_EN.pdf\" target=\"_blank\" rel=\"noopener\">Klikn\u011bte zde <\/a>ke sta\u017een\u00ed v\u00fdznamn\u00fdch \u010d\u00edsel<\/p>","protected":false},"excerpt":{"rendered":"<p>\u00a0To celebrate the International Day of Trisomy 21, EUfortrisomy21 organizes a conference Thursday 18th March 2021 from 2 to 3:30&hellip;<\/p>","protected":false},"author":3,"featured_media":0,"comment_status":"closed","ping_status":"closed","sticky":false,"template":"","format":"standard","meta":{"_acf_changed":false,"footnotes":""},"categories":[45],"tags":[],"class_list":["post-32206","post","type-post","status-publish","format-standard","hentry","category-21-march-21"],"acf":[],"_links":{"self":[{"href":"https:\/\/eufortrisomy21.eu\/cs\/wp-json\/wp\/v2\/posts\/32206"}],"collection":[{"href":"https:\/\/eufortrisomy21.eu\/cs\/wp-json\/wp\/v2\/posts"}],"about":[{"href":"https:\/\/eufortrisomy21.eu\/cs\/wp-json\/wp\/v2\/types\/post"}],"author":[{"embeddable":true,"href":"https:\/\/eufortrisomy21.eu\/cs\/wp-json\/wp\/v2\/users\/3"}],"replies":[{"embeddable":true,"href":"https:\/\/eufortrisomy21.eu\/cs\/wp-json\/wp\/v2\/comments?post=32206"}],"version-history":[{"count":0,"href":"https:\/\/eufortrisomy21.eu\/cs\/wp-json\/wp\/v2\/posts\/32206\/revisions"}],"wp:attachment":[{"href":"https:\/\/eufortrisomy21.eu\/cs\/wp-json\/wp\/v2\/media?parent=32206"}],"wp:term":[{"taxonomy":"category","embeddable":true,"href":"https:\/\/eufortrisomy21.eu\/cs\/wp-json\/wp\/v2\/categories?post=32206"},{"taxonomy":"post_tag","embeddable":true,"href":"https:\/\/eufortrisomy21.eu\/cs\/wp-json\/wp\/v2\/tags?post=32206"}],"curies":[{"name":"wp","href":"https:\/\/api.w.org\/{rel}","templated":true}]}}