{"id":32350,"date":"2021-06-24T17:12:45","date_gmt":"2021-06-24T15:12:45","guid":{"rendered":"https:\/\/eufortrisomy21.eu\/?p=32350"},"modified":"2022-07-22T10:28:28","modified_gmt":"2022-07-22T08:28:28","slug":"online-conference-improving-the-visibility-of-people-with-down-syndrome-an-emergency-for-europe","status":"publish","type":"post","link":"https:\/\/eufortrisomy21.eu\/cs\/online-conference-improving-the-visibility-of-people-with-down-syndrome-an-emergency-for-europe\/","title":{"rendered":"Online konference - 8. \u010dervence 2021 - Zlep\u0161en\u00ed viditelnosti lid\u00ed s Downov\u00fdm syndromem"},"content":{"rendered":"<p style=\"text-align: right;\"><img loading=\"lazy\" decoding=\"async\" class=\"size-medium wp-image-14470 alignleft\" src=\"https:\/\/eufortrisomy21.eu\/wp-content\/uploads\/2020\/02\/Banniere7-300x120.jpg\" alt=\"\" width=\"300\" height=\"120\" srcset=\"https:\/\/eufortrisomy21.eu\/wp-content\/uploads\/2020\/02\/Banniere7-300x120.jpg 300w, https:\/\/eufortrisomy21.eu\/wp-content\/uploads\/2020\/02\/Banniere7-1024x410.jpg 1024w, https:\/\/eufortrisomy21.eu\/wp-content\/uploads\/2020\/02\/Banniere7-768x307.jpg 768w, https:\/\/eufortrisomy21.eu\/wp-content\/uploads\/2020\/02\/Banniere7-1536x614.jpg 1536w, https:\/\/eufortrisomy21.eu\/wp-content\/uploads\/2020\/02\/Banniere7.jpg 2000w\" sizes=\"(max-width: 300px) 100vw, 300px\" \/><\/p>\n<p>&nbsp;<\/p>\n<p>&nbsp;<\/p>\n<p>&nbsp;<\/p>\n<p>&nbsp;<\/p>\n<h2 style=\"text-align: center;\">Zlep\u0161en\u00ed viditelnosti lid\u00ed s Downov\u00fdm syndromem: mimo\u0159\u00e1dn\u00e1 situace pro Evropu. Pro\u010d? Jak?<\/h2>\n<p>Zv\u00fd\u0161en\u00ed viditelnosti lid\u00ed s Downov\u00fdm syndromem v Evrop\u011b by m\u011blo b\u00fdt hlavn\u00ed debatou v EU <a href=\"https:\/\/futureu.europa.eu\/\" target=\"_blank\" rel=\"noopener\">ob\u010dansk\u00e1 konzultace pro budoucnost Evropy<\/a>.<\/p>\n<p><strong><a href=\"https:\/\/docs.google.com\/forms\/d\/e\/1FAIpQLSfcweCVPOG7YO_JwvF9NAbhpVdDDrUbxl59EM7JJ17kPaB95Q\/viewform\" target=\"_blank\" rel=\"noopener\">Registrujte se zde<\/a> <\/strong>\u00fa\u010dastnit se online konference EUfortrisomy21 na internetu <strong>8. \u010dervence v 18:00 (bruselsk\u00e9ho \u010dasu)<\/strong> a p\u0159isp\u011bt k online debat\u00e1m konzultac\u00ed ob\u010dan\u016f o \u201eBudoucnosti Evropy\u201c za \u00fa\u010delem zlep\u0161en\u00ed viditelnosti lid\u00ed s Downov\u00fdm syndromem.<\/p>\n<p><strong>Jazyky:<\/strong> Angli\u010dtina, \u0161pan\u011bl\u0161tina, francouz\u0161tina, n\u011bm\u010dina, n\u011bm\u010dina, snadn\u00fd jazyk, \u010de\u0161tina a ital\u0161tina<\/p>\n<p>&nbsp;<\/p>\n<h2><u>Program:<\/u><\/h2>\n<p><strong>\u00davod : <\/strong>pan Brando Benifei (poslanec Evropsk\u00e9ho parlamentu \u2013 It\u00e1lie)<\/p>\n<p><strong>\u010c\u00e1st 1: Kontroverzn\u00ed p\u0159\u00edpady diskriminace v Evrop\u011b\u00a0<\/strong><\/p>\n<ul>\n<li>Dear Future Mom - Riccardo Bianchi - Coordown (IT)<\/li>\n<li>V\u00e1\u017een\u00e1 budouc\u00ed m\u00e1ma (cenzura a p\u0159\u00edpad p\u0159ed E\u00daLP) - Lucie Pacherie - Fondation J\u00e9r\u00f4me Lejeune (FR)<\/li>\n<li>P\u0159\u00edpad Arcadi Spada (SP) a Richard Dawkins - Raquel del Barrio (doporu\u010duj\u00edc\u00ed rodi\u010d EU pro Trizomy 21 ve \u0160pan\u011blsku)<\/li>\n<\/ul>\n<p><strong>\u010c\u00e1st 2: Pro\u010d tento projev diskriminace v Evrop\u011b st\u00e1le existuje?<\/strong><\/p>\n<ul>\n<li>Filozof: Danielle Moyse (FR)<\/li>\n<li>Tina Sander (zakladatelka sdru\u017een\u00ed): #NoNIPT kampa\u0148 v N\u011bmecku (GE)<\/li>\n<li>Sebeobhajce: Natalie Dedreux - blogerka a novin\u00e1\u0159ka (GE)<\/li>\n<\/ul>\n<p><strong>\u010c\u00e1st 3: Jak jednat na podporu d\u016fstojnosti a zviditeln\u011bn\u00ed lid\u00ed s trizomi\u00ed 21?<\/strong><\/p>\n<ul>\n<li>Sebeobhajce: Caterina Moretti (SP)<\/li>\n<li>Video pan\u00ed Dubravky Suice, \u010dlenky p\u0159edsedkyn\u011b Evropsk\u00e9 komise na konferenci pro budoucnost Evropy<\/li>\n<\/ul>\n<p><strong>Ot\u00e1zky a odpov\u011bdi<\/strong><\/p>\n<p><strong>Z\u00e1v\u011br: <\/strong>pan\u00ed Radka Maxov\u00e1 (poslankyn\u011b Evropsk\u00e9ho parlamentu \u2013 \u010cesk\u00e1 republika)<\/p>\n<p id=\"tw-target-text\" class=\"tw-data-text tw-text-large XcVN5d tw-ta\" data-placeholder=\"Traduction\">K dispozici jsou videoz\u00e1znamy z na\u0161\u00ed online konference <a href=\"https:\/\/www.youtube.com\/channel\/UCFbORaGOrc9HBNBSK7DG-nQ?app=desktop&amp;pli=1\" target=\"_blank\" rel=\"noopener\">na na\u0161em YouTube kan\u00e1lu<\/a>.<\/p>\n<p style=\"text-align: center;\"><span class=\"fontstyle0\">EUfortrisomy21 <\/span><span class=\"fontstyle2\">je komunita rodi\u010d\u016f d\u011bt\u00ed s Downov\u00fdm syndromem,<br \/>\nSpojen\u00e9 prosazovat pr\u00e1va lid\u00ed s Downov\u00fdm syndromem ve 4 prioritn\u00edch oblastech:<br \/>\nviditelnost, nediskriminace, zdrav\u00ed, samostatnost<\/span><\/p>\n<p style=\"text-align: center;\"><strong>Kontakt<\/strong> : contact@eufortrisomy21.eu<\/p>\n<p style=\"text-align: right;\">","protected":false},"excerpt":{"rendered":"<p>Improving the visibility of people with Down syndrome in Europe should be a major debate in the citizen\u2019s consultation for&hellip;<\/p>","protected":false},"author":3,"featured_media":0,"comment_status":"closed","ping_status":"closed","sticky":false,"template":"","format":"standard","meta":{"_acf_changed":false,"footnotes":""},"categories":[45],"tags":[],"class_list":["post-32350","post","type-post","status-publish","format-standard","hentry","category-21-march-21"],"acf":[],"_links":{"self":[{"href":"https:\/\/eufortrisomy21.eu\/cs\/wp-json\/wp\/v2\/posts\/32350"}],"collection":[{"href":"https:\/\/eufortrisomy21.eu\/cs\/wp-json\/wp\/v2\/posts"}],"about":[{"href":"https:\/\/eufortrisomy21.eu\/cs\/wp-json\/wp\/v2\/types\/post"}],"author":[{"embeddable":true,"href":"https:\/\/eufortrisomy21.eu\/cs\/wp-json\/wp\/v2\/users\/3"}],"replies":[{"embeddable":true,"href":"https:\/\/eufortrisomy21.eu\/cs\/wp-json\/wp\/v2\/comments?post=32350"}],"version-history":[{"count":0,"href":"https:\/\/eufortrisomy21.eu\/cs\/wp-json\/wp\/v2\/posts\/32350\/revisions"}],"wp:attachment":[{"href":"https:\/\/eufortrisomy21.eu\/cs\/wp-json\/wp\/v2\/media?parent=32350"}],"wp:term":[{"taxonomy":"category","embeddable":true,"href":"https:\/\/eufortrisomy21.eu\/cs\/wp-json\/wp\/v2\/categories?post=32350"},{"taxonomy":"post_tag","embeddable":true,"href":"https:\/\/eufortrisomy21.eu\/cs\/wp-json\/wp\/v2\/tags?post=32350"}],"curies":[{"name":"wp","href":"https:\/\/api.w.org\/{rel}","templated":true}]}}