{"id":33237,"date":"2022-09-15T10:49:22","date_gmt":"2022-09-15T08:49:22","guid":{"rendered":"https:\/\/eufortrisomy21.eu\/?p=33237"},"modified":"2022-09-28T15:15:53","modified_gmt":"2022-09-28T13:15:53","slug":"eu-for-trisomy-21-reacts-to-echr-verdict-on-the-dear-future-mom-video","status":"publish","type":"post","link":"https:\/\/eufortrisomy21.eu\/cs\/eu-for-trisomy-21-reacts-to-echr-verdict-on-the-dear-future-mom-video\/","title":{"rendered":"EU pro trisomii 21 reaguje na verdikt ESLP ohledn\u011b videa \u201eDrah\u00e1 budouc\u00ed m\u00e1ma\u201c"},"content":{"rendered":"<div class=\"page\" title=\"Strana 1\">\n<div class=\"layoutArea\">\n<div class=\"column\">\n<p>V b\u0159eznu 2014, <a href=\"https:\/\/www.youtube.com\/watch?v=Ju-q4OnBtNU\">&quot;Mil\u00e1 budouc\u00ed maminko&quot;<\/a> video kampan\u011b podporovan\u00e9 sedmi evropsk\u00fdmi asociacemi bylo vys\u00edl\u00e1no po cel\u00e9m sv\u011bt\u011b ke Sv\u011btov\u00e9mu dni Downova syndromu.<\/p>\n<div id=\"attachment_33243\" style=\"width: 310px\" class=\"wp-caption alignleft\"><img loading=\"lazy\" decoding=\"async\" aria-describedby=\"caption-attachment-33243\" class=\"size-medium wp-image-33243\" src=\"https:\/\/eufortrisomy21.eu\/wp-content\/uploads\/2022\/09\/dear_future_mom-300x174.png\" alt=\"Dear Future Mom\" width=\"300\" height=\"174\" srcset=\"https:\/\/eufortrisomy21.eu\/wp-content\/uploads\/2022\/09\/dear_future_mom-300x174.png 300w, https:\/\/eufortrisomy21.eu\/wp-content\/uploads\/2022\/09\/dear_future_mom-1024x595.png 1024w, https:\/\/eufortrisomy21.eu\/wp-content\/uploads\/2022\/09\/dear_future_mom-768x446.png 768w, https:\/\/eufortrisomy21.eu\/wp-content\/uploads\/2022\/09\/dear_future_mom-18x10.png 18w, https:\/\/eufortrisomy21.eu\/wp-content\/uploads\/2022\/09\/dear_future_mom.png 1152w\" sizes=\"(max-width: 300px) 100vw, 300px\" \/><p id=\"caption-attachment-33243\" class=\"wp-caption-text\">Mil\u00e1 budouc\u00ed maminko<\/p><\/div>\n<p>Toto video p\u0159edstavovalo lidi s trizomi\u00ed 21 z cel\u00e9 Evropy, kte\u0159\u00ed mluvili s matkou, kter\u00e1 se pr\u00e1v\u011b dozv\u011bd\u011bla, \u017ee d\u00edt\u011b, kter\u00e9 \u010dek\u00e1, je nositelkou trizomie 21, s t\u00edmto poselstv\u00edm: \u201eLid\u00e9 s Downov\u00fdm syndromem mohou \u017e\u00edt \u0161\u0165astn\u00fd \u017eivot, z\u00e1le\u017e\u00ed na v\u0161ech z n\u00e1s&quot;.<\/p>\n<p>Toto video bylo ve Francii cenzurov\u00e1no CSA (Francouzsk\u00fd \u00fa\u0159ad pro rozhlasov\u00e9 a televizn\u00ed vys\u00edl\u00e1n\u00ed) z toho d\u016fvodu, \u017ee zpr\u00e1va \u201eru\u0161\u00ed sv\u011bdom\u00ed \u017een, kter\u00e9 se v souladu se z\u00e1konem rozhodly v osobn\u00edm \u017eivot\u011b jinak\u201c<\/p>\n<p>Ines De Pracomtal (d\u00edvka s Trisomi\u00ed 21, kter\u00e1 byla uvedena ve videu) a Nadace J\u00e9r\u00f4me Lejeune podaly odvol\u00e1n\u00ed proti rozhodnut\u00ed CSA p\u0159ed St\u00e1tn\u00ed radou a po zam\u00edtnut\u00ed u Evropsk\u00e9ho soudu pro lidsk\u00e1 pr\u00e1va v roce 2017, po\u017e\u00e1dat o uzn\u00e1n\u00ed \u00fatoku na svobodu projevu lid\u00ed s Downov\u00fdm syndromem.<\/p>\n<p>V roce 2020 Evropsk\u00fd soud pro lidsk\u00e1 pr\u00e1va souhlasil s pro\u0161et\u0159en\u00edm p\u0159\u00edpadu, kter\u00fd uzn\u00e1v\u00e1 pr\u00e1vo In\u00e9s a ka\u017ed\u00e9 lidsk\u00e9 bytosti na spravedlivou p\u0159\u00edle\u017eitost vyj\u00e1d\u0159it se. Po dvou letech zkoum\u00e1n\u00ed a 1. z\u00e1\u0159\u00ed 2022 Evropsk\u00fd soud pro lidsk\u00e1 pr\u00e1va kone\u010dn\u011b vynesl rozsudek v p\u0159\u00edpadu videa \u201eDrah\u00e1 budouc\u00ed m\u00e1ma\u201c. \u201eNep\u0159\u00edpustn\u00e9\u201c, je rozhodnut\u00ed ESLP.<\/p>\n<p>Toto rozhodnut\u00ed je zklam\u00e1n\u00edm, proto\u017ee cenzuruje hlasy lid\u00ed s Downov\u00fdm syndromem. Zam\u00edtnut\u00edm tohoto p\u0159\u00edpadu Evropsk\u00fd soud pro lidsk\u00e1 pr\u00e1va nazna\u010duje, \u017ee vl\u00e1dy mohou tla\u010dit na uml\u010den\u00ed hlas\u016f lid\u00ed s Downov\u00fdm syndromem ve ve\u0159ejn\u00e9 sf\u00e9\u0159e bez<\/p>\n<p>y dopady nebo kritika.<\/p>\n<p>EU for Trisomy 21 v\u011b\u0159\u00ed, \u017ee svoboda projevu je z\u00e1kladem ka\u017ed\u00e9 svobodn\u00e9 a demokratick\u00e9 spole\u010dnosti. Je zalo\u017eeno na mezin\u00e1rodn\u00edm pr\u00e1vu lidsk\u00fdch pr\u00e1v a my v\u011b\u0159\u00edme, \u017ee ka\u017ed\u00fd hlas si zaslou\u017e\u00ed \u0161anci b\u00fdt sly\u0161en. Budeme i nad\u00e1le obhajovat, v\u00e9st kampan\u011b a pracovat na tom, aby byly hlasy lid\u00ed s Downov\u00fdm syndromem sly\u0161et v Evrop\u011b i mimo ni.<\/p>\n<p>Video Drah\u00e9 budouc\u00ed m\u00e1my m\u016f\u017eete zhl\u00e9dnout zde: https:\/\/www.youtube.com\/watch?v=Ju-q4OnBtNU<\/p>\n<\/div>\n<\/div>\n<\/div>","protected":false},"excerpt":{"rendered":"<p>In March 2014, the \u201cDear Future Mom\u201d campaign video, supported by seven European associations, was broadcast all over the world&hellip;<\/p>","protected":false},"author":3,"featured_media":0,"comment_status":"closed","ping_status":"closed","sticky":false,"template":"","format":"standard","meta":{"_acf_changed":false,"footnotes":""},"categories":[45],"tags":[47,46,48],"class_list":["post-33237","post","type-post","status-publish","format-standard","hentry","category-21-march-21","tag-dignity","tag-freedom-of-speech","tag-human-rights"],"acf":[],"_links":{"self":[{"href":"https:\/\/eufortrisomy21.eu\/cs\/wp-json\/wp\/v2\/posts\/33237"}],"collection":[{"href":"https:\/\/eufortrisomy21.eu\/cs\/wp-json\/wp\/v2\/posts"}],"about":[{"href":"https:\/\/eufortrisomy21.eu\/cs\/wp-json\/wp\/v2\/types\/post"}],"author":[{"embeddable":true,"href":"https:\/\/eufortrisomy21.eu\/cs\/wp-json\/wp\/v2\/users\/3"}],"replies":[{"embeddable":true,"href":"https:\/\/eufortrisomy21.eu\/cs\/wp-json\/wp\/v2\/comments?post=33237"}],"version-history":[{"count":0,"href":"https:\/\/eufortrisomy21.eu\/cs\/wp-json\/wp\/v2\/posts\/33237\/revisions"}],"wp:attachment":[{"href":"https:\/\/eufortrisomy21.eu\/cs\/wp-json\/wp\/v2\/media?parent=33237"}],"wp:term":[{"taxonomy":"category","embeddable":true,"href":"https:\/\/eufortrisomy21.eu\/cs\/wp-json\/wp\/v2\/categories?post=33237"},{"taxonomy":"post_tag","embeddable":true,"href":"https:\/\/eufortrisomy21.eu\/cs\/wp-json\/wp\/v2\/tags?post=33237"}],"curies":[{"name":"wp","href":"https:\/\/api.w.org\/{rel}","templated":true}]}}