{"id":33345,"date":"2022-12-07T18:00:43","date_gmt":"2022-12-07T17:00:43","guid":{"rendered":"https:\/\/eufortrisomy21.eu\/?p=33345"},"modified":"2024-02-20T17:22:44","modified_gmt":"2024-02-20T16:22:44","slug":"the-future-is-ours-time-for-more-autonomy","status":"publish","type":"post","link":"https:\/\/eufortrisomy21.eu\/cs\/the-future-is-ours-time-for-more-autonomy\/","title":{"rendered":"Budoucnost je na\u0161e \u2013 \u010das na v\u011bt\u0161\u00ed autonomii"},"content":{"rendered":"<p>Odkaz na YouTube: <a href=\"https:\/\/www.youtube.com\/watch?v=j2QFE6f5QPY\">ma\u010far\u0161tina (ma\u010far\u0161tina)<\/a>, <a href=\"https:\/\/www.youtube.com\/watch?v=y754i2Gk5jk\">rom\u00e2n (rumun\u0161tina)<\/a>, <a href=\"https:\/\/www.youtube.com\/watch?v=imPvo3tS7l8\">Fran\u00e7ais (francouz\u0161tina)<\/a>, <a href=\"https:\/\/www.youtube.com\/watch?v=ZjAbSg9kFG0\">n\u011bm\u010dina (n\u011bm\u010dina)<\/a>, <a href=\"https:\/\/www.youtube.com\/watch?v=-KLPE1gQVC4\">polski (polsky)<\/a>, <a href=\"https:\/\/www.youtube.com\/watch?v=MgHYTZBAlyE\">\u03b5\u03bb\u03bb\u03b7\u03bd\u03b9\u03ba\u03ac (\u0159ecky)<\/a><\/p>\n<p>M\u016f\u017eete se pod\u00edvat na na\u0161i ofici\u00e1ln\u00ed zpr\u00e1vu <a href=\"https:\/\/drive.google.com\/file\/d\/1yMfOOM1MKX2PptIr70ZjFIDLy8B5rYdU\/view?usp=sharing\">tady<\/a>.<\/p>\n<p>Dne 7<sup>th<\/sup> prosince 2022 EU for Trisomy 21 hostila prvn\u00ed akci na\u0161eho EU sponzorovan\u00e9ho projektu The Future is Ours s n\u00e1zvem \u201eTime for more AUTONOMY\u201c.<\/p>\n<p><span style=\"font-weight: 400;\">V z\u00e1\u0159\u00ed 2022 z\u00edskala s\u00ed\u0165 EU pro trisomii 21 finan\u010dn\u00ed podporu prost\u0159ednictv\u00edm grantov\u00e9ho programu EU CERV, \u010d\u00edm\u017e byl zah\u00e1jen projekt s n\u00e1zvem Budoucnost je na\u0161e. Tento projekt zahrnuje 3 online akce a tak\u00e9 dal\u0161\u00ed osobn\u00ed akci v kv\u011btnu 2023 v Bruselu. Ka\u017ed\u00e1 akce se zam\u011b\u0159\u00ed na jeden ze \u010dty\u0159 c\u00edl\u016f s\u00edt\u011b EU pro Trisomy 21:<\/span><\/p>\n<p><span style=\"font-weight: 400;\">\u2013 Autonomie, Co pro lidi s Downov\u00fdm syndromem znamen\u00e1 b\u00fdt nez\u00e1visl\u00fd a rozhodovat se\u00a0<\/span><\/p>\n<p><span style=\"font-weight: 400;\">\u2013 Viditelnost, co pro People Down\u016fv syndrom znamen\u00e1 b\u00fdt vid\u011bn a sly\u0161en\u00a0<\/span><\/p>\n<p><span style=\"font-weight: 400;\">\u2013 Zdrav\u00ed, V\u00fdznam dobr\u00fdch l\u00e9ka\u0159\u016f a podpory zdrav\u00ed\u00a0<\/span><\/p>\n<p><span style=\"font-weight: 400;\">\u2013 Rovn\u00e9 zach\u00e1zen\u00ed, co pro lidi s Downov\u00fdm syndromem znamen\u00e1 b\u00fdt respektov\u00e1n<\/span><\/p>\n<p>Prvn\u00ed akce tohoto projektu \u201e\u010cas pro v\u00edce autonomie\u201c se konala online v r\u00e1mci networkov\u00e9 oslavy Mezin\u00e1rodn\u00edho dne pr\u00e1v osob se zdravotn\u00edm posti\u017een\u00edm dne 3.<sup>rd<\/sup> prosince 2022.<\/p>\n<p>\u201eTime for more AUTONOMY\u201c p\u0159edstavilo 5 sebeobh\u00e1jc\u016f z 5 r\u016fzn\u00fdch zem\u00ed, kte\u0159\u00ed hovo\u0159ili o d\u016fle\u017eitosti samostatn\u00e9ho \u017eivota. Byla p\u0159elo\u017eena do 9 jazyk\u016f (angli\u010dtina, ma\u010far\u0161tina, rumun\u0161tina, francouz\u0161tina, n\u011bm\u010dina, pol\u0161tina, \u0159e\u010dtina a \u0161pan\u011bl\u0161tina) a z\u00fa\u010dastnilo se j\u00ed v\u00edce ne\u017e 400 \u00fa\u010dastn\u00edk\u016f z 22 zem\u00ed (16 zem\u00ed EU).<\/p>\n<p><span style=\"font-weight: 400;\"><span style=\"font-weight: 400;\">Prvn\u00ed \u0159e\u010dn\u00edk na akci byl<strong> Soufiane El Amrani<\/strong>, an<\/span><\/span> srozumiteln\u00fd odborn\u00edk na advokacii pracuj\u00edc\u00ed v organizaci Inclusion Europe od roku 2008. V r\u00e1mci t\u00e9to pr\u00e1ce poskytl mnoho \u0161kolen\u00ed o zp\u0159\u00edstup\u0148ov\u00e1n\u00ed informac\u00ed a o tom, jak konzultovat lidi s ment\u00e1ln\u00edm posti\u017een\u00edm p\u0159i rozhodov\u00e1n\u00ed, kter\u00e9 je ovliv\u0148uje. Je tak\u00e9 sou\u010d\u00e1st\u00ed Evropsk\u00e9 platformy sebeobh\u00e1jc\u016f a t\u00fdmu Empower Us. Od listopadu 2020 je Soufiane z\u00e1stupcem sebeobh\u00e1jc\u016f pro Evropu v Council of Inclusion International.<\/p>\n<p>B\u011bhem akce \u201eTime for more AUTONOMY\u201c hovo\u0159il o autonomii lid\u00ed se zdravotn\u00edm posti\u017een\u00edm v r\u00e1mci EU se zam\u011b\u0159en\u00edm na nadch\u00e1zej\u00edc\u00ed zm\u011bnu volebn\u00edho z\u00e1kona, kter\u00e1 lidem s ment\u00e1ln\u00edm posti\u017een\u00edm, v\u010detn\u011b lid\u00ed s Downov\u00fdm syndromem, umo\u017en\u00ed volit v nadch\u00e1zej\u00edc\u00edm europoslanci. volby v roce 2024. Zv\u00fd\u0161il pov\u011bdom\u00ed o tom, \u017ee zm\u011bna volebn\u00edho z\u00e1kona je sice dobr\u00fd krok, ale \u017ee EU pot\u0159ebuje zlep\u0161it jejich komunikaci, aby byla skute\u010dn\u011b dostupn\u00e1 pro tento nov\u00fd voli\u010dsk\u00fd fond.<\/p>\n<p>Panel \u201eM\u016fj autonomn\u00ed \u017eivot\u201c zahrnoval \u010dty\u0159i sebeobh\u00e1jce z cel\u00e9 Evropy:<\/p>\n<ul>\n<li>\n<p class=\"_04xlpA direction-ltr align-start para-style-body\"><span class=\"JsGRdQ\"><strong>Fanny Neumayer<\/strong>, 27 let a \u017eij\u00edc\u00ed ve V\u00eddni, <strong>Rakousko<\/strong>. <\/span><span class=\"JsGRdQ\">Pan\u00ed Neumayer pracuje v \u0159editelstv\u00ed Evangelische Gymnasium (st\u0159edn\u00ed \u0161kola) v 11. v\u00edde\u0148sk\u00e9m obvodu. <\/span><span class=\"JsGRdQ\">Vypr\u00e1v\u011bla o sv\u00fdch zku\u0161enostech z voleb v Rakousku.<\/span><\/p>\n<\/li>\n<li>\n<p class=\"_04xlpA direction-ltr align-start para-style-body\"><span class=\"JsGRdQ\"><strong>Fiona Lambartov\u00e1<\/strong>, 24 let a \u017eij\u00edc\u00ed v Darmstadtu u Frankfurtu, <strong>N\u011bmecko<\/strong>. <\/span><span class=\"JsGRdQ\">Pan\u00ed Lambart pracuje jako specialistka na \u00faklid.<\/span><span class=\"JsGRdQ\">\u00a0Vypr\u00e1v\u011bla o sv\u00e9 pr\u00e1ci a o tom, jak se propracovala k autonomn\u00edmu \u017eivotu.<\/span><\/p>\n<\/li>\n<li>\n<p class=\"_04xlpA direction-ltr align-start para-style-body\"><span class=\"JsGRdQ\"><strong>Frantzeska\u2013Christina Douka<\/strong>, 37 let a \u017eij\u00edc\u00ed v Soluni, <strong>\u0158ecko<\/strong>. Pan\u00ed Douka je \u010dlenkou Asociace pro Down\u016fv syndrom v \u0158ecku a \u017eije sama v byt\u011b podporovan\u00e9ho bydlen\u00ed. <\/span><span class=\"JsGRdQ\">Miluje tanec a je atletkou v rytmick\u00e9 gymnastice. Mnohokr\u00e1t sout\u011b\u017eila v organizaci Special Olympic&#039;s, vyhr\u00e1la medaile a cestovala po mnoha zem\u00edch v Evrop\u011b i mimo ni.<\/span><\/p>\n<\/li>\n<li>\n<p class=\"_04xlpA direction-ltr align-start para-style-body\"><span class=\"JsGRdQ\"><strong>Jean Phillipe Barone<\/strong>, 44 let \u017eij\u00edc\u00ed v Marseille, <strong>Francie<\/strong>. \u017dije ve sv\u00e9m byt\u011b v komunit\u011b a pracuje v upraven\u00e9 restauraci. S komunika\u010dn\u00edmi n\u00e1stroji se c\u00edt\u00ed dob\u0159e a pravideln\u011b reprezentuje sdru\u017een\u00ed #Tcap21 v\u0161emi m\u00e9dii. Nyn\u00ed tr\u00e9nuje, aby se p\u0159ipojil k na\u0161\u00ed otev\u00edrac\u00ed kav\u00e1rn\u011b #Train Inc. a pot\u00e9 dos\u00e1hl \u00fapln\u00e9 autonomie.<\/span><\/p>\n<\/li>\n<\/ul>\n<p>Po panelu mohli \u00fa\u010dastn\u00edci kl\u00e1st ot\u00e1zky na\u0161im \u0159e\u010dn\u00edk\u016fm. Bro\u017eurka s cit\u00e1ty z jejich projev\u016f a tak\u00e9 power point Soufiane <span style=\"font-weight: 400;\">El Amrani bylo zp\u0159\u00edstupn\u011bno v\u0161em \u00fa\u010dastn\u00edk\u016fm. Toto lze st\u00e1hnout v angli\u010dtin\u011b <a href=\"https:\/\/drive.google.com\/file\/d\/1SVsLWWYytRREpmbalTXhit8NbVKCsVkB\/view?usp=share_link\">tady<\/a>.<\/span><\/p>\n<p>V pr\u016fb\u011bhu organizace t\u00e9to akce i b\u011bhem diskuse b\u011bhem akce a po n\u00ed sestavuje EU pro trisomii 21 seznam doporu\u010den\u00ed, kter\u00e1 by EU m\u011bla vz\u00edt v \u00favahu p\u0159i pr\u00e1ci na tom, aby byly volby do Evropsk\u00e9ho parlamentu v roce 2024 skute\u010dn\u011b dostupn\u00e9 pro lidi s Downov\u00fdm syndromem. Syndrom ve v\u0161ech zem\u00edch EU. Tento dokument bude p\u0159ed\u00e1n Komisi a Evropsk\u00e9mu parlamentu na Sv\u011btov\u00fd den Downova syndromu 21. b\u0159ezna 2023.<\/p>\n<p><strong>Na\u0161e dal\u0161\u00ed akce: Time for More Visibility se bude konat 16. b\u0159ezna v 18 hodin.\u00a0<\/strong><\/p>","protected":false},"excerpt":{"rendered":"<p>YouTube Link: Magyar (Hungarian), Rom\u00e2n (Romanian), Fran\u00e7ais (French), Deutsch (German), Polski (Polski), \u03b5\u03bb\u03bb\u03b7\u03bd\u03b9\u03ba\u03ac (Greek) You can take a look at&hellip;<\/p>","protected":false},"author":3,"featured_media":0,"comment_status":"closed","ping_status":"closed","sticky":false,"template":"","format":"standard","meta":{"_acf_changed":false,"footnotes":""},"categories":[45],"tags":[],"class_list":["post-33345","post","type-post","status-publish","format-standard","hentry","category-21-march-21"],"acf":[],"_links":{"self":[{"href":"https:\/\/eufortrisomy21.eu\/cs\/wp-json\/wp\/v2\/posts\/33345"}],"collection":[{"href":"https:\/\/eufortrisomy21.eu\/cs\/wp-json\/wp\/v2\/posts"}],"about":[{"href":"https:\/\/eufortrisomy21.eu\/cs\/wp-json\/wp\/v2\/types\/post"}],"author":[{"embeddable":true,"href":"https:\/\/eufortrisomy21.eu\/cs\/wp-json\/wp\/v2\/users\/3"}],"replies":[{"embeddable":true,"href":"https:\/\/eufortrisomy21.eu\/cs\/wp-json\/wp\/v2\/comments?post=33345"}],"version-history":[{"count":3,"href":"https:\/\/eufortrisomy21.eu\/cs\/wp-json\/wp\/v2\/posts\/33345\/revisions"}],"predecessor-version":[{"id":33626,"href":"https:\/\/eufortrisomy21.eu\/cs\/wp-json\/wp\/v2\/posts\/33345\/revisions\/33626"}],"wp:attachment":[{"href":"https:\/\/eufortrisomy21.eu\/cs\/wp-json\/wp\/v2\/media?parent=33345"}],"wp:term":[{"taxonomy":"category","embeddable":true,"href":"https:\/\/eufortrisomy21.eu\/cs\/wp-json\/wp\/v2\/categories?post=33345"},{"taxonomy":"post_tag","embeddable":true,"href":"https:\/\/eufortrisomy21.eu\/cs\/wp-json\/wp\/v2\/tags?post=33345"}],"curies":[{"name":"wp","href":"https:\/\/api.w.org\/{rel}","templated":true}]}}