{"id":30925,"date":"2021-02-19T16:40:13","date_gmt":"2021-02-19T15:40:13","guid":{"rendered":"https:\/\/eufortrisomy21.eu\/?p=30925"},"modified":"2021-02-23T15:00:23","modified_gmt":"2021-02-23T14:00:23","slug":"focus-on-the-21st-of-march-2021-lets-celebrate-world-down-syndrome-day-in-europe","status":"publish","type":"post","link":"https:\/\/eufortrisomy21.eu\/da\/focus-on-the-21st-of-march-2021-lets-celebrate-world-down-syndrome-day-in-europe\/","title":{"rendered":"Pressemeddelelse: Fokuser den 21. marts 2021. Lad os fejre World Down syndrom i Europa!"},"content":{"rendered":"<p><img loading=\"lazy\" decoding=\"async\" class=\"size-medium wp-image-20686 alignright\" src=\"https:\/\/eufortrisomy21.eu\/wp-content\/uploads\/2020\/11\/Logo_EUforTrisomy21-Couleur-300x213.png\" alt=\"\" width=\"300\" height=\"213\" srcset=\"https:\/\/eufortrisomy21.eu\/wp-content\/uploads\/2020\/11\/Logo_EUforTrisomy21-Couleur-300x213.png 300w, https:\/\/eufortrisomy21.eu\/wp-content\/uploads\/2020\/11\/Logo_EUforTrisomy21-Couleur-1024x727.png 1024w, https:\/\/eufortrisomy21.eu\/wp-content\/uploads\/2020\/11\/Logo_EUforTrisomy21-Couleur-768x545.png 768w, https:\/\/eufortrisomy21.eu\/wp-content\/uploads\/2020\/11\/Logo_EUforTrisomy21-Couleur.png 1429w\" sizes=\"(max-width: 300px) 100vw, 300px\" \/>Den n\u00e6ste udgave af World Down Syndrome Day (21<sup>St.<\/sup> marts som besluttet af United Nation) kr\u00e6ver et s\u00e6rligt momentum, da det finder sted i 2021 og Downs syndrom er medicinsk kendt som trisomi 21!<\/p>\n<p>I dette perspektiv kom et f\u00e6llesskab af for\u00e6ldre til b\u00f8rn med Downs syndrom fra hele Europa sammen under EUfortrisomy21 -m\u00e6rket. Takket v\u00e6re en gruppe for\u00e6ldre, der startede forberedelserne, er 16 lande allerede repr\u00e6senteret i EUfortrisomy21 -m\u00e6rket, der giver en europ\u00e6isk dimension til fejring af World Down Syndrome Day.<\/p>\n<p>Hvad binder dem sammen: deres beslutsomhed om at g\u00f8re 2021 til et \u00e5r dedikeret til mennesker med Downs syndrom; et \u00e5r for at \u00e6re dem, for at give dem deres retm\u00e6ssige plads i det europ\u00e6iske samfund.<\/p>\n<p>For den 21<sup>St.<\/sup> marts vil der blive foresl\u00e5et tre projekter for at fejre denne dato p\u00e5 europ\u00e6isk plan. Det s\u00e6rlige ved disse projekter vil blive kommunikeret i l\u00f8bet af februar m\u00e5ned: et projekt at gl\u00e6de sig over, et projekt der skal reflekteres og et projekt at handle.<\/p>\n<p><strong>Kontakt: press@eufortrisomy21.eu <\/strong><\/p>\n<p><u>EUfortrisomi21<\/u> er et f\u00e6llesskab af for\u00e6ldre til b\u00f8rn med Downs syndrom, forenet for at fremme rettighederne for mennesker med Downs syndrom inden for 4 prioriterede omr\u00e5der: synlighed, ikke-diskrimination, sundhed, autonomi.<\/p>","protected":false},"excerpt":{"rendered":"<p>The next edition of World Down Syndrome Day (21st of March as decided by United Nation) calls for a special&hellip;<\/p>","protected":false},"author":2,"featured_media":0,"comment_status":"closed","ping_status":"closed","sticky":false,"template":"","format":"standard","meta":{"_acf_changed":false,"footnotes":""},"categories":[45],"tags":[],"class_list":["post-30925","post","type-post","status-publish","format-standard","hentry","category-21-march-21"],"acf":[],"_links":{"self":[{"href":"https:\/\/eufortrisomy21.eu\/da\/wp-json\/wp\/v2\/posts\/30925"}],"collection":[{"href":"https:\/\/eufortrisomy21.eu\/da\/wp-json\/wp\/v2\/posts"}],"about":[{"href":"https:\/\/eufortrisomy21.eu\/da\/wp-json\/wp\/v2\/types\/post"}],"author":[{"embeddable":true,"href":"https:\/\/eufortrisomy21.eu\/da\/wp-json\/wp\/v2\/users\/2"}],"replies":[{"embeddable":true,"href":"https:\/\/eufortrisomy21.eu\/da\/wp-json\/wp\/v2\/comments?post=30925"}],"version-history":[{"count":0,"href":"https:\/\/eufortrisomy21.eu\/da\/wp-json\/wp\/v2\/posts\/30925\/revisions"}],"wp:attachment":[{"href":"https:\/\/eufortrisomy21.eu\/da\/wp-json\/wp\/v2\/media?parent=30925"}],"wp:term":[{"taxonomy":"category","embeddable":true,"href":"https:\/\/eufortrisomy21.eu\/da\/wp-json\/wp\/v2\/categories?post=30925"},{"taxonomy":"post_tag","embeddable":true,"href":"https:\/\/eufortrisomy21.eu\/da\/wp-json\/wp\/v2\/tags?post=30925"}],"curies":[{"name":"wp","href":"https:\/\/api.w.org\/{rel}","templated":true}]}}