{"id":31446,"date":"2021-03-09T10:19:38","date_gmt":"2021-03-09T09:19:38","guid":{"rendered":"https:\/\/eufortrisomy21.eu\/?p=31446"},"modified":"2021-03-09T10:20:49","modified_gmt":"2021-03-09T09:20:49","slug":"press-release-one-dancing-challenge-to-join-in-the-celebration","status":"publish","type":"post","link":"https:\/\/eufortrisomy21.eu\/da\/press-release-one-dancing-challenge-to-join-in-the-celebration\/","title":{"rendered":"Pressemeddelelse: En dansudfordring til at deltage i fejringen!"},"content":{"rendered":"<p style=\"text-align: right;\"><img loading=\"lazy\" decoding=\"async\" class=\"size-medium wp-image-14470 alignleft\" src=\"https:\/\/eufortrisomy21.eu\/wp-content\/uploads\/2020\/02\/Banniere7-300x120.jpg\" alt=\"\" width=\"300\" height=\"120\" srcset=\"https:\/\/eufortrisomy21.eu\/wp-content\/uploads\/2020\/02\/Banniere7-300x120.jpg 300w, https:\/\/eufortrisomy21.eu\/wp-content\/uploads\/2020\/02\/Banniere7-1024x410.jpg 1024w, https:\/\/eufortrisomy21.eu\/wp-content\/uploads\/2020\/02\/Banniere7-768x307.jpg 768w, https:\/\/eufortrisomy21.eu\/wp-content\/uploads\/2020\/02\/Banniere7-1536x614.jpg 1536w, https:\/\/eufortrisomy21.eu\/wp-content\/uploads\/2020\/02\/Banniere7.jpg 2000w\" sizes=\"(max-width: 300px) 100vw, 300px\" \/>Pressemeddelelse<\/p>\n<p style=\"text-align: right;\">Bruxelles<\/p>\n<p style=\"text-align: right;\">3 marts 2021<\/p>\n<p>&nbsp;<\/p>\n<h2 style=\"text-align: center;\"><span style=\"color: #99ccff;\"><strong>Lad os fejre den 21. marts sammen <\/strong><\/span><\/h2>\n<h2 style=\"text-align: center;\"><strong><span style=\"color: #ffcc00;\">1<\/span> Dans <span style=\"color: #ffcc00;\">udfordring <\/span><\/strong>at deltage i fejringen!<\/h2>\n<p>Den n\u00e6ste <em>Den internationale dag for trisomi 21<\/em> finder sted s\u00f8ndag den 21. marts<span style=\"color: #99ccff;\"><strong>21<\/strong><\/span>. For at fejre denne emblematiske dato for personer med Downs syndrom (ogs\u00e5 kaldet trisomi) <span style=\"color: #99ccff;\"><strong>21<\/strong><\/span>), <em>EU for trisomi21<\/em> foresl\u00e5r tre projekter. Fokus p\u00e5 den dansende udfordring at s\u00e6tte lyset ind for personer med Downs syndrom: en koreografi at danse for at gl\u00e6de sig, for at fejre sammen med personer med Downs syndrom.<\/p>\n<h4><span style=\"color: #ffcc00;\"><strong>1. Koreografien<\/strong><\/span><\/h4>\n<p>Det er blevet forestillet af en koreograf, der plejede at arbejde i et dedikeret center for personer med Downs syndrom. Musikken er et uddrag fra den sidste single af den franske kunstner Kimberose: \u00ab\u00a0<em>P\u00e5 fode igen\u00ab.<\/em><\/p>\n<h4><span style=\"color: #99ccff;\"><strong>2. Udfordringen \u00abDans til den 21. marts \u2013 den internationale dag for trisomi 21\u00bb<\/strong><\/span><\/h4>\n<p>Det er blevet lanceret p\u00e5 sociale medier d <strong><span style=\"color: #99ccff;\">den 3. marts 2021<\/span><\/strong>.<\/p>\n<p>Den henvender sig til borgere i europ\u00e6iske lande; alle er inviteret til at deltage i udfordringen:<\/p>\n<ul>\n<li>At udtrykke gl\u00e6den og \u00e6re vores n\u00e6rmeste med Downs syndrom;<\/li>\n<li>At l\u00e6re personer med Downs syndrom at kende i vores samfund;<\/li>\n<li>At udtrykke en kollektiv taknemmelighed for den s\u00e6rlige position, mennesker med Downs syndrom har i vores samfund, som skal understreges: en v\u00e6sentlig del af vores samfund.<\/li>\n<\/ul>\n<p>Helt konkret:<\/p>\n<ul>\n<li>Alle l\u00e6rer koreografien, registrerer sig selv, l\u00e6gger den ud p\u00e5 sociale medier og spreder opslagene fra<em> EU for trisomi21<\/em>.<\/li>\n<li>Brug af f\u00f8lgende hashtags: <span style=\"color: #99ccff;\"><strong>#EUfortrisomi21<\/strong><strong> #udfordring #downsyndrom<\/strong><\/span><\/li>\n<\/ul>\n<h4><strong><span style=\"color: #ffcc00;\">3. Dresscode (hvis muligt)<\/span><\/strong><\/h4>\n<p>Op : hvid \/ Ned : bl\u00e5 \/ Umatchede sokker eller sko<\/p>\n<h4><strong><span style=\"color: #99ccff;\">4. EUfortrisomi21<\/span><\/strong><\/h4>\n<p>EUfortrisomy21 er et f\u00e6llesskab af for\u00e6ldre til personer med Downs syndrom i hele Europa: <strong><span style=\"color: #99ccff;\">19 lande er involveret<\/span><\/strong> repr\u00e6senterer <strong><span style=\"color: #99ccff;\">55 foreninger<\/span><\/strong> hvem er <strong><span style=\"color: #99ccff;\">partnere<\/span><\/strong> af EUforTrisomy21-projektet for 2021-udgaven af den internationale dag for Trisomy 21.<\/p>\n<p>&nbsp;<\/p>\n<p style=\"text-align: center;\">Kontakt: contact@eufortrisomy21.eu<\/p>\n<p style=\"text-align: right;\"><a href=\"https:\/\/eufortrisomy21.eu\/wp-content\/uploads\/2021\/03\/EN-EUfortrisomy21-dancing-video-03-03-21.pdf\" target=\"_blank\" rel=\"noopener\">Klik her<\/a> for at downloade pressemeddelelsen<\/p>","protected":false},"excerpt":{"rendered":"<p>The next International Day of Trisomy 21 will take place on Sunday 21st March 2021. In order to celebrate this&hellip;<\/p>","protected":false},"author":3,"featured_media":0,"comment_status":"closed","ping_status":"closed","sticky":false,"template":"","format":"standard","meta":{"_acf_changed":false,"footnotes":""},"categories":[45],"tags":[],"class_list":["post-31446","post","type-post","status-publish","format-standard","hentry","category-21-march-21"],"acf":[],"_links":{"self":[{"href":"https:\/\/eufortrisomy21.eu\/da\/wp-json\/wp\/v2\/posts\/31446"}],"collection":[{"href":"https:\/\/eufortrisomy21.eu\/da\/wp-json\/wp\/v2\/posts"}],"about":[{"href":"https:\/\/eufortrisomy21.eu\/da\/wp-json\/wp\/v2\/types\/post"}],"author":[{"embeddable":true,"href":"https:\/\/eufortrisomy21.eu\/da\/wp-json\/wp\/v2\/users\/3"}],"replies":[{"embeddable":true,"href":"https:\/\/eufortrisomy21.eu\/da\/wp-json\/wp\/v2\/comments?post=31446"}],"version-history":[{"count":0,"href":"https:\/\/eufortrisomy21.eu\/da\/wp-json\/wp\/v2\/posts\/31446\/revisions"}],"wp:attachment":[{"href":"https:\/\/eufortrisomy21.eu\/da\/wp-json\/wp\/v2\/media?parent=31446"}],"wp:term":[{"taxonomy":"category","embeddable":true,"href":"https:\/\/eufortrisomy21.eu\/da\/wp-json\/wp\/v2\/categories?post=31446"},{"taxonomy":"post_tag","embeddable":true,"href":"https:\/\/eufortrisomy21.eu\/da\/wp-json\/wp\/v2\/tags?post=31446"}],"curies":[{"name":"wp","href":"https:\/\/api.w.org\/{rel}","templated":true}]}}