{"id":31637,"date":"2021-03-11T16:22:13","date_gmt":"2021-03-11T15:22:13","guid":{"rendered":"https:\/\/eufortrisomy21.eu\/?p=31637"},"modified":"2021-03-11T16:25:52","modified_gmt":"2021-03-11T15:25:52","slug":"press-release-focus-on-the-online-conference","status":"publish","type":"post","link":"https:\/\/eufortrisomy21.eu\/da\/press-release-focus-on-the-online-conference\/","title":{"rendered":"Pressemeddelelse: Fokus p\u00e5 (online) KONFERENCEN"},"content":{"rendered":"<p style=\"text-align: right;\"><img loading=\"lazy\" decoding=\"async\" class=\"size-medium wp-image-14470 alignleft\" src=\"https:\/\/eufortrisomy21.eu\/wp-content\/uploads\/2020\/02\/Banniere7-300x120.jpg\" alt=\"\" width=\"300\" height=\"120\" srcset=\"https:\/\/eufortrisomy21.eu\/wp-content\/uploads\/2020\/02\/Banniere7-300x120.jpg 300w, https:\/\/eufortrisomy21.eu\/wp-content\/uploads\/2020\/02\/Banniere7-1024x410.jpg 1024w, https:\/\/eufortrisomy21.eu\/wp-content\/uploads\/2020\/02\/Banniere7-768x307.jpg 768w, https:\/\/eufortrisomy21.eu\/wp-content\/uploads\/2020\/02\/Banniere7-1536x614.jpg 1536w, https:\/\/eufortrisomy21.eu\/wp-content\/uploads\/2020\/02\/Banniere7.jpg 2000w\" sizes=\"(max-width: 300px) 100vw, 300px\" \/>Pressemeddelelse<\/p>\n<p style=\"text-align: right;\">Bruxelles<\/p>\n<p style=\"text-align: right;\">10 marts 2021<\/p>\n<p>&nbsp;<\/p>\n<h2 style=\"text-align: center;\"><span style=\"color: #99ccff;\">3 projekter for at fejre World Down Syndrome Day \u00a0<\/span><\/h2>\n<h2 style=\"text-align: center;\"><span style=\"color: #ffcc00;\"><span class=\"fontstyle0\">Fokus p\u00e5 (online) <\/span><span class=\"fontstyle2\">KONFERENCE<\/span><\/span><\/h2>\n<h2 style=\"text-align: center;\"><span style=\"color: #000000;\">\u00a0<span class=\"fontstyle0\">Trisomi 21: Hvad kan Europa g\u00f8re?<\/span><\/span><\/h2>\n<p style=\"text-align: center;\">\u00a0<span class=\"fontstyle0\">For at fejre den internationale dag for trisomi 21, <em>EUfortrisomi21<\/em> arrangerer en konference<br \/>\n<\/span><span class=\"fontstyle2\"><span style=\"color: #99ccff;\"><strong>Torsdag den 18. marts 2021 fra kl. 14 til 15.30<\/strong><\/span><br \/>\n<\/span><span class=\"fontstyle0\">(Bruxelles tidszone)<\/span><\/p>\n<p><span style=\"color: #ffcc00;\"><span style=\"color: #333333;\"><span class=\"fontstyle0\">Ekspertfor\u00e6ldre, en person med Downs syndrom og MEP&#039;er (Ms. Estrella Dura (S&amp;D), Ms. Katrin Langensiepen (De Gr\u00f8nne), Ms. Radka Maxova (Renew), Mr. Fran\u00e7ois-Xavier Bellamy (PPE), Mr. Patrick Jaki (ECR)) vil tale om store problemer for mennesker med Downs syndrom: synlighed, autonomi, inklusion, ikke-forskelsbehandling og v\u00e6rdighed.<\/span><\/span><\/span><\/p>\n<p><span style=\"color: #ffcc00;\"><span style=\"color: #333333;\"><span class=\"fontstyle0\"><img loading=\"lazy\" decoding=\"async\" class=\"size-medium wp-image-31642 alignleft\" src=\"https:\/\/eufortrisomy21.eu\/wp-content\/uploads\/2021\/03\/Trisomy-21-What-can-Europe-do-253x300.jpg\" alt=\"\" width=\"253\" height=\"300\" srcset=\"https:\/\/eufortrisomy21.eu\/wp-content\/uploads\/2021\/03\/Trisomy-21-What-can-Europe-do-253x300.jpg 253w, https:\/\/eufortrisomy21.eu\/wp-content\/uploads\/2021\/03\/Trisomy-21-What-can-Europe-do-10x12.jpg 10w, https:\/\/eufortrisomy21.eu\/wp-content\/uploads\/2021\/03\/Trisomy-21-What-can-Europe-do.jpg 708w\" sizes=\"(max-width: 253px) 100vw, 253px\" \/>Disse indgreb og diskussioner vil v\u00e6re nyttige for debatten om <\/span><span class=\"fontstyle2\">Ligestillingsforening: <strong>Strategi for rettigheder for personer med handicap 2021-2030 <\/strong><\/span><span class=\"fontstyle0\">(meddelt af Europa-Parlamentet den 3<\/span><span class=\"fontstyle0\">rd <\/span><span class=\"fontstyle0\">marts).<\/span><\/span><strong><span class=\"fontstyle0\"><br \/>\n<\/span><\/strong><\/span><\/p>\n<p><span style=\"color: #333333;\"><span class=\"fontstyle0\">En overs\u00e6ttelse er planlagt til:<br \/>\n<\/span><\/span><\/p>\n<ul>\n<li><span style=\"color: #333333;\"><span class=\"fontstyle0\">engelsk<\/span><\/span><\/li>\n<li><span style=\"color: #333333;\"><span class=\"fontstyle0\">Tysk (normalt og let sprog)<\/span><\/span><\/li>\n<li><span style=\"color: #333333;\"><span class=\"fontstyle0\">spansk<\/span><\/span><\/li>\n<li><span style=\"color: #333333;\"><span class=\"fontstyle0\">fransk<\/span><\/span><\/li>\n<\/ul>\n<p style=\"text-align: center;\"><span style=\"color: #ffcc00;\"><span class=\"fontstyle0\" style=\"color: #333333;\">Hvis du \u00f8nsker det <\/span><strong><span class=\"fontstyle3\">deltage i konferencen<\/span><\/strong><span class=\"fontstyle0\" style=\"color: #333333;\">, tilmeld dig venligst<\/span><strong><span class=\"fontstyle0\"><br \/>\n<\/span><a href=\"mailto:contact@eufortrisomy21.eu\"><span class=\"fontstyle0\">contact@eufortrisomy21.eu<\/span><\/a><\/strong><\/span><\/p>\n<p>&nbsp;<\/p>\n<p style=\"text-align: center;\"><span class=\"fontstyle0\">EUfortrisomi21 <\/span><span class=\"fontstyle2\">er et samfund af for\u00e6ldre til b\u00f8rn med Downs syndrom,<br \/>\nforenet for at fremme rettighederne for mennesker med Downs syndrom inden for 4 prioriterede omr\u00e5der:<br \/>\nsynlighed, ikke-diskrimination, sundhed, autonomi<\/span><\/p>\n<p style=\"text-align: center;\"><strong>Kontakt<\/strong> : contact@eufortrisomy21.eu<\/p>\n<p style=\"text-align: right;\"><a href=\"https:\/\/eufortrisomy21.eu\/wp-content\/uploads\/2021\/03\/2021-03-11-EN-PRESS-RELEASE-conference.pdf\" target=\"_blank\" rel=\"noopener\">Klik her <\/a>for at downloade pressemeddelelsen<\/p>","protected":false},"excerpt":{"rendered":"<p>\u00a0To celebrate the International Day of Trisomy 21, EUfortrisomy21 organizes a conference Thursday 18th March 2021 from 2 to 3:30&hellip;<\/p>","protected":false},"author":3,"featured_media":0,"comment_status":"closed","ping_status":"closed","sticky":false,"template":"","format":"standard","meta":{"_acf_changed":false,"footnotes":""},"categories":[45],"tags":[],"class_list":["post-31637","post","type-post","status-publish","format-standard","hentry","category-21-march-21"],"acf":[],"_links":{"self":[{"href":"https:\/\/eufortrisomy21.eu\/da\/wp-json\/wp\/v2\/posts\/31637"}],"collection":[{"href":"https:\/\/eufortrisomy21.eu\/da\/wp-json\/wp\/v2\/posts"}],"about":[{"href":"https:\/\/eufortrisomy21.eu\/da\/wp-json\/wp\/v2\/types\/post"}],"author":[{"embeddable":true,"href":"https:\/\/eufortrisomy21.eu\/da\/wp-json\/wp\/v2\/users\/3"}],"replies":[{"embeddable":true,"href":"https:\/\/eufortrisomy21.eu\/da\/wp-json\/wp\/v2\/comments?post=31637"}],"version-history":[{"count":0,"href":"https:\/\/eufortrisomy21.eu\/da\/wp-json\/wp\/v2\/posts\/31637\/revisions"}],"wp:attachment":[{"href":"https:\/\/eufortrisomy21.eu\/da\/wp-json\/wp\/v2\/media?parent=31637"}],"wp:term":[{"taxonomy":"category","embeddable":true,"href":"https:\/\/eufortrisomy21.eu\/da\/wp-json\/wp\/v2\/categories?post=31637"},{"taxonomy":"post_tag","embeddable":true,"href":"https:\/\/eufortrisomy21.eu\/da\/wp-json\/wp\/v2\/tags?post=31637"}],"curies":[{"name":"wp","href":"https:\/\/api.w.org\/{rel}","templated":true}]}}