{"id":32350,"date":"2021-06-24T17:12:45","date_gmt":"2021-06-24T15:12:45","guid":{"rendered":"https:\/\/eufortrisomy21.eu\/?p=32350"},"modified":"2022-07-22T10:28:28","modified_gmt":"2022-07-22T08:28:28","slug":"online-conference-improving-the-visibility-of-people-with-down-syndrome-an-emergency-for-europe","status":"publish","type":"post","link":"https:\/\/eufortrisomy21.eu\/da\/online-conference-improving-the-visibility-of-people-with-down-syndrome-an-emergency-for-europe\/","title":{"rendered":"Onlinekonference - 8. juli 2021 - Forbedring af synligheden for mennesker med Downs syndrom"},"content":{"rendered":"<p style=\"text-align: right;\"><img loading=\"lazy\" decoding=\"async\" class=\"size-medium wp-image-14470 alignleft\" src=\"https:\/\/eufortrisomy21.eu\/wp-content\/uploads\/2020\/02\/Banniere7-300x120.jpg\" alt=\"\" width=\"300\" height=\"120\" srcset=\"https:\/\/eufortrisomy21.eu\/wp-content\/uploads\/2020\/02\/Banniere7-300x120.jpg 300w, https:\/\/eufortrisomy21.eu\/wp-content\/uploads\/2020\/02\/Banniere7-1024x410.jpg 1024w, https:\/\/eufortrisomy21.eu\/wp-content\/uploads\/2020\/02\/Banniere7-768x307.jpg 768w, https:\/\/eufortrisomy21.eu\/wp-content\/uploads\/2020\/02\/Banniere7-1536x614.jpg 1536w, https:\/\/eufortrisomy21.eu\/wp-content\/uploads\/2020\/02\/Banniere7.jpg 2000w\" sizes=\"(max-width: 300px) 100vw, 300px\" \/><\/p>\n<p>&nbsp;<\/p>\n<p>&nbsp;<\/p>\n<p>&nbsp;<\/p>\n<p>&nbsp;<\/p>\n<h2 style=\"text-align: center;\">Forbedring af synligheden af mennesker med Downs syndrom: en n\u00f8dsituation for Europa. Hvorfor? Hvordan?<\/h2>\n<p>Forbedring af synligheden for mennesker med Downs syndrom i Europa b\u00f8r v\u00e6re en stor debat i <a href=\"https:\/\/futureu.europa.eu\/\" target=\"_blank\" rel=\"noopener\">borgerkonsultation for Europas fremtid<\/a>.<\/p>\n<p><strong><a href=\"https:\/\/docs.google.com\/forms\/d\/e\/1FAIpQLSfcweCVPOG7YO_JwvF9NAbhpVdDDrUbxl59EM7JJ17kPaB95Q\/viewform\" target=\"_blank\" rel=\"noopener\">Tilmeld dig her<\/a> <\/strong>at deltage i EUfortrisomy21 onlinekonference om <strong>8. juli kl. 18.00 (Bruxelles -tid)<\/strong> og bidrage til online -debatterne i borgerkonsultationen om &quot;Europas fremtid&quot; for at forbedre synligheden af mennesker med Downs syndrom.<\/p>\n<p><strong>Sprog :<\/strong> Engelsk, spansk, fransk, tysk, tysk letsproget, tjekkisk og italiensk<\/p>\n<p>&nbsp;<\/p>\n<h2><u>Program:<\/u><\/h2>\n<p><strong>Introduktion : <\/strong>Brando Benifei (medlem af Europa -Parlamentet - Italien)<\/p>\n<p><strong>Del 1: Kontroversielle tilf\u00e6lde af diskrimination i Europa\u00a0<\/strong><\/p>\n<ul>\n<li>K\u00e6re fremtidige mor - Riccardo Bianchi - Coordown (IT)<\/li>\n<li>K\u00e6re fremtidige mor (censur og sagen foran EMK) - Lucie Pacherie - Fondation J\u00e9r\u00f4me Lejeune (FR)<\/li>\n<li>Arcadi Spada -sag (SP) og Richard Dawkins -sag - Raquel del Barrio (referentfor\u00e6lder i EU for Trisomy 21 i Spanien)<\/li>\n<\/ul>\n<p><strong>Del 2: Hvorfor eksisterer denne diskriminationstale stadig i Europa?<\/strong><\/p>\n<ul>\n<li>Filosof: Danielle Moyse (FR)<\/li>\n<li>Tina Sander (foreningsstifter): #NoNIPT -kampagne i Tyskland (GE)<\/li>\n<li>Selvadvokat: Natalie Dedreux-blogger og journalist (GE)<\/li>\n<\/ul>\n<p><strong>Del 3: Hvordan handler man for at fremme v\u00e6rdighed og favorisere synlighed for mennesker med trisomi 21?<\/strong><\/p>\n<ul>\n<li>Selvadvokat: Caterina Moretti (SP)<\/li>\n<li>Video af fru Dubravka Suica, medlem af Europa -Kommissionen formand for konferencen for Europas fremtid<\/li>\n<\/ul>\n<p><strong>Sp\u00f8rgsm\u00e5l og svar<\/strong><\/p>\n<p><strong>Konklusion: <\/strong>Fru Radka Maxova (medlem af Europa -Parlamentet - Tjekkiet)<\/p>\n<p id=\"tw-target-text\" class=\"tw-data-text tw-text-large XcVN5d tw-ta\" data-placeholder=\"Traduction\">Replay -videoerne fra vores online konference er tilg\u00e6ngelige <a href=\"https:\/\/www.youtube.com\/channel\/UCFbORaGOrc9HBNBSK7DG-nQ?app=desktop&amp;pli=1\" target=\"_blank\" rel=\"noopener\">p\u00e5 vores YouTube -kanal<\/a>.<\/p>\n<p style=\"text-align: center;\"><span class=\"fontstyle0\">EUfortrisomi21 <\/span><span class=\"fontstyle2\">er et samfund af for\u00e6ldre til b\u00f8rn med Downs syndrom,<br \/>\nforenet for at fremme rettighederne for mennesker med Downs syndrom inden for 4 prioriterede omr\u00e5der:<br \/>\nsynlighed, ikke-diskrimination, sundhed, autonomi<\/span><\/p>\n<p style=\"text-align: center;\"><strong>Kontakt<\/strong> : contact@eufortrisomy21.eu<\/p>\n<p style=\"text-align: right;\">","protected":false},"excerpt":{"rendered":"<p>Improving the visibility of people with Down syndrome in Europe should be a major debate in the citizen\u2019s consultation for&hellip;<\/p>","protected":false},"author":3,"featured_media":0,"comment_status":"closed","ping_status":"closed","sticky":false,"template":"","format":"standard","meta":{"_acf_changed":false,"footnotes":""},"categories":[45],"tags":[],"class_list":["post-32350","post","type-post","status-publish","format-standard","hentry","category-21-march-21"],"acf":[],"_links":{"self":[{"href":"https:\/\/eufortrisomy21.eu\/da\/wp-json\/wp\/v2\/posts\/32350"}],"collection":[{"href":"https:\/\/eufortrisomy21.eu\/da\/wp-json\/wp\/v2\/posts"}],"about":[{"href":"https:\/\/eufortrisomy21.eu\/da\/wp-json\/wp\/v2\/types\/post"}],"author":[{"embeddable":true,"href":"https:\/\/eufortrisomy21.eu\/da\/wp-json\/wp\/v2\/users\/3"}],"replies":[{"embeddable":true,"href":"https:\/\/eufortrisomy21.eu\/da\/wp-json\/wp\/v2\/comments?post=32350"}],"version-history":[{"count":0,"href":"https:\/\/eufortrisomy21.eu\/da\/wp-json\/wp\/v2\/posts\/32350\/revisions"}],"wp:attachment":[{"href":"https:\/\/eufortrisomy21.eu\/da\/wp-json\/wp\/v2\/media?parent=32350"}],"wp:term":[{"taxonomy":"category","embeddable":true,"href":"https:\/\/eufortrisomy21.eu\/da\/wp-json\/wp\/v2\/categories?post=32350"},{"taxonomy":"post_tag","embeddable":true,"href":"https:\/\/eufortrisomy21.eu\/da\/wp-json\/wp\/v2\/tags?post=32350"}],"curies":[{"name":"wp","href":"https:\/\/api.w.org\/{rel}","templated":true}]}}