{"id":33030,"date":"2022-02-26T10:06:54","date_gmt":"2022-02-26T09:06:54","guid":{"rendered":"https:\/\/eufortrisomy21.eu\/?p=33030"},"modified":"2022-09-28T15:16:19","modified_gmt":"2022-09-28T13:16:19","slug":"eu-for-trisomy-21-statement-on-ukraine-conflict","status":"publish","type":"post","link":"https:\/\/eufortrisomy21.eu\/da\/eu-for-trisomy-21-statement-on-ukraine-conflict\/","title":{"rendered":"EU for Trisomi 21-erkl\u00e6ring om Ukraine-konflikten"},"content":{"rendered":"<p><strong><img loading=\"lazy\" decoding=\"async\" class=\"wp-image-33031 alignleft\" src=\"https:\/\/eufortrisomy21.eu\/wp-content\/uploads\/2022\/03\/Untitled-design-5-300x169.png\" alt=\"\" width=\"303\" height=\"171\" srcset=\"https:\/\/eufortrisomy21.eu\/wp-content\/uploads\/2022\/03\/Untitled-design-5-300x169.png 300w, https:\/\/eufortrisomy21.eu\/wp-content\/uploads\/2022\/03\/Untitled-design-5-1024x577.png 1024w, https:\/\/eufortrisomy21.eu\/wp-content\/uploads\/2022\/03\/Untitled-design-5-768x433.png 768w, https:\/\/eufortrisomy21.eu\/wp-content\/uploads\/2022\/03\/Untitled-design-5-1536x865.png 1536w, https:\/\/eufortrisomy21.eu\/wp-content\/uploads\/2022\/03\/Untitled-design-5-18x10.png 18w, https:\/\/eufortrisomy21.eu\/wp-content\/uploads\/2022\/03\/Untitled-design-5.png 1640w\" sizes=\"(max-width: 303px) 100vw, 303px\" \/>Bruxelles, <\/strong>26. februar 2022 \u2013 <span style=\"font-weight: 400;\">EU for Trisomi 21 st\u00e5r i solidaritet med befolkningen i Ukraine, med sorgen, sorgen og \u00f8del\u00e6ggelsen for ethvert ofre for denne konflikt. I enhver humanit\u00e6r krise og v\u00e6bnet konflikt st\u00e5r mennesker med Trisomi 21 eller andre handicaps over for st\u00f8rre risiko for vold, for at blive efterladt p\u00e5 flugt, for at d\u00f8. If\u00f8lge Disability Rights Internationals 2015 &quot;No Way Home&quot;-rapport er over 2,7 millioner mennesker med handicap registreret i Ukraine, og over 82 tusinde b\u00f8rn bor i institutioner, adskilt fra samfundet. Mange af dem er b\u00f8rn med Trisomi 21.<\/span><\/p>\n<p><span style=\"font-weight: 400;\">\u00d8del\u00e6ggelsen af mange af de st\u00f8rre byer og kaoset som f\u00f8lge af denne meningsl\u00f8se konflikt vil have en \u00f8jeblikkelig effekt p\u00e5 ledelsen og plejen i disse faciliteter, med rygter om, at nogle af dem allerede er ved at blive forladt.\u00a0<\/span><\/p>\n<p><span style=\"font-weight: 400;\">Vi opfordrer indtr\u00e6ngende det europ\u00e6iske samfund og alle lande, der er dedikeret til fred, solidaritet og respekt for international lov, til at vise solidaritet med det ukrainske folk og bruge alle de midler, de har til r\u00e5dighed, for hurtigt at afslutte denne aggression og genoprette freden.<\/span><\/p>\n<p><span style=\"font-weight: 400;\">Vi tilslutter os indsatsen, som ligesindede organisationer som EDSA, European Disability Forum og Down Syndrome international st\u00e5r i spidsen for i deres \u00e5bne brev til lederen af de europ\u00e6iske institutioner, europ\u00e6iske, russiske og ukrainske statsoverhoveder og NATO fra den 24. februar 2022, som kan <\/span><a href=\"https:\/\/www.edf-feph.org\/protection-and-safety-of-persons-with-disabilities-in-ukraine\/#:~:text=There%20are%202.7%20million%20persons,persons%20with%20disabilities%20is%20appalling.\"><span style=\"font-weight: 400;\">l\u00e6s i sin helhed her.<\/span><\/a><\/p>\n<p><span style=\"font-weight: 400;\">Vi \u00f8nsker is\u00e6r at fremh\u00e6ve kravene til den politiske ledelse og alle humanit\u00e6re akt\u00f8rer, der h\u00e5ndterer denne krise, for at sikre, at personer med trisomi 21 og handicap:<\/span><\/p>\n<ul>\n<li style=\"font-weight: 400;\" aria-level=\"1\"><span style=\"font-weight: 400;\">have fuld adgang til al humanit\u00e6r bistand;<\/span><\/li>\n<li style=\"font-weight: 400;\" aria-level=\"1\"><span style=\"font-weight: 400;\">er beskyttet mod vold, misbrug og mishandling;<\/span><\/li>\n<li style=\"font-weight: 400;\" aria-level=\"1\"><span style=\"font-weight: 400;\">er forsynet med tilg\u00e6ngelig information om sikkerheds- og assistanceprotokoller, evakueringsprocedurer og support;<\/span><\/li>\n<li style=\"font-weight: 400;\" aria-level=\"1\"><span style=\"font-weight: 400;\">have fuld adgang til grundl\u00e6ggende tjenester, herunder vand og sanitet, mad, social st\u00f8tte, uddannelse, sundhedspleje, transport og information;<\/span><\/li>\n<li style=\"font-weight: 400;\" aria-level=\"1\"><span style=\"font-weight: 400;\">er redegjort for og ikke forladt;<\/span><\/li>\n<li style=\"font-weight: 400;\" aria-level=\"1\"><span style=\"font-weight: 400;\">ikke efterlades i institutioner, ikke er tvunget til at blive i institution eller ikke flyttes ind p\u00e5 institution p\u00e5 grund af deres handicap og<\/span><\/li>\n<li style=\"font-weight: 400;\" aria-level=\"1\"><span style=\"font-weight: 400;\">er meningsfuldt involveret i alt inklusive humanit\u00e6r indsats gennem deres repr\u00e6sentative organisationer.<\/span><\/li>\n<\/ul>\n<p><span style=\"font-weight: 400;\">Sammen med personer med Trisomi 21 skal der l\u00e6gges s\u00e6rlig v\u00e6gt p\u00e5 dem, der er mest udsatte \u2013 herunder (men ikke begr\u00e6nset til) personer med intellektuelle handicap, kvinder, \u00e6ldre personer, b\u00f8rn, blinde og d\u00f8vblinde personer, personer med psykosociale handicap, personer med h\u00f8je st\u00f8ttebehov og personer internt fordrevne f\u00f8r de seneste h\u00e6ndelser.<\/span><\/p>","protected":false},"excerpt":{"rendered":"<p>Brussels, 26.February 2022 &#8211; EU for Trisomy 21 stands in solidarity with the people of Ukraine, with the grief, sadness,&hellip;<\/p>","protected":false},"author":3,"featured_media":0,"comment_status":"closed","ping_status":"closed","sticky":false,"template":"","format":"standard","meta":{"_acf_changed":false,"footnotes":""},"categories":[45],"tags":[],"class_list":["post-33030","post","type-post","status-publish","format-standard","hentry","category-21-march-21"],"acf":[],"_links":{"self":[{"href":"https:\/\/eufortrisomy21.eu\/da\/wp-json\/wp\/v2\/posts\/33030"}],"collection":[{"href":"https:\/\/eufortrisomy21.eu\/da\/wp-json\/wp\/v2\/posts"}],"about":[{"href":"https:\/\/eufortrisomy21.eu\/da\/wp-json\/wp\/v2\/types\/post"}],"author":[{"embeddable":true,"href":"https:\/\/eufortrisomy21.eu\/da\/wp-json\/wp\/v2\/users\/3"}],"replies":[{"embeddable":true,"href":"https:\/\/eufortrisomy21.eu\/da\/wp-json\/wp\/v2\/comments?post=33030"}],"version-history":[{"count":0,"href":"https:\/\/eufortrisomy21.eu\/da\/wp-json\/wp\/v2\/posts\/33030\/revisions"}],"wp:attachment":[{"href":"https:\/\/eufortrisomy21.eu\/da\/wp-json\/wp\/v2\/media?parent=33030"}],"wp:term":[{"taxonomy":"category","embeddable":true,"href":"https:\/\/eufortrisomy21.eu\/da\/wp-json\/wp\/v2\/categories?post=33030"},{"taxonomy":"post_tag","embeddable":true,"href":"https:\/\/eufortrisomy21.eu\/da\/wp-json\/wp\/v2\/tags?post=33030"}],"curies":[{"name":"wp","href":"https:\/\/api.w.org\/{rel}","templated":true}]}}