{"id":33345,"date":"2022-12-07T18:00:43","date_gmt":"2022-12-07T17:00:43","guid":{"rendered":"https:\/\/eufortrisomy21.eu\/?p=33345"},"modified":"2024-02-20T17:22:44","modified_gmt":"2024-02-20T16:22:44","slug":"the-future-is-ours-time-for-more-autonomy","status":"publish","type":"post","link":"https:\/\/eufortrisomy21.eu\/da\/the-future-is-ours-time-for-more-autonomy\/","title":{"rendered":"Fremtiden er vores \u2013 tid til mere autonomi"},"content":{"rendered":"<p>YouTube-link: <a href=\"https:\/\/www.youtube.com\/watch?v=j2QFE6f5QPY\">Magyar (ungarsk)<\/a>, <a href=\"https:\/\/www.youtube.com\/watch?v=y754i2Gk5jk\">Rom\u00e2n (rum\u00e6nsk)<\/a>, <a href=\"https:\/\/www.youtube.com\/watch?v=imPvo3tS7l8\">Fran\u00e7ais (fransk)<\/a>, <a href=\"https:\/\/www.youtube.com\/watch?v=ZjAbSg9kFG0\">tysk (tysk)<\/a>, <a href=\"https:\/\/www.youtube.com\/watch?v=-KLPE1gQVC4\">Polski (Polski)<\/a>, <a href=\"https:\/\/www.youtube.com\/watch?v=MgHYTZBAlyE\">\u03b5\u03bb\u03bb\u03b7\u03bd\u03b9\u03ba\u03ac (gr\u00e6sk)<\/a><\/p>\n<p>Du kan tage et kig p\u00e5 vores officielle rapport <a href=\"https:\/\/drive.google.com\/file\/d\/1yMfOOM1MKX2PptIr70ZjFIDLy8B5rYdU\/view?usp=sharing\">her<\/a>.<\/p>\n<p>Den 7<sup>th<\/sup> i december 2022 var EU for Trisomi 21 v\u00e6rt for den f\u00f8rste begivenhed i vores EU-sponsorerede projekt The Future is Ours med titlen &quot;Time for more AUTONOMY&quot;.<\/p>\n<p><span style=\"font-weight: 400;\">I september 2022 modtog EU for Trisomi 21-netv\u00e6rket \u00f8konomisk st\u00f8tte gennem EU&#039;s CERV-tilskudsprogram, der lancerede projektet kaldet The Future is Ours. Dette projekt omfatter 3 onlinebegivenheder samt en anden personlig begivenhed i maj 2023 i Bruxelles. Hver begivenhed vil fokusere p\u00e5 et af de fire m\u00e5l for EU for Trisomi 21-netv\u00e6rket:<\/span><\/p>\n<p><span style=\"font-weight: 400;\">\u2013 Autonomi, Hvad betyder det for mennesker med Downs Syndrom at v\u00e6re uafh\u00e6ngige og tr\u00e6ffe beslutninger\u00a0<\/span><\/p>\n<p><span style=\"font-weight: 400;\">\u2013 Synlighed, hvad betyder det for People Downs Syndrom at blive set og h\u00f8rt\u00a0<\/span><\/p>\n<p><span style=\"font-weight: 400;\">\u2013 Sundhed, Vigtigheden af gode l\u00e6ger og sundhedsst\u00f8tte\u00a0<\/span><\/p>\n<p><span style=\"font-weight: 400;\">\u2013 Ligebehandling, hvad betyder det for mennesker Downs syndrom at blive respekteret<\/span><\/p>\n<p>Den f\u00f8rste begivenhed i dette projekt &quot;Time for more AUTONOMY&quot; blev afholdt online som en del af netv\u00e6rkets fejring af den internationale dag for rettigheder for mennesker med handicap den 3.<sup>rd<\/sup> december 2022.<\/p>\n<p>&quot;Time for more AUTONOMY&quot; indeholdt 5 Self-advocat-talere fra 5 forskellige lande, der talte om vigtigheden af at leve et selvst\u00e6ndigt liv. Den blev oversat til 9 sprog (engelsk, ungarsk, rum\u00e6nsk, fransk, tysk, polsk, gr\u00e6sk og spansk) og havde over 400 deltagere fra 22 lande (16 EU-lande).<\/p>\n<p><span style=\"font-weight: 400;\"><span style=\"font-weight: 400;\">Den f\u00f8rste taler ved arrangementet var<strong> Soufiane El Amrani<\/strong>, en<\/span><\/span> letl\u00e6st og advocacy-ekspert, der arbejder i organisationen Inclusion Europe siden 2008. Som en del af dette arbejde har han givet mange tr\u00e6ninger i at g\u00f8re information tilg\u00e6ngelig, og hvordan man konsulterer mennesker med intellektuelle handicap i beslutninger, der p\u00e5virker dem. Han er ogs\u00e5 en del af European Platform of Self-Advocates og Empower Us Team. Siden november 2020 har Soufiane v\u00e6ret repr\u00e6sentant for selvfortalere for Europa ved Council of Inclusion International.<\/p>\n<p>Under arrangementet &quot;Time for more AUTONOMY&quot; talte han om handicappedes autonomi i EU med fokus p\u00e5 den kommende \u00e6ndring i valgloven, der tillader mennesker med intellektuelle handicap, herunder mennesker med Downs Syndrom, at stemme i det kommende EU-parlamentariker. valget i 2024. Han \u00f8gede bevidstheden om, at selv om det er et godt skridt at \u00e6ndre valgloven, men at EU er n\u00f8dt til at forbedre deres kommunikation for virkelig at v\u00e6re tilg\u00e6ngelig for denne nye v\u00e6lgerpulje.<\/p>\n<p>Panelet &quot;My autonomous Life&quot; omfattede fire Self-Advocate-talere fra hele Europa:<\/p>\n<ul>\n<li>\n<p class=\"_04xlpA direction-ltr align-start para-style-body\"><span class=\"JsGRdQ\"><strong>Fanny Neumayer<\/strong>, 27 \u00e5r gammel og bosat i Wien, <strong>\u00d8strig<\/strong>. <\/span><span class=\"JsGRdQ\">Fru Neumayer arbejder p\u00e5 hovedkontoret for Evangelische Gymnasium (en gymnasieskole) i det 11. distrikt i Wien. <\/span><span class=\"JsGRdQ\">Hun fortalte om sine oplevelser med at stemme i \u00d8strig.<\/span><\/p>\n<\/li>\n<li>\n<p class=\"_04xlpA direction-ltr align-start para-style-body\"><span class=\"JsGRdQ\"><strong>Fiona Lambart<\/strong>, 24 \u00e5r gammel og bor i Darmstadt n\u00e6r Frankfurt, <strong>Tyskland<\/strong>. <\/span><span class=\"JsGRdQ\">Fru Lambart arbejder som husholdningsspecialist.<\/span><span class=\"JsGRdQ\">\u00a0Hun fortalte om sit arbejde, og hvordan hun arbejder hen imod en selvst\u00e6ndig livsstil.<\/span><\/p>\n<\/li>\n<li>\n<p class=\"_04xlpA direction-ltr align-start para-style-body\"><span class=\"JsGRdQ\"><strong>Frantzeska-Christina Douka<\/strong>, 37-\u00e5rig og bor i Thessaloniki, <strong>Gr\u00e6kenland<\/strong>. Fru Douka er begunstiget af Down Syndrome Association of Greece og bor alene i en Supported Living-lejlighed. <\/span><span class=\"JsGRdQ\">Hun elsker at danse, og hun er en atlet i Rytmisk Gymnastik. Hun har konkurreret i Special Olympics organisation mange gange, hun har vundet medaljer og rejst i mange lande i og uden for Europa.<\/span><\/p>\n<\/li>\n<li>\n<p class=\"_04xlpA direction-ltr align-start para-style-body\"><span class=\"JsGRdQ\"><strong>Jean Philippe Barone<\/strong>, 44-\u00e5rig bosat i Marseille, <strong>Frankrig<\/strong>. Han bor i sin lejlighed i et lokalsamfund og arbejder i en tilpasset restaurant. Han f\u00f8ler sig godt tilpas med kommunikationsv\u00e6rkt\u00f8jer og repr\u00e6senterer regelm\u00e6ssigt #Tcap21-foreningen gennem alle medier. Han tr\u00e6ner nu for at deltage i vores \u00e5bningscaf\u00e9 #Train Inc. og derefter opn\u00e5 total autonomi.<\/span><\/p>\n<\/li>\n<\/ul>\n<p>Efter panelet kunne deltagerne stille sp\u00f8rgsm\u00e5l til vores opl\u00e6gsholdere. Et h\u00e6fte med citater fra deres taler samt Soufiane&#039;s power point <span style=\"font-weight: 400;\">El Amrani er gjort tilg\u00e6ngelig for alle deltagere. Denne kan downloades p\u00e5 engelsk <a href=\"https:\/\/drive.google.com\/file\/d\/1SVsLWWYytRREpmbalTXhit8NbVKCsVkB\/view?usp=share_link\">her<\/a>.<\/span><\/p>\n<p>Under hele tilrettel\u00e6ggelsen af denne begivenhed samt diskussionen under og efter selve begivenheden udarbejder EU for Trisomi 21 en liste over anbefalinger, som EU skal tage hensyn til, n\u00e5r de arbejder p\u00e5 at g\u00f8re EU-parlamentsvalget i 2024 virkelig tilg\u00e6ngeligt for mennesker med Down. Syndrom i alle EU-lande. Dette papir vil blive afleveret til Kommissionen og EU-Parlamentet p\u00e5 World Down Syndrome Day den 21. marts 2023.<\/p>\n<p><strong>Vores n\u00e6ste arrangement: Tid til mere synlighed finder sted den 16. marts kl. 18.00.\u00a0<\/strong><\/p>","protected":false},"excerpt":{"rendered":"<p>YouTube Link: Magyar (Hungarian), Rom\u00e2n (Romanian), Fran\u00e7ais (French), Deutsch (German), Polski (Polski), \u03b5\u03bb\u03bb\u03b7\u03bd\u03b9\u03ba\u03ac (Greek) You can take a look at&hellip;<\/p>","protected":false},"author":3,"featured_media":0,"comment_status":"closed","ping_status":"closed","sticky":false,"template":"","format":"standard","meta":{"_acf_changed":false,"footnotes":""},"categories":[45],"tags":[],"class_list":["post-33345","post","type-post","status-publish","format-standard","hentry","category-21-march-21"],"acf":[],"_links":{"self":[{"href":"https:\/\/eufortrisomy21.eu\/da\/wp-json\/wp\/v2\/posts\/33345"}],"collection":[{"href":"https:\/\/eufortrisomy21.eu\/da\/wp-json\/wp\/v2\/posts"}],"about":[{"href":"https:\/\/eufortrisomy21.eu\/da\/wp-json\/wp\/v2\/types\/post"}],"author":[{"embeddable":true,"href":"https:\/\/eufortrisomy21.eu\/da\/wp-json\/wp\/v2\/users\/3"}],"replies":[{"embeddable":true,"href":"https:\/\/eufortrisomy21.eu\/da\/wp-json\/wp\/v2\/comments?post=33345"}],"version-history":[{"count":3,"href":"https:\/\/eufortrisomy21.eu\/da\/wp-json\/wp\/v2\/posts\/33345\/revisions"}],"predecessor-version":[{"id":33626,"href":"https:\/\/eufortrisomy21.eu\/da\/wp-json\/wp\/v2\/posts\/33345\/revisions\/33626"}],"wp:attachment":[{"href":"https:\/\/eufortrisomy21.eu\/da\/wp-json\/wp\/v2\/media?parent=33345"}],"wp:term":[{"taxonomy":"category","embeddable":true,"href":"https:\/\/eufortrisomy21.eu\/da\/wp-json\/wp\/v2\/categories?post=33345"},{"taxonomy":"post_tag","embeddable":true,"href":"https:\/\/eufortrisomy21.eu\/da\/wp-json\/wp\/v2\/tags?post=33345"}],"curies":[{"name":"wp","href":"https:\/\/api.w.org\/{rel}","templated":true}]}}