{"id":33570,"date":"2023-06-05T15:06:48","date_gmt":"2023-06-05T13:06:48","guid":{"rendered":"https:\/\/eufortrisomy21.eu\/?p=33570"},"modified":"2024-02-20T17:22:09","modified_gmt":"2024-02-20T16:22:09","slug":"time-for-more-health","status":"publish","type":"post","link":"https:\/\/eufortrisomy21.eu\/da\/time-for-more-health\/","title":{"rendered":"Tid til mere sundhed"},"content":{"rendered":"<p><strong>Fremtiden er vores: En bragende succes i Bruxelles <\/strong><\/p>\n<p><strong>Bruxelles, 1. maj<\/strong><strong>2<\/strong><strong>, 2023<\/strong><\/p>\n<p>Du kan finde den officielle rapport <a href=\"https:\/\/drive.google.com\/file\/d\/1GWGiY_j5SqgJcWtJ3wEvT8RlmPlHY2Gg\/view?usp=sharing\">her<\/a>.<\/p>\n<p><img loading=\"lazy\" decoding=\"async\" class=\"wp-image-33571 alignleft\" src=\"https:\/\/eufortrisomy21.eu\/wp-content\/uploads\/2023\/06\/IMG_2495-scaled.jpeg\" alt=\"\" width=\"460\" height=\"345\" srcset=\"https:\/\/eufortrisomy21.eu\/wp-content\/uploads\/2023\/06\/IMG_2495-scaled.jpeg 2560w, https:\/\/eufortrisomy21.eu\/wp-content\/uploads\/2023\/06\/IMG_2495-300x225.jpeg 300w, https:\/\/eufortrisomy21.eu\/wp-content\/uploads\/2023\/06\/IMG_2495-1024x768.jpeg 1024w, https:\/\/eufortrisomy21.eu\/wp-content\/uploads\/2023\/06\/IMG_2495-768x576.jpeg 768w, https:\/\/eufortrisomy21.eu\/wp-content\/uploads\/2023\/06\/IMG_2495-1536x1152.jpeg 1536w, https:\/\/eufortrisomy21.eu\/wp-content\/uploads\/2023\/06\/IMG_2495-2048x1536.jpeg 2048w, https:\/\/eufortrisomy21.eu\/wp-content\/uploads\/2023\/06\/IMG_2495-16x12.jpeg 16w\" sizes=\"(max-width: 460px) 100vw, 460px\" \/>The Future is Ours-projektet har opn\u00e5et bragende succes med sit nylige personligt arrangement, #TheFutureIsOurs, afholdt i Bruxelles fra 1. maj til 3. maj. Begivenheden markerede en betydningsfuld milep\u00e6l for selvfortalervirksomhed for Downs syndrom, idet den tiltrak 72 personer fra 11 EU-lande, herunder 28 selvfortalere med Downs syndrom.<\/p>\n<p>Arrangementet startede med en dejlig middag den 1. maj, hvor deltagere fra forskellige lande m\u00f8dtes og delte deres erfaringer. Den 2. maj b\u00f8d MEP Lukas Mandl deltagerne velkommen i ZWEIG-bygningen og udtrykte sin st\u00f8tte til begivenhedens m\u00e5l og fremh\u00e6vede vigtigheden af at fortalere for rettighederne for personer med Downs Syndrom.<\/p>\n<p>Workshopsene, som d\u00e6kkede en r\u00e6kke emner relateret til synlighedsautonomi, ligebehandling og velv\u00e6re for mennesker med Downs syndrom, var informative og praktiske og gav deltagerne v\u00e6rdifuld viden og v\u00e6rkt\u00f8jer til at forbedre deres sundhed og velv\u00e6re. Om eftermiddagen d\u00e6kkede Time for more Health-paneldiskussionen med MEP Rosa Estar\u00e0s Ferragut, MEP Helmut Geuking, Professor Mara Dierssen Sotos, Doctor Pilar Garcia Fern\u00e1ndez, selvadvokat Jean Phillipe Barone og eksperten Mareike Fuisz vigtige sp\u00f8rgsm\u00e5l relateret til sundhed og trivsel for mennesker med Downs syndrom.<\/p>\n<p><img loading=\"lazy\" decoding=\"async\" class=\"alignright wp-image-33572\" src=\"https:\/\/eufortrisomy21.eu\/wp-content\/uploads\/2023\/06\/IMG_2575-scaled.jpeg\" alt=\"\" width=\"298\" height=\"397\" srcset=\"https:\/\/eufortrisomy21.eu\/wp-content\/uploads\/2023\/06\/IMG_2575-scaled.jpeg 1920w, https:\/\/eufortrisomy21.eu\/wp-content\/uploads\/2023\/06\/IMG_2575-225x300.jpeg 225w, https:\/\/eufortrisomy21.eu\/wp-content\/uploads\/2023\/06\/IMG_2575-768x1024.jpeg 768w, https:\/\/eufortrisomy21.eu\/wp-content\/uploads\/2023\/06\/IMG_2575-1152x1536.jpeg 1152w, https:\/\/eufortrisomy21.eu\/wp-content\/uploads\/2023\/06\/IMG_2575-1536x2048.jpeg 1536w, https:\/\/eufortrisomy21.eu\/wp-content\/uploads\/2023\/06\/IMG_2575-9x12.jpeg 9w\" sizes=\"(max-width: 298px) 100vw, 298px\" \/><\/p>\n<p>En af de mest indflydelsesrige komponenter i begivenheden var &quot;M\u00f8d din MEP&quot;-delen, som gav deltagerne mulighed for at m\u00f8de deres lands repr\u00e6sentanter i Europa-Parlamentet og fortalere for deres rettigheder som selvfortalere med Downs Syndrom. Pr\u00e6sidenten, Roberta Metsola, var blandt de mange MEP&#039;er, der prydede lejligheden og b\u00f8d alle hjerteligt velkommen.<\/p>\n<p>Arrangementet kulminerede i en dejlig reception, som MEP Margarita De la Pisa var v\u00e6rt for, som gav deltagere, talere og arrang\u00f8rer en chance for at slappe af, danse og nyde spanske delikatesser.<\/p>\n<p>EU For Trisomy 21 er stolte af succesen med denne begivenhed, der samler en mangfoldig gruppe af selvfortalere med Downs Syndrom fra forskellige lande og baggrunde. Vi er taknemmelige over for vores foredragsholdere, deltagere og partnerorganisationer for deres enorme st\u00f8tte til at forsvare rettighederne for personer med Downs Syndrom. Vi takker ogs\u00e5 MEP&#039;erne for deres elskv\u00e6rdige tilstedev\u00e6relse ved arrangementet. F\u00f8lg med for flere billeder, videoer og fremtidige nyheder om fortalervirksomhed for Downs syndrom og selvfortalervirksomhed p\u00e5 vores hjemmeside og sociale mediekanaler.<\/p>","protected":false},"excerpt":{"rendered":"<p>The Future Is Ours: A Resounding Success in Brussels Brussels, May 12, 2023 You can find the official report here.&hellip;<\/p>","protected":false},"author":3,"featured_media":0,"comment_status":"closed","ping_status":"closed","sticky":false,"template":"","format":"standard","meta":{"_acf_changed":false,"footnotes":""},"categories":[45],"tags":[],"class_list":["post-33570","post","type-post","status-publish","format-standard","hentry","category-21-march-21"],"acf":[],"_links":{"self":[{"href":"https:\/\/eufortrisomy21.eu\/da\/wp-json\/wp\/v2\/posts\/33570"}],"collection":[{"href":"https:\/\/eufortrisomy21.eu\/da\/wp-json\/wp\/v2\/posts"}],"about":[{"href":"https:\/\/eufortrisomy21.eu\/da\/wp-json\/wp\/v2\/types\/post"}],"author":[{"embeddable":true,"href":"https:\/\/eufortrisomy21.eu\/da\/wp-json\/wp\/v2\/users\/3"}],"replies":[{"embeddable":true,"href":"https:\/\/eufortrisomy21.eu\/da\/wp-json\/wp\/v2\/comments?post=33570"}],"version-history":[{"count":3,"href":"https:\/\/eufortrisomy21.eu\/da\/wp-json\/wp\/v2\/posts\/33570\/revisions"}],"predecessor-version":[{"id":33630,"href":"https:\/\/eufortrisomy21.eu\/da\/wp-json\/wp\/v2\/posts\/33570\/revisions\/33630"}],"wp:attachment":[{"href":"https:\/\/eufortrisomy21.eu\/da\/wp-json\/wp\/v2\/media?parent=33570"}],"wp:term":[{"taxonomy":"category","embeddable":true,"href":"https:\/\/eufortrisomy21.eu\/da\/wp-json\/wp\/v2\/categories?post=33570"},{"taxonomy":"post_tag","embeddable":true,"href":"https:\/\/eufortrisomy21.eu\/da\/wp-json\/wp\/v2\/tags?post=33570"}],"curies":[{"name":"wp","href":"https:\/\/api.w.org\/{rel}","templated":true}]}}