{"id":30925,"date":"2021-02-19T16:40:13","date_gmt":"2021-02-19T15:40:13","guid":{"rendered":"https:\/\/eufortrisomy21.eu\/?p=30925"},"modified":"2021-02-23T15:00:23","modified_gmt":"2021-02-23T14:00:23","slug":"focus-on-the-21st-of-march-2021-lets-celebrate-world-down-syndrome-day-in-europe","status":"publish","type":"post","link":"https:\/\/eufortrisomy21.eu\/de\/focus-on-the-21st-of-march-2021-lets-celebrate-world-down-syndrome-day-in-europe\/","title":{"rendered":"Pressemitteilung: Konzentrieren Sie sich auf den 21. M\u00e4rz 2021. Feiern wir den Welttag des Down-Syndroms in Europa!"},"content":{"rendered":"<p><img loading=\"lazy\" decoding=\"async\" class=\"size-medium wp-image-20686 alignright\" src=\"https:\/\/eufortrisomy21.eu\/wp-content\/uploads\/2020\/11\/Logo_EUforTrisomy21-Couleur-300x213.png\" alt=\"\" width=\"300\" height=\"213\" srcset=\"https:\/\/eufortrisomy21.eu\/wp-content\/uploads\/2020\/11\/Logo_EUforTrisomy21-Couleur-300x213.png 300w, https:\/\/eufortrisomy21.eu\/wp-content\/uploads\/2020\/11\/Logo_EUforTrisomy21-Couleur-1024x727.png 1024w, https:\/\/eufortrisomy21.eu\/wp-content\/uploads\/2020\/11\/Logo_EUforTrisomy21-Couleur-768x545.png 768w, https:\/\/eufortrisomy21.eu\/wp-content\/uploads\/2020\/11\/Logo_EUforTrisomy21-Couleur.png 1429w\" sizes=\"(max-width: 300px) 100vw, 300px\" \/>Die n\u00e4chste Ausgabe des World Down Syndrome Day (21<sup>st<\/sup> M\u00e4rz (wie von der Vereinten Nationen beschlossen) fordert eine besondere Dynamik, da es im Jahr 2021 stattfindet und das Down-Syndrom medizinisch als Trisomie 21 bekannt ist!<\/p>\n<p>In dieser Perspektive kam eine Gemeinschaft von Eltern von Kindern mit Down-Syndrom aus ganz Europa unter dem EUfortrisomy21-Label zusammen. Dank einer Gruppe von Eltern, die die Vorbereitungen gestartet haben, sind bereits 16 L\u00e4nder auf dem EUfortrisomy21-Label vertreten, das den Feierlichkeiten zum Welt-Down-Syndrom-Tag eine europ\u00e4ische Dimension verleiht.<\/p>\n<p>Was sie zusammenh\u00e4lt: ihre Entschlossenheit, 2021 zu einem Jahr f\u00fcr Menschen mit Down-Syndrom zu machen; ein Jahr, um sie zu ehren und ihnen ihren rechtm\u00e4\u00dfigen Platz in der europ\u00e4ischen Gesellschaft einzur\u00e4umen.<\/p>\n<p>F\u00fcr die 21<sup>st<\/sup> Im M\u00e4rz werden drei Projekte vorgeschlagen, um dieses Datum auf europ\u00e4ischer Ebene zu feiern. Die Einzelheiten dieser Projekte werden im Februar mitgeteilt: ein Projekt zum Freuden, ein Projekt zum Nachdenken und ein Projekt zum Handeln.<\/p>\n<p><strong>Kontakt: press@eufortrisomy21.eu <\/strong><\/p>\n<p><u>EUfortrisomy21<\/u> ist eine Gemeinschaft von Eltern von Kindern mit Down-Syndrom, die sich zusammengeschlossen hat, um die Rechte von Menschen mit Down-Syndrom in vier vorrangigen Bereichen zu f\u00f6rdern: Sichtbarkeit, Nichtdiskriminierung, Gesundheit, Autonomie.<\/p>","protected":false},"excerpt":{"rendered":"<p>The next edition of World Down Syndrome Day (21st of March as decided by United Nation) calls for a special&hellip;<\/p>","protected":false},"author":2,"featured_media":0,"comment_status":"closed","ping_status":"closed","sticky":false,"template":"","format":"standard","meta":{"_acf_changed":false,"footnotes":""},"categories":[45],"tags":[],"class_list":["post-30925","post","type-post","status-publish","format-standard","hentry","category-21-march-21"],"acf":[],"_links":{"self":[{"href":"https:\/\/eufortrisomy21.eu\/de\/wp-json\/wp\/v2\/posts\/30925"}],"collection":[{"href":"https:\/\/eufortrisomy21.eu\/de\/wp-json\/wp\/v2\/posts"}],"about":[{"href":"https:\/\/eufortrisomy21.eu\/de\/wp-json\/wp\/v2\/types\/post"}],"author":[{"embeddable":true,"href":"https:\/\/eufortrisomy21.eu\/de\/wp-json\/wp\/v2\/users\/2"}],"replies":[{"embeddable":true,"href":"https:\/\/eufortrisomy21.eu\/de\/wp-json\/wp\/v2\/comments?post=30925"}],"version-history":[{"count":0,"href":"https:\/\/eufortrisomy21.eu\/de\/wp-json\/wp\/v2\/posts\/30925\/revisions"}],"wp:attachment":[{"href":"https:\/\/eufortrisomy21.eu\/de\/wp-json\/wp\/v2\/media?parent=30925"}],"wp:term":[{"taxonomy":"category","embeddable":true,"href":"https:\/\/eufortrisomy21.eu\/de\/wp-json\/wp\/v2\/categories?post=30925"},{"taxonomy":"post_tag","embeddable":true,"href":"https:\/\/eufortrisomy21.eu\/de\/wp-json\/wp\/v2\/tags?post=30925"}],"curies":[{"name":"wp","href":"https:\/\/api.w.org\/{rel}","templated":true}]}}