{"id":31446,"date":"2021-03-09T10:19:38","date_gmt":"2021-03-09T09:19:38","guid":{"rendered":"https:\/\/eufortrisomy21.eu\/?p=31446"},"modified":"2021-03-09T10:20:49","modified_gmt":"2021-03-09T09:20:49","slug":"press-release-one-dancing-challenge-to-join-in-the-celebration","status":"publish","type":"post","link":"https:\/\/eufortrisomy21.eu\/de\/press-release-one-dancing-challenge-to-join-in-the-celebration\/","title":{"rendered":"Pressemitteilung: Eine Tanzherausforderung, um an der Feier teilzunehmen!"},"content":{"rendered":"<p style=\"text-align: right;\"><img loading=\"lazy\" decoding=\"async\" class=\"size-medium wp-image-14470 alignleft\" src=\"https:\/\/eufortrisomy21.eu\/wp-content\/uploads\/2020\/02\/Banniere7-300x120.jpg\" alt=\"\" width=\"300\" height=\"120\" srcset=\"https:\/\/eufortrisomy21.eu\/wp-content\/uploads\/2020\/02\/Banniere7-300x120.jpg 300w, https:\/\/eufortrisomy21.eu\/wp-content\/uploads\/2020\/02\/Banniere7-1024x410.jpg 1024w, https:\/\/eufortrisomy21.eu\/wp-content\/uploads\/2020\/02\/Banniere7-768x307.jpg 768w, https:\/\/eufortrisomy21.eu\/wp-content\/uploads\/2020\/02\/Banniere7-1536x614.jpg 1536w, https:\/\/eufortrisomy21.eu\/wp-content\/uploads\/2020\/02\/Banniere7.jpg 2000w\" sizes=\"(max-width: 300px) 100vw, 300px\" \/>Pressemitteilung<\/p>\n<p style=\"text-align: right;\">Br\u00fcssel<\/p>\n<p style=\"text-align: right;\">3. M\u00e4rz 2021<\/p>\n<p>&nbsp;<\/p>\n<h2 style=\"text-align: center;\"><span style=\"color: #99ccff;\"><strong>Feiern wir gemeinsam den 21. M\u00e4rz <\/strong><\/span><\/h2>\n<h2 style=\"text-align: center;\"><strong><span style=\"color: #ffcc00;\">1<\/span> Tanzen <span style=\"color: #ffcc00;\">Herausforderung <\/span><\/strong>an der Feier teilnehmen!<\/h2>\n<p>Der n\u00e4chste <em>Internationaler Tag der Trisomie 21<\/em> findet am Sonntag, den 21. M\u00e4rz statt<span style=\"color: #99ccff;\"><strong>21<\/strong><\/span>. Um dieses emblematische Datum f\u00fcr Personen mit Down-Syndrom (auch Trisomie genannt) zu feiern <span style=\"color: #99ccff;\"><strong>21<\/strong><\/span>), <em>EUforTrisomy21<\/em> schl\u00e4gt drei Projekte vor. Konzentrieren Sie sich auf die t\u00e4nzerische Herausforderung, Menschen mit Down-Syndrom ins Licht zu r\u00fccken: eine Choreografie zum Tanzen, um sich zu freuen und gemeinsam mit Menschen mit Down-Syndrom zu feiern.<\/p>\n<h4><span style=\"color: #ffcc00;\"><strong>1. Die Choreografie<\/strong><\/span><\/h4>\n<p>Es wurde von einem Choreografen vorgestellt, der fr\u00fcher in einem speziellen Zentrum f\u00fcr Menschen mit Down-Syndrom arbeitete. Die Musik ist ein Auszug aus der letzten Single des franz\u00f6sischen K\u00fcnstlers Kimberose: \u00ab\u00a0<em>Zur\u00fcck auf meinen F\u00fc\u00dfen \u00bb.<\/em><\/p>\n<h4><span style=\"color: #99ccff;\"><strong>2. Die Herausforderung \u00abTanz f\u00fcr den 21. M\u00e4rz - Internationaler Tag der Trisomie 21\u00bb<\/strong><\/span><\/h4>\n<p>Es wurde in den sozialen Medien am gestartet <strong><span style=\"color: #99ccff;\">der 3. M\u00e4rz 2021<\/span><\/strong>.<\/p>\n<p>Es richtet sich an B\u00fcrger europ\u00e4ischer L\u00e4nder; Jeder ist eingeladen, an der Herausforderung teilzunehmen:<\/p>\n<ul>\n<li>Um die Freude auszudr\u00fccken und unsere N\u00e4chsten mit dem Down-Syndrom zu ehren;<\/li>\n<li>Personen mit Down-Syndrom in unserer Gemeinde kennenzulernen;<\/li>\n<li>Um eine kollektive Dankbarkeit f\u00fcr die besondere Stellung von Menschen mit Down-Syndrom in unserer Gesellschaft auszudr\u00fccken, die hervorgehoben werden muss: ein wesentlicher Bestandteil unserer Gesellschaft.<\/li>\n<\/ul>\n<p>Konkret:<\/p>\n<ul>\n<li>Jeder lernt die Choreografie, registriert sich, ver\u00f6ffentlicht sie in den sozialen Medien und verbreitet die Beitr\u00e4ge von<em> EUforTrisomy21<\/em>.<\/li>\n<li>Verwenden Sie die folgenden Hashtags: <span style=\"color: #99ccff;\"><strong>#EUfortrisomy21<\/strong><strong> #challenge #downsyndrome<\/strong><\/span><\/li>\n<\/ul>\n<h4><strong><span style=\"color: #ffcc00;\">3. Kleiderordnung (falls m\u00f6glich)<\/span><\/strong><\/h4>\n<p>Oben: Wei\u00df \/ Unten: Blau \/ Nicht \u00fcbereinstimmende Socken oder Schuhe<\/p>\n<h4><strong><span style=\"color: #99ccff;\">4. EUfortrisomy21<\/span><\/strong><\/h4>\n<p>EUfortrisomy21 ist eine Gemeinschaft von Eltern von Personen mit Down-Syndrom in ganz Europa: <strong><span style=\"color: #99ccff;\">19 L\u00e4nder sind beteiligt<\/span><\/strong> Darstellen <strong><span style=\"color: #99ccff;\">55 Verb\u00e4nde<\/span><\/strong> wer sind <strong><span style=\"color: #99ccff;\">Partner<\/span><\/strong> des EUforTrisomy21-Projekts f\u00fcr die Ausgabe 2021 des Internationalen Tages der Trisomie 21.<\/p>\n<p>&nbsp;<\/p>\n<p style=\"text-align: center;\">Kontakt: contact@eufortrisomy21.eu<\/p>\n<p style=\"text-align: right;\"><a href=\"https:\/\/eufortrisomy21.eu\/wp-content\/uploads\/2021\/03\/EN-EUfortrisomy21-dancing-video-03-03-21.pdf\" target=\"_blank\" rel=\"noopener\">Klicke hier<\/a> um die Pressemitteilung herunterzuladen<\/p>","protected":false},"excerpt":{"rendered":"<p>The next International Day of Trisomy 21 will take place on Sunday 21st March 2021. In order to celebrate this&hellip;<\/p>","protected":false},"author":3,"featured_media":0,"comment_status":"closed","ping_status":"closed","sticky":false,"template":"","format":"standard","meta":{"_acf_changed":false,"footnotes":""},"categories":[45],"tags":[],"class_list":["post-31446","post","type-post","status-publish","format-standard","hentry","category-21-march-21"],"acf":[],"_links":{"self":[{"href":"https:\/\/eufortrisomy21.eu\/de\/wp-json\/wp\/v2\/posts\/31446"}],"collection":[{"href":"https:\/\/eufortrisomy21.eu\/de\/wp-json\/wp\/v2\/posts"}],"about":[{"href":"https:\/\/eufortrisomy21.eu\/de\/wp-json\/wp\/v2\/types\/post"}],"author":[{"embeddable":true,"href":"https:\/\/eufortrisomy21.eu\/de\/wp-json\/wp\/v2\/users\/3"}],"replies":[{"embeddable":true,"href":"https:\/\/eufortrisomy21.eu\/de\/wp-json\/wp\/v2\/comments?post=31446"}],"version-history":[{"count":0,"href":"https:\/\/eufortrisomy21.eu\/de\/wp-json\/wp\/v2\/posts\/31446\/revisions"}],"wp:attachment":[{"href":"https:\/\/eufortrisomy21.eu\/de\/wp-json\/wp\/v2\/media?parent=31446"}],"wp:term":[{"taxonomy":"category","embeddable":true,"href":"https:\/\/eufortrisomy21.eu\/de\/wp-json\/wp\/v2\/categories?post=31446"},{"taxonomy":"post_tag","embeddable":true,"href":"https:\/\/eufortrisomy21.eu\/de\/wp-json\/wp\/v2\/tags?post=31446"}],"curies":[{"name":"wp","href":"https:\/\/api.w.org\/{rel}","templated":true}]}}