{"id":32206,"date":"2021-03-19T13:25:51","date_gmt":"2021-03-19T12:25:51","guid":{"rendered":"https:\/\/eufortrisomy21.eu\/?p=32206"},"modified":"2022-06-24T11:55:59","modified_gmt":"2022-06-24T09:55:59","slug":"press-release-on-march-21st-europe-is-honouring-persons-with-downs-syndrome","status":"publish","type":"post","link":"https:\/\/eufortrisomy21.eu\/de\/press-release-on-march-21st-europe-is-honouring-persons-with-downs-syndrome\/","title":{"rendered":"Pressemitteilung: Am 21. M\u00e4rz ehrt Europa Menschen mit Down-Syndrom"},"content":{"rendered":"<p style=\"text-align: right;\"><img loading=\"lazy\" decoding=\"async\" class=\"size-medium wp-image-14470 alignleft\" src=\"https:\/\/eufortrisomy21.eu\/wp-content\/uploads\/2020\/02\/Banniere7-300x120.jpg\" alt=\"\" width=\"300\" height=\"120\" srcset=\"https:\/\/eufortrisomy21.eu\/wp-content\/uploads\/2020\/02\/Banniere7-300x120.jpg 300w, https:\/\/eufortrisomy21.eu\/wp-content\/uploads\/2020\/02\/Banniere7-1024x410.jpg 1024w, https:\/\/eufortrisomy21.eu\/wp-content\/uploads\/2020\/02\/Banniere7-768x307.jpg 768w, https:\/\/eufortrisomy21.eu\/wp-content\/uploads\/2020\/02\/Banniere7-1536x614.jpg 1536w, https:\/\/eufortrisomy21.eu\/wp-content\/uploads\/2020\/02\/Banniere7.jpg 2000w\" sizes=\"(max-width: 300px) 100vw, 300px\" \/>Pressemitteilung<\/p>\n<p style=\"text-align: right;\">Br\u00fcssel<\/p>\n<p style=\"text-align: right;\">19. M\u00e4rz 2021<\/p>\n<p>&nbsp;<\/p>\n<h2 style=\"text-align: center;\"><span style=\"color: #99ccff;\"><strong>Am 21. M\u00e4rz ehrt Europa Menschen mit Down-Syndrom:\u00a0\u00a0<\/strong><strong>B\u00fcrger <\/strong><\/span><strong>und <span style=\"color: #99ccff;\">politische F\u00fchrer<\/span> sind eingeladen, das zu feiern <\/strong><span style=\"color: #99ccff;\"><strong>Internationaler Tag der Trisomie 21<\/strong><\/span><span style=\"color: #99ccff;\">\u00a0<\/span><\/h2>\n<p style=\"text-align: center;\"><strong>Danke an <span style=\"color: #ffcc00;\">Frau Von der Leyen<\/span> und zum <span style=\"color: #ffcc00;\">Mitglieder des Europ\u00e4ischen Parlaments (MdEP)<\/span><\/strong><\/p>\n<p style=\"text-align: center;\"><strong>die an dieser Kampagne beteiligt sind.<\/strong><\/p>\n<p style=\"text-align: left;\"><span style=\"color: #000000;\">\u00a0<\/span>Eine ganze Woche lang verbreiten Tausende von B\u00fcrgern und Familien in ganz Europa die Herausforderung \u00ab\u00a0<em>Tanzen f\u00fcr den 21. M\u00e4rz\u00a0<\/em>\u00bb<\/p>\n<p style=\"text-align: center;\"><span style=\"color: #99ccff;\"><strong>Jeder ist eingeladen, sich bis zum 21. M\u00e4rz der Mobilisierung anzuschlie\u00dfen<\/strong><\/span><\/p>\n<p style=\"text-align: center;\">durch Teilen der an diesem Mittwochabend (17. M\u00e4rz) ver\u00f6ffentlichten Video-Zusammenstellung:<\/p>\n<p style=\"text-align: center;\"><span style=\"color: #99ccff;\"><strong>@ eufortrisomy21<br \/>\n#EUfortrisomy21 #challenge #downsyndrome<\/strong><\/span><\/p>\n<p>Zu entdecken auf <a href=\"https:\/\/eufortrisomy21.eu\/fr\/\">https:\/\/eufortrisomy21.eu\/fr\/<\/a><br \/>\nTeilen :<br \/>\n* twitter *: <a href=\"https:\/\/twitter.com\/eufortrisomy21?s=21\">https:\/\/twitter.com\/eufortrisomy21?s=21<\/a><br \/>\n* Instagram *: <a href=\"https:\/\/instagram.com\/eufortrisomy21?igshid=1htqe2arifhnb\">https:\/\/instagram.com\/eufortrisomy21?igshid=1htqe2arifhnb<br \/>\n<\/a>*Facebook * : <a href=\"https:\/\/www.facebook.com\/EUforTrisomy21\/\">https:\/\/www.facebook.com\/EUforTrisomy21\/<\/a><br \/>\n*Tick Tack * : <a href=\"https:\/\/vm.tiktok.com\/ZSJFpN5D8\/\">https:\/\/vm.tiktok.com\/ZSJFpN5D8\/<\/a><\/p>\n<p>In einem anderen Projekt zeigen die politischen F\u00fchrer Europas ihre Bereitschaft, dieses Datum zu feiern, indem sie einen jungen Menschen mit Down-Syndrom sponsern. <span style=\"color: #ffcc00;\"><strong>1<\/strong><strong>23 Abgeordnete <\/strong><\/span>haben positiv auf den Vorschlag geantwortet, (oft virtuell) einen jungen Menschen mit Down-Syndrom und \/ oder seine Eltern aus ihrem Land zu treffen und dann ein \u201eTrsisomy 21-Unterst\u00fctzer\u201c zu werden. MS. <span style=\"color: #ffcc00;\"><strong>von der Leyen<\/strong><\/span>, Pr\u00e4sident der Europ\u00e4ischen Kommission, beteiligt sich und unterst\u00fctzt die Initiative.<\/p>\n<p>&nbsp;<\/p>\n<p><img loading=\"lazy\" decoding=\"async\" class=\"aligncenter wp-image-32207 size-full\" src=\"https:\/\/eufortrisomy21.eu\/wp-content\/uploads\/2021\/03\/EN.png\" alt=\"\" width=\"1241\" height=\"1754\" srcset=\"https:\/\/eufortrisomy21.eu\/wp-content\/uploads\/2021\/03\/EN.png 1241w, https:\/\/eufortrisomy21.eu\/wp-content\/uploads\/2021\/03\/EN-212x300.png 212w, https:\/\/eufortrisomy21.eu\/wp-content\/uploads\/2021\/03\/EN-725x1024.png 725w, https:\/\/eufortrisomy21.eu\/wp-content\/uploads\/2021\/03\/EN-768x1085.png 768w, https:\/\/eufortrisomy21.eu\/wp-content\/uploads\/2021\/03\/EN-1087x1536.png 1087w, https:\/\/eufortrisomy21.eu\/wp-content\/uploads\/2021\/03\/EN-8x12.png 8w\" sizes=\"(max-width: 1241px) 100vw, 1241px\" \/><\/p>\n<p style=\"text-align: center;\"><span class=\"fontstyle0\">EUfortrisomy21 <\/span><span class=\"fontstyle2\">ist eine Gemeinschaft von Eltern von Kindern mit Down-Syndrom,<br \/>\nvereint, um die Rechte von Menschen mit Down-Syndrom in 4 vorrangigen Bereichen zu f\u00f6rdern:<br \/>\nSichtbarkeit, Nichtdiskriminierung, Gesundheit, Autonomie<\/span><\/p>\n<p style=\"text-align: center;\"><strong>Kontakt<\/strong> : contact@eufortrisomy21.eu<\/p>\n<p style=\"text-align: right;\"><a href=\"https:\/\/eufortrisomy21.eu\/wp-content\/uploads\/2021\/03\/2021-03-19-FINAL-PRESS-RELEASE.pdf\" target=\"_blank\" rel=\"noopener\">Klicke hier <\/a>um die Pressemitteilung herunterzuladen<\/p>\n<p style=\"text-align: right;\"><a href=\"https:\/\/eufortrisomy21.eu\/wp-content\/uploads\/2021\/03\/Communique-de-presse_EN.pdf\" target=\"_blank\" rel=\"noopener\">Klicke hier <\/a>um die signifikanten Zahlen herunterzuladen<\/p>","protected":false},"excerpt":{"rendered":"<p>\u00a0To celebrate the International Day of Trisomy 21, EUfortrisomy21 organizes a conference Thursday 18th March 2021 from 2 to 3:30&hellip;<\/p>","protected":false},"author":3,"featured_media":0,"comment_status":"closed","ping_status":"closed","sticky":false,"template":"","format":"standard","meta":{"_acf_changed":false,"footnotes":""},"categories":[45],"tags":[],"class_list":["post-32206","post","type-post","status-publish","format-standard","hentry","category-21-march-21"],"acf":[],"_links":{"self":[{"href":"https:\/\/eufortrisomy21.eu\/de\/wp-json\/wp\/v2\/posts\/32206"}],"collection":[{"href":"https:\/\/eufortrisomy21.eu\/de\/wp-json\/wp\/v2\/posts"}],"about":[{"href":"https:\/\/eufortrisomy21.eu\/de\/wp-json\/wp\/v2\/types\/post"}],"author":[{"embeddable":true,"href":"https:\/\/eufortrisomy21.eu\/de\/wp-json\/wp\/v2\/users\/3"}],"replies":[{"embeddable":true,"href":"https:\/\/eufortrisomy21.eu\/de\/wp-json\/wp\/v2\/comments?post=32206"}],"version-history":[{"count":0,"href":"https:\/\/eufortrisomy21.eu\/de\/wp-json\/wp\/v2\/posts\/32206\/revisions"}],"wp:attachment":[{"href":"https:\/\/eufortrisomy21.eu\/de\/wp-json\/wp\/v2\/media?parent=32206"}],"wp:term":[{"taxonomy":"category","embeddable":true,"href":"https:\/\/eufortrisomy21.eu\/de\/wp-json\/wp\/v2\/categories?post=32206"},{"taxonomy":"post_tag","embeddable":true,"href":"https:\/\/eufortrisomy21.eu\/de\/wp-json\/wp\/v2\/tags?post=32206"}],"curies":[{"name":"wp","href":"https:\/\/api.w.org\/{rel}","templated":true}]}}