{"id":32350,"date":"2021-06-24T17:12:45","date_gmt":"2021-06-24T15:12:45","guid":{"rendered":"https:\/\/eufortrisomy21.eu\/?p=32350"},"modified":"2022-07-22T10:28:28","modified_gmt":"2022-07-22T08:28:28","slug":"online-conference-improving-the-visibility-of-people-with-down-syndrome-an-emergency-for-europe","status":"publish","type":"post","link":"https:\/\/eufortrisomy21.eu\/de\/online-conference-improving-the-visibility-of-people-with-down-syndrome-an-emergency-for-europe\/","title":{"rendered":"Online-Konferenz \u2013 8. Juli 2021 \u2013 Verbesserung der Sichtbarkeit von Menschen mit Down-Syndrom"},"content":{"rendered":"<p style=\"text-align: right;\"><img loading=\"lazy\" decoding=\"async\" class=\"size-medium wp-image-14470 alignleft\" src=\"https:\/\/eufortrisomy21.eu\/wp-content\/uploads\/2020\/02\/Banniere7-300x120.jpg\" alt=\"\" width=\"300\" height=\"120\" srcset=\"https:\/\/eufortrisomy21.eu\/wp-content\/uploads\/2020\/02\/Banniere7-300x120.jpg 300w, https:\/\/eufortrisomy21.eu\/wp-content\/uploads\/2020\/02\/Banniere7-1024x410.jpg 1024w, https:\/\/eufortrisomy21.eu\/wp-content\/uploads\/2020\/02\/Banniere7-768x307.jpg 768w, https:\/\/eufortrisomy21.eu\/wp-content\/uploads\/2020\/02\/Banniere7-1536x614.jpg 1536w, https:\/\/eufortrisomy21.eu\/wp-content\/uploads\/2020\/02\/Banniere7.jpg 2000w\" sizes=\"(max-width: 300px) 100vw, 300px\" \/><\/p>\n<p>&nbsp;<\/p>\n<p>&nbsp;<\/p>\n<p>&nbsp;<\/p>\n<p>&nbsp;<\/p>\n<h2 style=\"text-align: center;\">Verbesserung der Sichtbarkeit von Menschen mit Down-Syndrom: ein Notfall f\u00fcr Europa. Warum? Wie?<\/h2>\n<p>Die Verbesserung der Sichtbarkeit von Menschen mit Down-Syndrom in Europa sollte eine wichtige Debatte in der <a href=\"https:\/\/futureu.europa.eu\/\" target=\"_blank\" rel=\"noopener\">B\u00fcrgerkonsultation zur Zukunft Europas of<\/a>.<\/p>\n<p><strong><a href=\"https:\/\/docs.google.com\/forms\/d\/e\/1FAIpQLSfcweCVPOG7YO_JwvF9NAbhpVdDDrUbxl59EM7JJ17kPaB95Q\/viewform\" target=\"_blank\" rel=\"noopener\">Hier registrieren<\/a> <\/strong>zur Teilnahme an der Online-Konferenz EUfortrisomy21 zum Thema <strong>8. Juli um 18 Uhr (Br\u00fcsseler Zeit)<\/strong> und tragen zu den Online-Debatten der B\u00fcrgerkonsultation zur \u201eZukunft Europas\u201c bei, um die Sichtbarkeit von Menschen mit Down-Syndrom zu verbessern.<\/p>\n<p><strong>Sprachen :<\/strong> Englisch, Spanisch, Franz\u00f6sisch, Deutsch, Deutsch, Tschechisch und Italienisch<\/p>\n<p>&nbsp;<\/p>\n<h2><u>Programm:<\/u><\/h2>\n<p><strong>Einf\u00fchrung : <\/strong>Herr Brando Benifei (Mitglied des Europ\u00e4ischen Parlaments \u2013 Italien)<\/p>\n<p><strong>Teil 1: Kontroverse F\u00e4lle von Diskriminierung in Europa\u00a0<\/strong><\/p>\n<ul>\n<li>Liebe zuk\u00fcnftige Mutter \u2013 Riccardo Bianchi \u2013 Coordown (IT)<\/li>\n<li>Liebe zuk\u00fcnftige Mutter (Zensur und der Fall vor dem EGMR) \u2013 Lucie Pacherie \u2013 Fondation J\u00e9r\u00f4me Lejeune (FR)<\/li>\n<li>Fall Arcadi Spada (SP) und Fall Richard Dawkins \u2013 Raquel del Barrio (Referenz-Elternteil der EU f\u00fcr Trisomie 21 in Spanien)<\/li>\n<\/ul>\n<p><strong>Teil 2: Warum gibt es diese diskriminierende Rede noch immer in Europa?<\/strong><\/p>\n<ul>\n<li>Philosophin: Danielle Moyse (FR)<\/li>\n<li>Tina Sander (Vereinsgr\u00fcnderin) : #NoNIPT Kampagne in Deutschland (DE)<\/li>\n<li>Selbstvertreterin : Natalie Dedreux \u2013 Bloggerin und Journalistin (DE)<\/li>\n<\/ul>\n<p><strong>Teil 3: Wie kann man die W\u00fcrde f\u00f6rdern und die Sichtbarkeit von Menschen mit Trisomie 21 f\u00f6rdern?<\/strong><\/p>\n<ul>\n<li>Selbstanw\u00e4ltin : Caterina Moretti (SP)<\/li>\n<li>Video von Frau Dubravka Suica, Mitglied des Vorsitzenden der Europ\u00e4ischen Kommission der Konferenz f\u00fcr die Zukunft Europas<\/li>\n<\/ul>\n<p><strong>Fragen und Antworten<\/strong><\/p>\n<p><strong>Fazit : <\/strong>Frau Radka Maxova (Mitglied des Europ\u00e4ischen Parlaments \u2013 Tschechische Republik)<\/p>\n<p id=\"tw-target-text\" class=\"tw-data-text tw-text-large XcVN5d tw-ta\" data-placeholder=\"Traduction\">Die Replay-Videos unserer Online-Konferenz sind verf\u00fcgbar <a href=\"https:\/\/www.youtube.com\/channel\/UCFbORaGOrc9HBNBSK7DG-nQ?app=desktop&amp;pli=1\" target=\"_blank\" rel=\"noopener\">auf unserem YouTube-Kanal<\/a>.<\/p>\n<p style=\"text-align: center;\"><span class=\"fontstyle0\">EUfortrisomy21 <\/span><span class=\"fontstyle2\">ist eine Gemeinschaft von Eltern von Kindern mit Down-Syndrom,<br \/>\nvereint, um die Rechte von Menschen mit Down-Syndrom in 4 vorrangigen Bereichen zu f\u00f6rdern:<br \/>\nSichtbarkeit, Nichtdiskriminierung, Gesundheit, Autonomie<\/span><\/p>\n<p style=\"text-align: center;\"><strong>Kontakt<\/strong> : contact@eufortrisomy21.eu<\/p>\n<p style=\"text-align: right;\">","protected":false},"excerpt":{"rendered":"<p>Improving the visibility of people with Down syndrome in Europe should be a major debate in the citizen\u2019s consultation for&hellip;<\/p>","protected":false},"author":3,"featured_media":0,"comment_status":"closed","ping_status":"closed","sticky":false,"template":"","format":"standard","meta":{"_acf_changed":false,"footnotes":""},"categories":[45],"tags":[],"class_list":["post-32350","post","type-post","status-publish","format-standard","hentry","category-21-march-21"],"acf":[],"_links":{"self":[{"href":"https:\/\/eufortrisomy21.eu\/de\/wp-json\/wp\/v2\/posts\/32350"}],"collection":[{"href":"https:\/\/eufortrisomy21.eu\/de\/wp-json\/wp\/v2\/posts"}],"about":[{"href":"https:\/\/eufortrisomy21.eu\/de\/wp-json\/wp\/v2\/types\/post"}],"author":[{"embeddable":true,"href":"https:\/\/eufortrisomy21.eu\/de\/wp-json\/wp\/v2\/users\/3"}],"replies":[{"embeddable":true,"href":"https:\/\/eufortrisomy21.eu\/de\/wp-json\/wp\/v2\/comments?post=32350"}],"version-history":[{"count":0,"href":"https:\/\/eufortrisomy21.eu\/de\/wp-json\/wp\/v2\/posts\/32350\/revisions"}],"wp:attachment":[{"href":"https:\/\/eufortrisomy21.eu\/de\/wp-json\/wp\/v2\/media?parent=32350"}],"wp:term":[{"taxonomy":"category","embeddable":true,"href":"https:\/\/eufortrisomy21.eu\/de\/wp-json\/wp\/v2\/categories?post=32350"},{"taxonomy":"post_tag","embeddable":true,"href":"https:\/\/eufortrisomy21.eu\/de\/wp-json\/wp\/v2\/tags?post=32350"}],"curies":[{"name":"wp","href":"https:\/\/api.w.org\/{rel}","templated":true}]}}