{"id":33047,"date":"2021-12-03T09:29:25","date_gmt":"2021-12-03T08:29:25","guid":{"rendered":"https:\/\/eufortrisomy21.eu\/?p=33047"},"modified":"2022-09-28T15:16:32","modified_gmt":"2022-09-28T13:16:32","slug":"33047-2","status":"publish","type":"post","link":"https:\/\/eufortrisomy21.eu\/de\/33047-2\/","title":{"rendered":"Internationaler Tag der Rechte von Menschen mit Behinderungen"},"content":{"rendered":"<p>Am 3<sup>rd<\/sup> Dezember 2021, dem Internationalen Tag der Rechte von Menschen mit Behinderungen, feierte die EU f\u00fcr Trisomie 21 die Rechte von Menschen mit Down-Syndrom. An diesem wichtigen Tag stellten Mitglieder des Europ\u00e4ischen Parlaments Menschen mit Down-Syndrom aus ganz Europa einige politische Fragen.<\/p>\n<p>Mit dieser Kampagne bef\u00e4higen wir Menschen mit Trisomie 21, ihre Stimme zu erheben und ihre politische Meinung zu verschiedenen Themen zu \u00e4u\u00dfern. Menschen mit Trisomie 21 sind B\u00fcrger mit uneingeschr\u00e4nkten demokratischen Rechten, und als solche ist ihre Einsicht nicht nur von Bedeutung, sondern von entscheidender Bedeutung f\u00fcr einen umfassenden zivilgesellschaftlichen Diskurs, den das Europ\u00e4ische Parlament ihnen zuh\u00f6ren sollte. Die demokratischen Institutionen sind noch nicht bereit, Menschen mit Trisomie 21 zuzuh\u00f6ren, aber sie sollten anfangen, sich anzupassen, damit jeder europ\u00e4ische B\u00fcrger an der europ\u00e4ischen Demokratie teilhaben kann.<\/p>\n<p>Verschiedene Themen wurden von Menschen mit Down-Syndrom behandelt:<\/p>\n<ul>\n<li>Diskriminierung:\n<ul>\n<li>Anna steht f\u00fcr die Rechte von Menschen mit Down-Syndrom, da alle Menschen mit Down-Syndrom die gleichen Rechte haben sollten: <a href=\"https:\/\/www.instagram.com\/reel\/CXB0uC-gTNg\/\">https:\/\/www.instagram.com\/reel\/CXB0uC-gTNg\/<\/a><\/li>\n<li>Catherina erz\u00e4hlt uns von den verschiedenen Mythen und der Diskriminierung, die jeden Tag passieren: <a href=\"https:\/\/www.instagram.com\/reel\/CXBs4m6gBUz\/\">https:\/\/www.instagram.com\/reel\/CXBs4m6gBUz\/<\/a><\/li>\n<li>Nathalie denkt, dass die vorgeburtlichen Tests eine Diskriminierung f\u00fcr Menschen mit Down-Syndrom sind: <a href=\"https:\/\/www.instagram.com\/reel\/CXBNKhYAvoQ\/\">https:\/\/www.instagram.com\/reel\/CXBNKhYAvoQ\/<\/a><\/li>\n<\/ul>\n<\/li>\n<\/ul>\n<ul>\n<li>Besch\u00e4ftigung:\n<ul>\n<li>Basia mag ihren Job, handgefertigte Taschen zu malen und m\u00f6chte, dass mehr Menschen eine solche M\u00f6glichkeit haben: <a href=\"https:\/\/www.instagram.com\/reel\/CXDln1dg38x\/\">https:\/\/www.instagram.com\/reel\/CXDln1dg38x\/<\/a><\/li>\n<li>Mihai arbeitet in einem Caf\u00e9 und m\u00f6chte mehr Menschen mit Down-Syndrom in den Arbeitsmarkt integrieren: <a href=\"https:\/\/www.instagram.com\/reel\/CXBcTWBARwG\/\">https:\/\/www.instagram.com\/reel\/CXBcTWBARwG\/<\/a><\/li>\n<\/ul>\n<\/li>\n<\/ul>\n<ul>\n<li>Sichtweite:\n<ul>\n<li>Caterina Moretti spricht \u00fcber Desinformation und Vorurteile, die Menschen mit Down-Syndrom gegen\u00fcberstehen: <a href=\"https:\/\/www.instagram.com\/reel\/CXDwWUpg9UX\/\">https:\/\/www.instagram.com\/reel\/CXDwWUpg9UX\/<\/a><\/li>\n<\/ul>\n<\/li>\n<\/ul>\n<ul>\n<li>Autonomie\n<ul>\n<li>Mihai erkl\u00e4rt, wie sein Alltag verl\u00e4uft und wie ihm sein Job, seine Freundin und seine Hobbys gefallen: <a href=\"https:\/\/www.instagram.com\/reel\/CXDpIqNgtL3\/\">https:\/\/www.instagram.com\/reel\/CXDpIqNgtL3\/<\/a><\/li>\n<li>Basia erz\u00e4hlt uns von ihrem ganz normalen Alltag: <a href=\"https:\/\/www.instagram.com\/reel\/CXBUWsCASW-\/\">https:\/\/www.instagram.com\/reel\/CXBUWsCASW-\/<\/a><\/li>\n<\/ul>\n<\/li>\n<\/ul>\n<p>Vielen Dank an Radka Maxova, Brando Benifei, Dragos Pislaru, Katrin Langensiepen und Rosa Estaras Ferragut, Mitglieder des Europ\u00e4ischen Parlaments, die unsere Kampagne zugunsten der Sichtbarkeit von Menschen mit Down-Syndrom an diesem wichtigen internationalen Tag der Rechte von Menschen mit Behinderungen unterst\u00fctzt haben .<\/p>","protected":false},"excerpt":{"rendered":"<p>On the 3rd of December 2021, International Day Of The Rights Of People With Disabilities, EU for Trisomy 21 celebrated&hellip;<\/p>","protected":false},"author":3,"featured_media":0,"comment_status":"closed","ping_status":"closed","sticky":false,"template":"","format":"standard","meta":{"_acf_changed":false,"footnotes":""},"categories":[45],"tags":[],"class_list":["post-33047","post","type-post","status-publish","format-standard","hentry","category-21-march-21"],"acf":[],"_links":{"self":[{"href":"https:\/\/eufortrisomy21.eu\/de\/wp-json\/wp\/v2\/posts\/33047"}],"collection":[{"href":"https:\/\/eufortrisomy21.eu\/de\/wp-json\/wp\/v2\/posts"}],"about":[{"href":"https:\/\/eufortrisomy21.eu\/de\/wp-json\/wp\/v2\/types\/post"}],"author":[{"embeddable":true,"href":"https:\/\/eufortrisomy21.eu\/de\/wp-json\/wp\/v2\/users\/3"}],"replies":[{"embeddable":true,"href":"https:\/\/eufortrisomy21.eu\/de\/wp-json\/wp\/v2\/comments?post=33047"}],"version-history":[{"count":0,"href":"https:\/\/eufortrisomy21.eu\/de\/wp-json\/wp\/v2\/posts\/33047\/revisions"}],"wp:attachment":[{"href":"https:\/\/eufortrisomy21.eu\/de\/wp-json\/wp\/v2\/media?parent=33047"}],"wp:term":[{"taxonomy":"category","embeddable":true,"href":"https:\/\/eufortrisomy21.eu\/de\/wp-json\/wp\/v2\/categories?post=33047"},{"taxonomy":"post_tag","embeddable":true,"href":"https:\/\/eufortrisomy21.eu\/de\/wp-json\/wp\/v2\/tags?post=33047"}],"curies":[{"name":"wp","href":"https:\/\/api.w.org\/{rel}","templated":true}]}}