{"id":33570,"date":"2023-06-05T15:06:48","date_gmt":"2023-06-05T13:06:48","guid":{"rendered":"https:\/\/eufortrisomy21.eu\/?p=33570"},"modified":"2024-02-20T17:22:09","modified_gmt":"2024-02-20T16:22:09","slug":"time-for-more-health","status":"publish","type":"post","link":"https:\/\/eufortrisomy21.eu\/de\/time-for-more-health\/","title":{"rendered":"Zeit f\u00fcr mehr Gesundheit"},"content":{"rendered":"<p><strong>Die Zukunft geh\u00f6rt uns: Ein voller Erfolg in Br\u00fcssel <\/strong><\/p>\n<p><strong>Br\u00fcssel, 1. Mai<\/strong><strong>2<\/strong><strong>, 2023<\/strong><\/p>\n<p>Den offiziellen Bericht finden Sie hier <a href=\"https:\/\/drive.google.com\/file\/d\/1GWGiY_j5SqgJcWtJ3wEvT8RlmPlHY2Gg\/view?usp=sharing\">contact@eufortrisomy21.eu<\/a>.<\/p>\n<p><img loading=\"lazy\" decoding=\"async\" class=\"wp-image-33571 alignleft\" src=\"https:\/\/eufortrisomy21.eu\/wp-content\/uploads\/2023\/06\/IMG_2495-scaled.jpeg\" alt=\"\" width=\"460\" height=\"345\" srcset=\"https:\/\/eufortrisomy21.eu\/wp-content\/uploads\/2023\/06\/IMG_2495-scaled.jpeg 2560w, https:\/\/eufortrisomy21.eu\/wp-content\/uploads\/2023\/06\/IMG_2495-300x225.jpeg 300w, https:\/\/eufortrisomy21.eu\/wp-content\/uploads\/2023\/06\/IMG_2495-1024x768.jpeg 1024w, https:\/\/eufortrisomy21.eu\/wp-content\/uploads\/2023\/06\/IMG_2495-768x576.jpeg 768w, https:\/\/eufortrisomy21.eu\/wp-content\/uploads\/2023\/06\/IMG_2495-1536x1152.jpeg 1536w, https:\/\/eufortrisomy21.eu\/wp-content\/uploads\/2023\/06\/IMG_2495-2048x1536.jpeg 2048w, https:\/\/eufortrisomy21.eu\/wp-content\/uploads\/2023\/06\/IMG_2495-16x12.jpeg 16w\" sizes=\"(max-width: 460px) 100vw, 460px\" \/>Das Projekt \u201eFuture is Ours\u201c hat mit seiner j\u00fcngsten Pr\u00e4senzveranstaltung #TheFutureIsOurs, die vom 1. bis 3. Mai in Br\u00fcssel stattfand, einen durchschlagenden Erfolg erzielt. Die Veranstaltung stellte einen bedeutenden Meilenstein f\u00fcr die Selbstvertretung des Down-Syndroms dar und zog 72 Personen aus 11 EU-L\u00e4ndern an, darunter 28 Selbstvertreter mit Down-Syndrom.<\/p>\n<p>Die Veranstaltung begann mit einem k\u00f6stlichen Abendessen am 1. Mai, bei dem Teilnehmer aus verschiedenen L\u00e4ndern zusammenkamen und ihre Erfahrungen austauschten. Am 2. Mai begr\u00fc\u00dfte Europaabgeordneter Lukas Mandl die Teilnehmer im ZWEIG-Geb\u00e4ude und brachte seine Unterst\u00fctzung f\u00fcr die Ziele der Veranstaltung zum Ausdruck und betonte, wie wichtig es sei, sich f\u00fcr die Rechte von Menschen mit Down-Syndrom einzusetzen.<\/p>\n<p>Die Workshops, die eine Reihe von Themen im Zusammenhang mit der Sichtbarkeit, Gleichbehandlung und dem Wohlbefinden von Menschen mit Down-Syndrom abdeckten, waren informativ und praktisch und vermittelten den Teilnehmern wertvolles Wissen und Werkzeuge zur Verbesserung ihrer Gesundheit und ihres Wohlbefindens. Am Nachmittag behandelte die Podiumsdiskussion \u201eZeit f\u00fcr mehr Gesundheit\u201c mit Europaabgeordneter Rosa Estar\u00e0s Ferragut, Europaabgeordneter Helmut Geuking, Professorin Mara Dierssen Sotos, Doktor Pilar Garcia Fern\u00e1ndez, Selbstvertreterin Jean Phillipe Barone und der Expertin Mareike Fuisz wichtige Fragen im Zusammenhang mit der Gesundheit und Wohlbefinden von Menschen mit Down-Syndrom.<\/p>\n<p><img loading=\"lazy\" decoding=\"async\" class=\"alignright wp-image-33572\" src=\"https:\/\/eufortrisomy21.eu\/wp-content\/uploads\/2023\/06\/IMG_2575-scaled.jpeg\" alt=\"\" width=\"298\" height=\"397\" srcset=\"https:\/\/eufortrisomy21.eu\/wp-content\/uploads\/2023\/06\/IMG_2575-scaled.jpeg 1920w, https:\/\/eufortrisomy21.eu\/wp-content\/uploads\/2023\/06\/IMG_2575-225x300.jpeg 225w, https:\/\/eufortrisomy21.eu\/wp-content\/uploads\/2023\/06\/IMG_2575-768x1024.jpeg 768w, https:\/\/eufortrisomy21.eu\/wp-content\/uploads\/2023\/06\/IMG_2575-1152x1536.jpeg 1152w, https:\/\/eufortrisomy21.eu\/wp-content\/uploads\/2023\/06\/IMG_2575-1536x2048.jpeg 1536w, https:\/\/eufortrisomy21.eu\/wp-content\/uploads\/2023\/06\/IMG_2575-9x12.jpeg 9w\" sizes=\"(max-width: 298px) 100vw, 298px\" \/><\/p>\n<p>Einer der wirkungsvollsten Bestandteile der Veranstaltung war der Teil \u201eMeet Your MEP\u201c, der den Teilnehmern die M\u00f6glichkeit bot, die Vertreter ihres Landes im Europ\u00e4ischen Parlament zu treffen und sich f\u00fcr ihre Rechte als Selbstvertreter mit Down-Syndrom einzusetzen. Die Pr\u00e4sidentin, Roberta Metsola, geh\u00f6rte zu den zahlreichen Abgeordneten des Europ\u00e4ischen Parlaments, die den Anlass beehrten und alle herzlich willkommen hie\u00dfen.<\/p>\n<p>Die Veranstaltung gipfelte in einem entz\u00fcckenden Empfang, der von der Europaabgeordneten Margarita De la Pisa moderiert wurde und den Teilnehmern, Rednern und Organisatoren die M\u00f6glichkeit bot, sich zu entspannen, zu tanzen und spanische K\u00f6stlichkeiten zu genie\u00dfen.<\/p>\n<p>EU For Trisomy 21 ist stolz auf den Erfolg dieser Veranstaltung, die eine vielf\u00e4ltige Gruppe von Selbstvertretern mit Down-Syndrom aus verschiedenen L\u00e4ndern und mit unterschiedlichem Hintergrund zusammenbringt. Wir danken unseren Rednern, Teilnehmern und Partnerorganisationen f\u00fcr ihre enorme Unterst\u00fctzung beim Eintreten f\u00fcr die Rechte von Menschen mit Down-Syndrom. Wir danken auch den Abgeordneten des Europ\u00e4ischen Parlaments f\u00fcr ihre freundliche Anwesenheit bei der Veranstaltung. Bleiben Sie dran f\u00fcr weitere Fotos, Videos und zuk\u00fcnftige Neuigkeiten zum Thema Down-Syndrom-Interessenvertretung und Selbstvertretung auf unserer Website und in den Social-Media-Kan\u00e4len.<\/p>","protected":false},"excerpt":{"rendered":"<p>The Future Is Ours: A Resounding Success in Brussels Brussels, May 12, 2023 You can find the official report here.&hellip;<\/p>","protected":false},"author":3,"featured_media":0,"comment_status":"closed","ping_status":"closed","sticky":false,"template":"","format":"standard","meta":{"_acf_changed":false,"footnotes":""},"categories":[45],"tags":[],"class_list":["post-33570","post","type-post","status-publish","format-standard","hentry","category-21-march-21"],"acf":[],"_links":{"self":[{"href":"https:\/\/eufortrisomy21.eu\/de\/wp-json\/wp\/v2\/posts\/33570"}],"collection":[{"href":"https:\/\/eufortrisomy21.eu\/de\/wp-json\/wp\/v2\/posts"}],"about":[{"href":"https:\/\/eufortrisomy21.eu\/de\/wp-json\/wp\/v2\/types\/post"}],"author":[{"embeddable":true,"href":"https:\/\/eufortrisomy21.eu\/de\/wp-json\/wp\/v2\/users\/3"}],"replies":[{"embeddable":true,"href":"https:\/\/eufortrisomy21.eu\/de\/wp-json\/wp\/v2\/comments?post=33570"}],"version-history":[{"count":3,"href":"https:\/\/eufortrisomy21.eu\/de\/wp-json\/wp\/v2\/posts\/33570\/revisions"}],"predecessor-version":[{"id":33630,"href":"https:\/\/eufortrisomy21.eu\/de\/wp-json\/wp\/v2\/posts\/33570\/revisions\/33630"}],"wp:attachment":[{"href":"https:\/\/eufortrisomy21.eu\/de\/wp-json\/wp\/v2\/media?parent=33570"}],"wp:term":[{"taxonomy":"category","embeddable":true,"href":"https:\/\/eufortrisomy21.eu\/de\/wp-json\/wp\/v2\/categories?post=33570"},{"taxonomy":"post_tag","embeddable":true,"href":"https:\/\/eufortrisomy21.eu\/de\/wp-json\/wp\/v2\/tags?post=33570"}],"curies":[{"name":"wp","href":"https:\/\/api.w.org\/{rel}","templated":true}]}}