{"id":30925,"date":"2021-02-19T16:40:13","date_gmt":"2021-02-19T15:40:13","guid":{"rendered":"https:\/\/eufortrisomy21.eu\/?p=30925"},"modified":"2021-02-23T15:00:23","modified_gmt":"2021-02-23T14:00:23","slug":"focus-on-the-21st-of-march-2021-lets-celebrate-world-down-syndrome-day-in-europe","status":"publish","type":"post","link":"https:\/\/eufortrisomy21.eu\/es\/focus-on-the-21st-of-march-2021-lets-celebrate-world-down-syndrome-day-in-europe\/","title":{"rendered":"Comunicado de prensa: enfoque en el 21 de marzo de 2021. \u00a1Celebremos el D\u00eda Mundial del s\u00edndrome de Down en Europa!"},"content":{"rendered":"<p><img loading=\"lazy\" decoding=\"async\" class=\"size-medium wp-image-20686 alignright\" src=\"https:\/\/eufortrisomy21.eu\/wp-content\/uploads\/2020\/11\/Logo_EUforTrisomy21-Couleur-300x213.png\" alt=\"\" width=\"300\" height=\"213\" srcset=\"https:\/\/eufortrisomy21.eu\/wp-content\/uploads\/2020\/11\/Logo_EUforTrisomy21-Couleur-300x213.png 300w, https:\/\/eufortrisomy21.eu\/wp-content\/uploads\/2020\/11\/Logo_EUforTrisomy21-Couleur-1024x727.png 1024w, https:\/\/eufortrisomy21.eu\/wp-content\/uploads\/2020\/11\/Logo_EUforTrisomy21-Couleur-768x545.png 768w, https:\/\/eufortrisomy21.eu\/wp-content\/uploads\/2020\/11\/Logo_EUforTrisomy21-Couleur.png 1429w\" sizes=\"(max-width: 300px) 100vw, 300px\" \/>La pr\u00f3xima edici\u00f3n del D\u00eda Mundial del S\u00edndrome de Down (21<sup>S t<\/sup> de marzo seg\u00fan lo decidido por Naciones Unidas) requiere un impulso especial ya que tiene lugar en 2021 y el s\u00edndrome de Down se conoce m\u00e9dicamente como trisom\u00eda 21.<\/p>\n<p>En esta perspectiva, una comunidad de padres de ni\u00f1os con s\u00edndrome de Down, de toda Europa, se uni\u00f3 bajo la etiqueta EUfortrisomy21. Gracias a un grupo de padres que lanz\u00f3 los preparativos, 16 pa\u00edses ya est\u00e1n representados en la etiqueta EUfortrisomy21 que da una dimensi\u00f3n europea a las celebraciones del D\u00eda Mundial del S\u00edndrome de Down.<\/p>\n<p>Lo que los une: su determinaci\u00f3n de hacer de 2021 un a\u00f1o dedicado a las personas con s\u00edndrome de Down; un a\u00f1o para honrarlos, para darles el lugar que les corresponde en la sociedad europea.<\/p>\n<p>Para los 21<sup>S t<\/sup> de marzo se propondr\u00e1n tres proyectos para celebrar esta fecha a nivel europeo. Los detalles de estos proyectos se comunicar\u00e1n durante el mes de febrero: un proyecto para alegrar, un proyecto para reflexionar y un proyecto para actuar.<\/p>\n<p><strong>Contacto: press@eufortrisomy21.eu <\/strong><\/p>\n<p><u>EUfortrisomy21<\/u> es una comunidad de padres de ni\u00f1os con s\u00edndrome de Down, unidos para promover los derechos de las personas con s\u00edndrome de Down en 4 \u00e1reas prioritarias: visibilidad, no discriminaci\u00f3n, salud, autonom\u00eda.<\/p>","protected":false},"excerpt":{"rendered":"<p>The next edition of World Down Syndrome Day (21st of March as decided by United Nation) calls for a special&hellip;<\/p>","protected":false},"author":2,"featured_media":0,"comment_status":"closed","ping_status":"closed","sticky":false,"template":"","format":"standard","meta":{"_acf_changed":false,"footnotes":""},"categories":[45],"tags":[],"class_list":["post-30925","post","type-post","status-publish","format-standard","hentry","category-21-march-21"],"acf":[],"_links":{"self":[{"href":"https:\/\/eufortrisomy21.eu\/es\/wp-json\/wp\/v2\/posts\/30925"}],"collection":[{"href":"https:\/\/eufortrisomy21.eu\/es\/wp-json\/wp\/v2\/posts"}],"about":[{"href":"https:\/\/eufortrisomy21.eu\/es\/wp-json\/wp\/v2\/types\/post"}],"author":[{"embeddable":true,"href":"https:\/\/eufortrisomy21.eu\/es\/wp-json\/wp\/v2\/users\/2"}],"replies":[{"embeddable":true,"href":"https:\/\/eufortrisomy21.eu\/es\/wp-json\/wp\/v2\/comments?post=30925"}],"version-history":[{"count":0,"href":"https:\/\/eufortrisomy21.eu\/es\/wp-json\/wp\/v2\/posts\/30925\/revisions"}],"wp:attachment":[{"href":"https:\/\/eufortrisomy21.eu\/es\/wp-json\/wp\/v2\/media?parent=30925"}],"wp:term":[{"taxonomy":"category","embeddable":true,"href":"https:\/\/eufortrisomy21.eu\/es\/wp-json\/wp\/v2\/categories?post=30925"},{"taxonomy":"post_tag","embeddable":true,"href":"https:\/\/eufortrisomy21.eu\/es\/wp-json\/wp\/v2\/tags?post=30925"}],"curies":[{"name":"wp","href":"https:\/\/api.w.org\/{rel}","templated":true}]}}