{"id":31446,"date":"2021-03-09T10:19:38","date_gmt":"2021-03-09T09:19:38","guid":{"rendered":"https:\/\/eufortrisomy21.eu\/?p=31446"},"modified":"2021-03-09T10:20:49","modified_gmt":"2021-03-09T09:20:49","slug":"press-release-one-dancing-challenge-to-join-in-the-celebration","status":"publish","type":"post","link":"https:\/\/eufortrisomy21.eu\/es\/press-release-one-dancing-challenge-to-join-in-the-celebration\/","title":{"rendered":"Comunicado de prensa: \u00a1Un desaf\u00edo de baile para unirse a la celebraci\u00f3n!"},"content":{"rendered":"<p style=\"text-align: right;\"><img loading=\"lazy\" decoding=\"async\" class=\"size-medium wp-image-14470 alignleft\" src=\"https:\/\/eufortrisomy21.eu\/wp-content\/uploads\/2020\/02\/Banniere7-300x120.jpg\" alt=\"\" width=\"300\" height=\"120\" srcset=\"https:\/\/eufortrisomy21.eu\/wp-content\/uploads\/2020\/02\/Banniere7-300x120.jpg 300w, https:\/\/eufortrisomy21.eu\/wp-content\/uploads\/2020\/02\/Banniere7-1024x410.jpg 1024w, https:\/\/eufortrisomy21.eu\/wp-content\/uploads\/2020\/02\/Banniere7-768x307.jpg 768w, https:\/\/eufortrisomy21.eu\/wp-content\/uploads\/2020\/02\/Banniere7-1536x614.jpg 1536w, https:\/\/eufortrisomy21.eu\/wp-content\/uploads\/2020\/02\/Banniere7.jpg 2000w\" sizes=\"(max-width: 300px) 100vw, 300px\" \/>presione soltar<\/p>\n<p style=\"text-align: right;\">Bruselas<\/p>\n<p style=\"text-align: right;\">3 de marzo de 2021<\/p>\n<p>&nbsp;<\/p>\n<h2 style=\"text-align: center;\"><span style=\"color: #99ccff;\"><strong>Celebremos juntos el 21 de marzo <\/strong><\/span><\/h2>\n<h2 style=\"text-align: center;\"><strong><span style=\"color: #ffcc00;\">1<\/span> Baile <span style=\"color: #ffcc00;\">desaf\u00edo <\/span><\/strong>para unirse a la celebraci\u00f3n!<\/h2>\n<p>El siguiente <em>D\u00eda Internacional de la Trisom\u00eda 21<\/em> tendr\u00e1 lugar el domingo 21 de marzo 20<span style=\"color: #99ccff;\"><strong>21<\/strong><\/span>. Para celebrar esta fecha emblem\u00e1tica para las personas con s\u00edndrome de Down (tambi\u00e9n llamado Trisom\u00eda <span style=\"color: #99ccff;\"><strong>21<\/strong><\/span>), <em>EUforTrisomy21<\/em> propone tres proyectos. Enfoque en el desaf\u00edo de la danza para poner a la luz a las personas con s\u00edndrome de Down: una coreograf\u00eda para bailar para alegrarse, para celebrar junto a las personas con s\u00edndrome de Down.<\/p>\n<h4><span style=\"color: #ffcc00;\"><strong>1. La coreograf\u00eda<\/strong><\/span><\/h4>\n<p>Ha sido imaginado por un core\u00f3grafo que sol\u00eda trabajar en un centro dedicado a personas con s\u00edndrome de Down. La m\u00fasica es un extracto del \u00faltimo single del artista franc\u00e9s Kimberose: \u00ab\u00a0<em>De nuevo en pie \u00bb.<\/em><\/p>\n<h4><span style=\"color: #99ccff;\"><strong>2. El desaf\u00edo \u00abDanza para el 21 de marzo - D\u00eda Internacional de la Trisom\u00eda 21\u00bb<\/strong><\/span><\/h4>\n<p>Se ha lanzado en las redes sociales en <strong><span style=\"color: #99ccff;\">el 3 de marzo de 2021<\/span><\/strong>.<\/p>\n<p>Est\u00e1 dirigido a ciudadanos de pa\u00edses europeos; todos est\u00e1n invitados a participar en el desaf\u00edo:<\/p>\n<ul>\n<li>Expresar la alegr\u00eda y honrar a nuestros allegados con s\u00edndrome de Down;<\/li>\n<li>Conocer personas con s\u00edndrome de Down en nuestra comunidad;<\/li>\n<li>Expresar un agradecimiento colectivo por la especial posici\u00f3n de las personas con s\u00edndrome de Down en nuestra sociedad, que hay que destacar: una parte esencial de nuestra sociedad.<\/li>\n<\/ul>\n<p>Concretamente:<\/p>\n<ul>\n<li>Todos aprenden la coreograf\u00eda, se registran, la publican en las redes sociales y difunden las publicaciones de<em> EUforTrisomy21<\/em>.<\/li>\n<li>Usando los siguientes hashtags: <span style=\"color: #99ccff;\"><strong>#EUfortrisomy21<\/strong><strong> #challenge #downsyndrome<\/strong><\/span><\/li>\n<\/ul>\n<h4><strong><span style=\"color: #ffcc00;\">3. C\u00f3digo de vestimenta (si es posible)<\/span><\/strong><\/h4>\n<p>Arriba: blanco \/ Abajo: azul \/ Calcetines o zapatos que no coinciden<\/p>\n<h4><strong><span style=\"color: #99ccff;\">4. EUfortrisomy21<\/span><\/strong><\/h4>\n<p>EUfortrisomy21 es una comunidad de padres de personas con s\u00edndrome de Down en toda Europa: <strong><span style=\"color: #99ccff;\">19 pa\u00edses est\u00e1n involucrados<\/span><\/strong> representando <strong><span style=\"color: #99ccff;\">55 asociaciones<\/span><\/strong> quien es <strong><span style=\"color: #99ccff;\">socios<\/span><\/strong> del proyecto EUforTrisomy21 para la edici\u00f3n 2021 del D\u00eda Internacional de la Trisom\u00eda 21.<\/p>\n<p>&nbsp;<\/p>\n<p style=\"text-align: center;\">Contacto: contact@eufortrisomy21.eu<\/p>\n<p style=\"text-align: right;\"><a href=\"https:\/\/eufortrisomy21.eu\/wp-content\/uploads\/2021\/03\/EN-EUfortrisomy21-dancing-video-03-03-21.pdf\" target=\"_blank\" rel=\"noopener\">haga clic aqu\u00ed<\/a> para descargar el comunicado de prensa<\/p>","protected":false},"excerpt":{"rendered":"<p>El pr\u00f3ximo D\u00eda Internacional de la Trisom\u00eda 21 tendr\u00e1 lugar el domingo 21 de marzo de 2021. Para celebrar este\u2026<\/p>","protected":false},"author":3,"featured_media":0,"comment_status":"closed","ping_status":"closed","sticky":false,"template":"","format":"standard","meta":{"_acf_changed":false,"footnotes":""},"categories":[45],"tags":[],"class_list":["post-31446","post","type-post","status-publish","format-standard","hentry","category-21-march-21"],"acf":[],"_links":{"self":[{"href":"https:\/\/eufortrisomy21.eu\/es\/wp-json\/wp\/v2\/posts\/31446"}],"collection":[{"href":"https:\/\/eufortrisomy21.eu\/es\/wp-json\/wp\/v2\/posts"}],"about":[{"href":"https:\/\/eufortrisomy21.eu\/es\/wp-json\/wp\/v2\/types\/post"}],"author":[{"embeddable":true,"href":"https:\/\/eufortrisomy21.eu\/es\/wp-json\/wp\/v2\/users\/3"}],"replies":[{"embeddable":true,"href":"https:\/\/eufortrisomy21.eu\/es\/wp-json\/wp\/v2\/comments?post=31446"}],"version-history":[{"count":0,"href":"https:\/\/eufortrisomy21.eu\/es\/wp-json\/wp\/v2\/posts\/31446\/revisions"}],"wp:attachment":[{"href":"https:\/\/eufortrisomy21.eu\/es\/wp-json\/wp\/v2\/media?parent=31446"}],"wp:term":[{"taxonomy":"category","embeddable":true,"href":"https:\/\/eufortrisomy21.eu\/es\/wp-json\/wp\/v2\/categories?post=31446"},{"taxonomy":"post_tag","embeddable":true,"href":"https:\/\/eufortrisomy21.eu\/es\/wp-json\/wp\/v2\/tags?post=31446"}],"curies":[{"name":"wp","href":"https:\/\/api.w.org\/{rel}","templated":true}]}}