{"id":32206,"date":"2021-03-19T13:25:51","date_gmt":"2021-03-19T12:25:51","guid":{"rendered":"https:\/\/eufortrisomy21.eu\/?p=32206"},"modified":"2022-06-24T11:55:59","modified_gmt":"2022-06-24T09:55:59","slug":"press-release-on-march-21st-europe-is-honouring-persons-with-downs-syndrome","status":"publish","type":"post","link":"https:\/\/eufortrisomy21.eu\/es\/press-release-on-march-21st-europe-is-honouring-persons-with-downs-syndrome\/","title":{"rendered":"Comunicado de prensa: El 21 de marzo, Europa rinde homenaje a las personas con s\u00edndrome de Down"},"content":{"rendered":"<p style=\"text-align: right;\"><img loading=\"lazy\" decoding=\"async\" class=\"size-medium wp-image-14470 alignleft\" src=\"https:\/\/eufortrisomy21.eu\/wp-content\/uploads\/2020\/02\/Banniere7-300x120.jpg\" alt=\"\" width=\"300\" height=\"120\" srcset=\"https:\/\/eufortrisomy21.eu\/wp-content\/uploads\/2020\/02\/Banniere7-300x120.jpg 300w, https:\/\/eufortrisomy21.eu\/wp-content\/uploads\/2020\/02\/Banniere7-1024x410.jpg 1024w, https:\/\/eufortrisomy21.eu\/wp-content\/uploads\/2020\/02\/Banniere7-768x307.jpg 768w, https:\/\/eufortrisomy21.eu\/wp-content\/uploads\/2020\/02\/Banniere7-1536x614.jpg 1536w, https:\/\/eufortrisomy21.eu\/wp-content\/uploads\/2020\/02\/Banniere7.jpg 2000w\" sizes=\"(max-width: 300px) 100vw, 300px\" \/>presione soltar<\/p>\n<p style=\"text-align: right;\">Bruselas<\/p>\n<p style=\"text-align: right;\">19 de marzo de 2021<\/p>\n<p>&nbsp;<\/p>\n<h2 style=\"text-align: center;\"><span style=\"color: #99ccff;\"><strong>El 21 de marzo, Europa rinde homenaje a las personas con s\u00edndrome de Down:\u00a0\u00a0<\/strong><strong>los ciudadanos <\/strong><\/span><strong>y <span style=\"color: #99ccff;\">l\u00edderes pol\u00edticos<\/span> est\u00e1n invitados a celebrar el <\/strong><span style=\"color: #99ccff;\"><strong>D\u00eda Internacional de la Trisom\u00eda 21<\/strong><\/span><span style=\"color: #99ccff;\">\u00a0<\/span><\/h2>\n<p style=\"text-align: center;\"><strong>Gracias a <span style=\"color: #ffcc00;\">Sra. Von der Leyen<\/span> y al <span style=\"color: #ffcc00;\">Miembros del Parlamento Europeo (eurodiputados)<\/span><\/strong><\/p>\n<p style=\"text-align: center;\"><strong>que est\u00e1n involucrados en esta campa\u00f1a.<\/strong><\/p>\n<p style=\"text-align: left;\"><span style=\"color: #000000;\">\u00a0<\/span>Durante toda una semana, miles de ciudadanos y familias de toda Europa est\u00e1n difundiendo el desaf\u00edo \u00ab\u00a0<em>Bailando por el 21 de marzo\u00a0<\/em>\u00bb<\/p>\n<p style=\"text-align: center;\"><span style=\"color: #99ccff;\"><strong>Todos est\u00e1n invitados a sumarse a la movilizaci\u00f3n hasta el 21 de marzo<\/strong><\/span><\/p>\n<p style=\"text-align: center;\">compartiendo la recopilaci\u00f3n de videos publicada este mi\u00e9rcoles por la noche (17 de marzo):<\/p>\n<p style=\"text-align: center;\"><span style=\"color: #99ccff;\"><strong>@ eufortrisomy21<br \/>\n#EUfortrisomy21 #challenge #downsyndrome<\/strong><\/span><\/p>\n<p>Para descubrir en <a href=\"https:\/\/eufortrisomy21.eu\/fr\/\">https:\/\/eufortrisomy21.eu\/fr\/<\/a><br \/>\nPara compartir :<br \/>\n* twitter *: <a href=\"https:\/\/twitter.com\/eufortrisomy21?s=21\">https:\/\/twitter.com\/eufortrisomy21?s=21<\/a><br \/>\n* Instagram *: <a href=\"https:\/\/instagram.com\/eufortrisomy21?igshid=1htqe2arifhnb\">https:\/\/instagram.com\/eufortrisomy21?igshid=1htqe2arifhnb<br \/>\n<\/a>*Facebook * : <a href=\"https:\/\/www.facebook.com\/EUforTrisomy21\/\">https:\/\/www.facebook.com\/EUforTrisomy21\/<\/a><br \/>\n*Tik Tok * : <a href=\"https:\/\/vm.tiktok.com\/ZSJFpN5D8\/\">https:\/\/vm.tiktok.com\/ZSJFpN5D8\/<\/a><\/p>\n<p>En un proyecto diferente, los l\u00edderes pol\u00edticos europeos est\u00e1n mostrando su voluntad de celebrar esta fecha apadrinando a un joven con s\u00edndrome de Down. <span style=\"color: #ffcc00;\"><strong>1<\/strong><strong>23 eurodiputados <\/strong><\/span>han respondido positivamente a la propuesta de conocer (a menudo virtualmente) a un joven con s\u00edndrome de Down y \/ o sus padres de su pa\u00eds, convirti\u00e9ndose entonces en un \u201cpartidario de la Trsisom\u00eda 21\u201d. Milisegundo. <span style=\"color: #ffcc00;\"><strong>von der Leyen<\/strong><\/span>, presidente de la Comisi\u00f3n Europea, participa y apoya la iniciativa.<\/p>\n<p>&nbsp;<\/p>\n<p><img loading=\"lazy\" decoding=\"async\" class=\"aligncenter wp-image-32207 size-full\" src=\"https:\/\/eufortrisomy21.eu\/wp-content\/uploads\/2021\/03\/EN.png\" alt=\"\" width=\"1241\" height=\"1754\" srcset=\"https:\/\/eufortrisomy21.eu\/wp-content\/uploads\/2021\/03\/EN.png 1241w, https:\/\/eufortrisomy21.eu\/wp-content\/uploads\/2021\/03\/EN-212x300.png 212w, https:\/\/eufortrisomy21.eu\/wp-content\/uploads\/2021\/03\/EN-725x1024.png 725w, https:\/\/eufortrisomy21.eu\/wp-content\/uploads\/2021\/03\/EN-768x1085.png 768w, https:\/\/eufortrisomy21.eu\/wp-content\/uploads\/2021\/03\/EN-1087x1536.png 1087w, https:\/\/eufortrisomy21.eu\/wp-content\/uploads\/2021\/03\/EN-8x12.png 8w\" sizes=\"(max-width: 1241px) 100vw, 1241px\" \/><\/p>\n<p style=\"text-align: center;\"><span class=\"fontstyle0\">EUfortrisomy21 <\/span><span class=\"fontstyle2\">es una comunidad de padres de ni\u00f1os con s\u00edndrome de Down,<br \/>\nUnidos para promover los derechos de las personas con s\u00edndrome de Down en 4 \u00e1reas prioritarias:<br \/>\nvisibilidad, no discriminaci\u00f3n, salud, autonom\u00eda<\/span><\/p>\n<p style=\"text-align: center;\"><strong>Contacto<\/strong> : contact@eufortrisomy21.eu<\/p>\n<p style=\"text-align: right;\"><a href=\"https:\/\/eufortrisomy21.eu\/wp-content\/uploads\/2021\/03\/2021-03-19-FINAL-PRESS-RELEASE.pdf\" target=\"_blank\" rel=\"noopener\">haga clic aqu\u00ed <\/a>para descargar el comunicado de prensa<\/p>\n<p style=\"text-align: right;\"><a href=\"https:\/\/eufortrisomy21.eu\/wp-content\/uploads\/2021\/03\/Communique-de-presse_EN.pdf\" target=\"_blank\" rel=\"noopener\">haga clic aqu\u00ed <\/a>para descargar las cifras significativas<\/p>","protected":false},"excerpt":{"rendered":"<p>\u00a0Para celebrar el D\u00eda Internacional de la Trisom\u00eda 21, EUfortrisomy21 organiza una conferencia el jueves 18 de marzo de 2021 de 2 a 3:30\u2026<\/p>","protected":false},"author":3,"featured_media":0,"comment_status":"closed","ping_status":"closed","sticky":false,"template":"","format":"standard","meta":{"_acf_changed":false,"footnotes":""},"categories":[45],"tags":[],"class_list":["post-32206","post","type-post","status-publish","format-standard","hentry","category-21-march-21"],"acf":[],"_links":{"self":[{"href":"https:\/\/eufortrisomy21.eu\/es\/wp-json\/wp\/v2\/posts\/32206"}],"collection":[{"href":"https:\/\/eufortrisomy21.eu\/es\/wp-json\/wp\/v2\/posts"}],"about":[{"href":"https:\/\/eufortrisomy21.eu\/es\/wp-json\/wp\/v2\/types\/post"}],"author":[{"embeddable":true,"href":"https:\/\/eufortrisomy21.eu\/es\/wp-json\/wp\/v2\/users\/3"}],"replies":[{"embeddable":true,"href":"https:\/\/eufortrisomy21.eu\/es\/wp-json\/wp\/v2\/comments?post=32206"}],"version-history":[{"count":0,"href":"https:\/\/eufortrisomy21.eu\/es\/wp-json\/wp\/v2\/posts\/32206\/revisions"}],"wp:attachment":[{"href":"https:\/\/eufortrisomy21.eu\/es\/wp-json\/wp\/v2\/media?parent=32206"}],"wp:term":[{"taxonomy":"category","embeddable":true,"href":"https:\/\/eufortrisomy21.eu\/es\/wp-json\/wp\/v2\/categories?post=32206"},{"taxonomy":"post_tag","embeddable":true,"href":"https:\/\/eufortrisomy21.eu\/es\/wp-json\/wp\/v2\/tags?post=32206"}],"curies":[{"name":"wp","href":"https:\/\/api.w.org\/{rel}","templated":true}]}}