{"id":32350,"date":"2021-06-24T17:12:45","date_gmt":"2021-06-24T15:12:45","guid":{"rendered":"https:\/\/eufortrisomy21.eu\/?p=32350"},"modified":"2022-07-22T10:28:28","modified_gmt":"2022-07-22T08:28:28","slug":"online-conference-improving-the-visibility-of-people-with-down-syndrome-an-emergency-for-europe","status":"publish","type":"post","link":"https:\/\/eufortrisomy21.eu\/es\/online-conference-improving-the-visibility-of-people-with-down-syndrome-an-emergency-for-europe\/","title":{"rendered":"Conferencia online - 8 de julio de 2021 - Mejorando la visibilidad de las personas con s\u00edndrome de Down"},"content":{"rendered":"<p style=\"text-align: right;\"><img loading=\"lazy\" decoding=\"async\" class=\"size-medium wp-image-14470 alignleft\" src=\"https:\/\/eufortrisomy21.eu\/wp-content\/uploads\/2020\/02\/Banniere7-300x120.jpg\" alt=\"\" width=\"300\" height=\"120\" srcset=\"https:\/\/eufortrisomy21.eu\/wp-content\/uploads\/2020\/02\/Banniere7-300x120.jpg 300w, https:\/\/eufortrisomy21.eu\/wp-content\/uploads\/2020\/02\/Banniere7-1024x410.jpg 1024w, https:\/\/eufortrisomy21.eu\/wp-content\/uploads\/2020\/02\/Banniere7-768x307.jpg 768w, https:\/\/eufortrisomy21.eu\/wp-content\/uploads\/2020\/02\/Banniere7-1536x614.jpg 1536w, https:\/\/eufortrisomy21.eu\/wp-content\/uploads\/2020\/02\/Banniere7.jpg 2000w\" sizes=\"(max-width: 300px) 100vw, 300px\" \/><\/p>\n<p>&nbsp;<\/p>\n<p>&nbsp;<\/p>\n<p>&nbsp;<\/p>\n<p>&nbsp;<\/p>\n<h2 style=\"text-align: center;\">Mejorar la visibilidad de las personas con s\u00edndrome de Down: una emergencia para Europa. \u00bfPor qu\u00e9? \u00bfC\u00f3mo?<\/h2>\n<p>Mejorar la visibilidad de las personas con s\u00edndrome de Down en Europa deber\u00eda ser un debate importante en el <a href=\"https:\/\/futureu.europa.eu\/\" target=\"_blank\" rel=\"noopener\">consulta ciudadana para el futuro de Europa<\/a>.<\/p>\n<p><strong><a href=\"https:\/\/docs.google.com\/forms\/d\/e\/1FAIpQLSfcweCVPOG7YO_JwvF9NAbhpVdDDrUbxl59EM7JJ17kPaB95Q\/viewform\" target=\"_blank\" rel=\"noopener\">Registrar aqu\u00ed<\/a> <\/strong>participar en la conferencia en l\u00ednea EUfortrisomy21 sobre la <strong>8 de julio a las 18 h (hora de Bruselas)<\/strong> y contribuir a los debates en l\u00ednea de la consulta ciudadana sobre el \u201cFuturo de Europa\u201d para mejorar la visibilidad de las personas con s\u00edndrome de Down.<\/p>\n<p><strong>Idiomas:<\/strong> Ingl\u00e9s, espa\u00f1ol, franc\u00e9s, alem\u00e1n, alem\u00e1n easy-language, checo e italiano<\/p>\n<p>&nbsp;<\/p>\n<h2><u>Programa:<\/u><\/h2>\n<p><strong>Introducci\u00f3n : <\/strong>Sr. Brando Benifei (Miembro del Parlamento Europeo - Italia)<\/p>\n<p><strong>Parte 1: Casos controvertidos de discriminaci\u00f3n en Europa\u00a0<\/strong><\/p>\n<ul>\n<li>Querida futura mam\u00e1 - Riccardo Bianchi - Coordown (IT)<\/li>\n<li>Querida futura mam\u00e1 (censura y el caso ante el TEDH) - Lucie Pacherie - Fondation J\u00e9r\u00f4me Lejeune (FR)<\/li>\n<li>Caso Arcadi Spada (SP) y caso Richard Dawkins - Raquel del Barrio (madre de referencia de la UE para la trisom\u00eda 21 en Espa\u00f1a)<\/li>\n<\/ul>\n<p><strong>Parte 2: \u00bfPor qu\u00e9 este discurso de discriminaci\u00f3n todav\u00eda existe en Europa?<\/strong><\/p>\n<ul>\n<li>Fil\u00f3sofa: Danielle Moyse (FR)<\/li>\n<li>Tina Sander (fundadora de la asociaci\u00f3n): campa\u00f1a #NoNIPT en Alemania (GE)<\/li>\n<li>Autodefensa: Natalie Dedreux - bloguera y periodista (GE)<\/li>\n<\/ul>\n<p><strong>Parte 3: \u00bfC\u00f3mo actuar para promover la dignidad y favorecer la visibilidad de las personas con trisom\u00eda 21?<\/strong><\/p>\n<ul>\n<li>Autodefensa: Caterina Moretti (SP)<\/li>\n<li>V\u00eddeo de la Sra. Dubravka Suica, miembro de la Comisi\u00f3n Europea presidenta de la conferencia para el futuro de Europa<\/li>\n<\/ul>\n<p><strong>Preguntas y respuestas<\/strong><\/p>\n<p><strong>Conclusi\u00f3n: <\/strong>Sra. Radka Maxova (Miembro del Parlamento Europeo - Rep\u00fablica Checa)<\/p>\n<p id=\"tw-target-text\" class=\"tw-data-text tw-text-large XcVN5d tw-ta\" data-placeholder=\"Traduction\">Los videos de reproducci\u00f3n de nuestra conferencia en l\u00ednea est\u00e1n disponibles <a href=\"https:\/\/www.youtube.com\/channel\/UCFbORaGOrc9HBNBSK7DG-nQ?app=desktop&amp;pli=1\" target=\"_blank\" rel=\"noopener\">en nuestro canal de YouTube<\/a>.<\/p>\n<p style=\"text-align: center;\"><span class=\"fontstyle0\">EUfortrisomy21 <\/span><span class=\"fontstyle2\">es una comunidad de padres de ni\u00f1os con s\u00edndrome de Down,<br \/>\nUnidos para promover los derechos de las personas con s\u00edndrome de Down en 4 \u00e1reas prioritarias:<br \/>\nvisibilidad, no discriminaci\u00f3n, salud, autonom\u00eda<\/span><\/p>\n<p style=\"text-align: center;\"><strong>Contacto<\/strong> : contact@eufortrisomy21.eu<\/p>\n<p style=\"text-align: right;\">","protected":false},"excerpt":{"rendered":"<p>Mejorar la visibilidad de las personas con s\u00edndrome de Down en Europa deber\u00eda ser un gran debate en la consulta ciudadana para\u2026<\/p>","protected":false},"author":3,"featured_media":0,"comment_status":"closed","ping_status":"closed","sticky":false,"template":"","format":"standard","meta":{"_acf_changed":false,"footnotes":""},"categories":[45],"tags":[],"class_list":["post-32350","post","type-post","status-publish","format-standard","hentry","category-21-march-21"],"acf":[],"_links":{"self":[{"href":"https:\/\/eufortrisomy21.eu\/es\/wp-json\/wp\/v2\/posts\/32350"}],"collection":[{"href":"https:\/\/eufortrisomy21.eu\/es\/wp-json\/wp\/v2\/posts"}],"about":[{"href":"https:\/\/eufortrisomy21.eu\/es\/wp-json\/wp\/v2\/types\/post"}],"author":[{"embeddable":true,"href":"https:\/\/eufortrisomy21.eu\/es\/wp-json\/wp\/v2\/users\/3"}],"replies":[{"embeddable":true,"href":"https:\/\/eufortrisomy21.eu\/es\/wp-json\/wp\/v2\/comments?post=32350"}],"version-history":[{"count":0,"href":"https:\/\/eufortrisomy21.eu\/es\/wp-json\/wp\/v2\/posts\/32350\/revisions"}],"wp:attachment":[{"href":"https:\/\/eufortrisomy21.eu\/es\/wp-json\/wp\/v2\/media?parent=32350"}],"wp:term":[{"taxonomy":"category","embeddable":true,"href":"https:\/\/eufortrisomy21.eu\/es\/wp-json\/wp\/v2\/categories?post=32350"},{"taxonomy":"post_tag","embeddable":true,"href":"https:\/\/eufortrisomy21.eu\/es\/wp-json\/wp\/v2\/tags?post=32350"}],"curies":[{"name":"wp","href":"https:\/\/api.w.org\/{rel}","templated":true}]}}