{"id":32385,"date":"2021-07-12T15:00:46","date_gmt":"2021-07-12T13:00:46","guid":{"rendered":"https:\/\/eufortrisomy21.eu\/?p=32385"},"modified":"2021-07-13T14:43:26","modified_gmt":"2021-07-13T12:43:26","slug":"eu-for-trisomy-21-takes-part-in-the-citizen-consultation-for-the-future-of-europe","status":"publish","type":"post","link":"https:\/\/eufortrisomy21.eu\/es\/eu-for-trisomy-21-takes-part-in-the-citizen-consultation-for-the-future-of-europe\/","title":{"rendered":"La UE para la trisom\u00eda 21 participa en la consulta ciudadana para el futuro de Europa"},"content":{"rendered":"<p style=\"text-align: right;\"><img loading=\"lazy\" decoding=\"async\" class=\"aligncenter wp-image-32386 size-large\" src=\"https:\/\/eufortrisomy21.eu\/wp-content\/uploads\/2021\/07\/create-an-account-and-participate-in-the-COFUE-1024x522.jpeg\" alt=\"\" width=\"1024\" height=\"522\" srcset=\"https:\/\/eufortrisomy21.eu\/wp-content\/uploads\/2021\/07\/create-an-account-and-participate-in-the-COFUE-1024x522.jpeg 1024w, https:\/\/eufortrisomy21.eu\/wp-content\/uploads\/2021\/07\/create-an-account-and-participate-in-the-COFUE-300x153.jpeg 300w, https:\/\/eufortrisomy21.eu\/wp-content\/uploads\/2021\/07\/create-an-account-and-participate-in-the-COFUE-768x392.jpeg 768w, https:\/\/eufortrisomy21.eu\/wp-content\/uploads\/2021\/07\/create-an-account-and-participate-in-the-COFUE-1536x783.jpeg 1536w, https:\/\/eufortrisomy21.eu\/wp-content\/uploads\/2021\/07\/create-an-account-and-participate-in-the-COFUE-16x8.jpeg 16w, https:\/\/eufortrisomy21.eu\/wp-content\/uploads\/2021\/07\/create-an-account-and-participate-in-the-COFUE.jpeg 1600w\" sizes=\"(max-width: 1024px) 100vw, 1024px\" \/><\/p>\n<p>&nbsp;<\/p>\n<h2 style=\"text-align: center;\">Mejorar la visibilidad de las personas con s\u00edndrome de Down en Europa<\/h2>\n<p>Siguiendo nuestro <a href=\"https:\/\/eufortrisomy21.eu\/es\/online-conference-improving-the-visibility-of-people-with-down-syndrome-an-emergency-for-europe\/\" target=\"_blank\" rel=\"noopener\">conferencia en l\u00ednea el 8 de julio de 2021<\/a> sobre la mejora de la visibilidad de las personas con s\u00edndrome de Down, <em>UE para la trisom\u00eda 21<\/em> est\u00e1 dispuesto a contribuir a los debates en l\u00ednea de la <a href=\"https:\/\/futureu.europa.eu\/\" target=\"_blank\" rel=\"noopener\">consulta ciudadana sobre el \u201cFuturo de Europa\u201d (COFUE)<\/a> sobre este tema relevante.<\/p>\n<p>Los videos de reproducci\u00f3n de nuestra conferencia en l\u00ednea est\u00e1n disponibles <a href=\"https:\/\/www.youtube.com\/channel\/UCFbORaGOrc9HBNBSK7DG-nQ?app=desktop&amp;pli=1\" target=\"_blank\" rel=\"noopener\">en nuestro canal de YouTube<\/a>.<\/p>\n<p>Todos los ciudadanos est\u00e1n invitados a <strong><a href=\"https:\/\/ecas.ec.europa.eu\/cas\/login?loginRequestId=ECAS_LR-2693389-GzNdnJ3Wy1IzedbURaMr8R19ucNOzlSHnydL7gzJBjizzjEf9cd1hdHXH4bk53zoajHzptmu9NxJKo4pzzrSGzTu2-yntOf97TTHqKzeMCLkj3P5-PBeTXip3FnJiThu1LQR0IbPodSkGSqs5PIMHbTiRxdYqcFsrzGA9QYocQRD5fWCNM877rBwqbyRMzzVAvu7PyDm\">crea una cuenta<\/a><\/strong> en la web de la COFUE y publicar un comentario sobre el evento de nuestra conferencia online <strong><a href=\"https:\/\/futureu.europa.eu\/processes\/ValuesRights\/f\/11\/meetings\/19405\">aqu\u00ed<\/a><\/strong>.<\/p>\n<p>Si est\u00e1 interesado en participar en esta consulta ciudadana europea, est\u00e1 invitado a <a href=\"https:\/\/docs.google.com\/forms\/d\/e\/1FAIpQLSd7voDpFs39q6UCbSVMIW_ifFfvU9SigQydcUe2mLEz7D_wQQ\/viewform\" target=\"_blank\" rel=\"noopener\">registrarse en este formulario<\/a>, para que podamos comunicarnos con usted cuando se desarrolle el debate.<\/p>\n<p>&nbsp;<\/p>\n<pre id=\"tw-target-text\" class=\"tw-data-text tw-text-large XcVN5d tw-ta\" data-placeholder=\"Traduction\"><\/pre>\n<p style=\"text-align: center;\"><span class=\"fontstyle0\">EUfortrisomy21 <\/span><span class=\"fontstyle2\">es una comunidad de padres de ni\u00f1os con s\u00edndrome de Down,<br \/>\nUnidos para promover los derechos de las personas con s\u00edndrome de Down en 4 \u00e1reas prioritarias:<br \/>\nvisibilidad, no discriminaci\u00f3n, salud, autonom\u00eda<\/span><\/p>\n<p style=\"text-align: center;\"><strong>Contacto<\/strong> : contact@eufortrisomy21.eu<\/p>\n<p style=\"text-align: right;\">","protected":false},"excerpt":{"rendered":"<p>Tras la conferencia en l\u00ednea del 8 de julio de 2021 sobre la mejora de la visibilidad de las personas con s\u00edndrome de Down, la UE...<\/p>","protected":false},"author":3,"featured_media":0,"comment_status":"closed","ping_status":"closed","sticky":false,"template":"","format":"standard","meta":{"_acf_changed":false,"footnotes":""},"categories":[45],"tags":[],"class_list":["post-32385","post","type-post","status-publish","format-standard","hentry","category-21-march-21"],"acf":[],"_links":{"self":[{"href":"https:\/\/eufortrisomy21.eu\/es\/wp-json\/wp\/v2\/posts\/32385"}],"collection":[{"href":"https:\/\/eufortrisomy21.eu\/es\/wp-json\/wp\/v2\/posts"}],"about":[{"href":"https:\/\/eufortrisomy21.eu\/es\/wp-json\/wp\/v2\/types\/post"}],"author":[{"embeddable":true,"href":"https:\/\/eufortrisomy21.eu\/es\/wp-json\/wp\/v2\/users\/3"}],"replies":[{"embeddable":true,"href":"https:\/\/eufortrisomy21.eu\/es\/wp-json\/wp\/v2\/comments?post=32385"}],"version-history":[{"count":0,"href":"https:\/\/eufortrisomy21.eu\/es\/wp-json\/wp\/v2\/posts\/32385\/revisions"}],"wp:attachment":[{"href":"https:\/\/eufortrisomy21.eu\/es\/wp-json\/wp\/v2\/media?parent=32385"}],"wp:term":[{"taxonomy":"category","embeddable":true,"href":"https:\/\/eufortrisomy21.eu\/es\/wp-json\/wp\/v2\/categories?post=32385"},{"taxonomy":"post_tag","embeddable":true,"href":"https:\/\/eufortrisomy21.eu\/es\/wp-json\/wp\/v2\/tags?post=32385"}],"curies":[{"name":"wp","href":"https:\/\/api.w.org\/{rel}","templated":true}]}}