{"id":33345,"date":"2022-12-07T18:00:43","date_gmt":"2022-12-07T17:00:43","guid":{"rendered":"https:\/\/eufortrisomy21.eu\/?p=33345"},"modified":"2024-02-20T17:22:44","modified_gmt":"2024-02-20T16:22:44","slug":"the-future-is-ours-time-for-more-autonomy","status":"publish","type":"post","link":"https:\/\/eufortrisomy21.eu\/es\/the-future-is-ours-time-for-more-autonomy\/","title":{"rendered":"El futuro es nuestro: hora de m\u00e1s autonom\u00eda"},"content":{"rendered":"<p>Enlace de YouTube: <a href=\"https:\/\/www.youtube.com\/watch?v=j2QFE6f5QPY\">magiar (h\u00fangaro)<\/a>, <a href=\"https:\/\/www.youtube.com\/watch?v=y754i2Gk5jk\">Rom\u00e2n (rumano)<\/a>, <a href=\"https:\/\/www.youtube.com\/watch?v=imPvo3tS7l8\">Fran\u00e7ais (franc\u00e9s)<\/a>, <a href=\"https:\/\/www.youtube.com\/watch?v=ZjAbSg9kFG0\">Deutsch (alem\u00e1n)<\/a>, <a href=\"https:\/\/www.youtube.com\/watch?v=-KLPE1gQVC4\">polaco (polski)<\/a>, <a href=\"https:\/\/www.youtube.com\/watch?v=MgHYTZBAlyE\">\u03b5\u03bb\u03bb\u03b7\u03bd\u03b9\u03ba\u03ac (griego)<\/a><\/p>\n<p>Puedes echar un vistazo a nuestro informe oficial. <a href=\"https:\/\/drive.google.com\/file\/d\/1yMfOOM1MKX2PptIr70ZjFIDLy8B5rYdU\/view?usp=sharing\">aqu\u00ed<\/a>.<\/p>\n<p>el 7<sup>th<\/sup> de diciembre de 2022 EU for Trisomy 21 acogi\u00f3 el primer evento de nuestro proyecto patrocinado por la UE The Future is Ours con el t\u00edtulo &quot;Time for more AUTONOMY&quot;.<\/p>\n<p><span style=\"font-weight: 400;\">En septiembre de 2022, la red EU for Trisomy 21 recibi\u00f3 apoyo monetario a trav\u00e9s del programa de subvenciones EU CERV, lanzando el proyecto llamado The Future is Ours. Este proyecto incluye 3 eventos en l\u00ednea, as\u00ed como otro evento presencial en mayo de 2023 en Bruselas. Cada evento se centrar\u00e1 en uno de los cuatro objetivos de la red EU for Trisomy 21:<\/span><\/p>\n<p><span style=\"font-weight: 400;\">\u2013 Autonom\u00eda, \u00bfQu\u00e9 significa para las personas con S\u00edndrome de Down ser independientes y tomar decisiones?\u00a0<\/span><\/p>\n<p><span style=\"font-weight: 400;\">\u2013 Visibilidad, \u00bfQu\u00e9 significa para las Personas con S\u00edndrome de Down ser vistas y escuchadas?\u00a0<\/span><\/p>\n<p><span style=\"font-weight: 400;\">\u2013 Salud, La importancia de los buenos m\u00e9dicos y el apoyo a la salud\u00a0<\/span><\/p>\n<p><span style=\"font-weight: 400;\">\u2013 Igualdad de Trato, \u00bfQu\u00e9 significa que las Personas con S\u00edndrome de Down sean respetadas?<\/span><\/p>\n<p>El primer evento de este proyecto \u201cTiempo de m\u00e1s AUTONOM\u00cdA\u201d se realiz\u00f3 en l\u00ednea como parte de la celebraci\u00f3n en redes del D\u00eda Internacional de los Derechos de las Personas con Discapacidad el 3<sup>rd<\/sup> Diciembre 2022.<\/p>\n<p>\u201cTime for more AUTONOMY\u201d cont\u00f3 con 5 oradores autogestores de 5 pa\u00edses diferentes, que hablaron sobre la importancia de vivir una vida aut\u00f3noma. Fue traducido a 9 idiomas (ingl\u00e9s, h\u00fangaro, rumano, franc\u00e9s, alem\u00e1n, polaco, griego y espa\u00f1ol) y cont\u00f3 con m\u00e1s de 400 participantes de 22 pa\u00edses (16 pa\u00edses de la UE).<\/p>\n<p><span style=\"font-weight: 400;\"><span style=\"font-weight: 400;\">El primer orador del evento fue<strong> Soufiane El Amrani<\/strong>, un<\/span><\/span> Experto en lectura f\u00e1cil y defensa que trabaja en la organizaci\u00f3n Inclusion Europe desde 2008. Como parte de este trabajo, ha impartido muchas capacitaciones sobre c\u00f3mo hacer que la informaci\u00f3n sea accesible y c\u00f3mo consultar a las personas con discapacidad intelectual en las decisiones que les afectan. Tambi\u00e9n forma parte de la Plataforma Europea de Autogestores y del Empower Us Team. Desde noviembre de 2020, Soufiane es la representante de los autogestores de Europa en el Consejo de Inclusi\u00f3n Internacional.<\/p>\n<p>Durante el evento \u201cTime for more AUTONOMY\u201d habl\u00f3 sobre la autonom\u00eda de las personas con discapacidad dentro de la UE, centr\u00e1ndose en el pr\u00f3ximo cambio en la ley electoral que permite a las personas con discapacidad intelectual, incluidas las personas con s\u00edndrome de Down, votar en las pr\u00f3ximas elecciones parlamentarias de la UE. elecci\u00f3n de 2024. Hizo conciencia sobre el hecho de que si bien cambiar la ley electoral es un buen paso, la UE necesita mejorar su comunicaci\u00f3n para que sea realmente accesible para este nuevo grupo de votantes.<\/p>\n<p>El panel \u201cMi vida aut\u00f3noma\u201d incluy\u00f3 a cuatro oradores autogestores de toda Europa:<\/p>\n<ul>\n<li>\n<p class=\"_04xlpA direction-ltr align-start para-style-body\"><span class=\"JsGRdQ\"><strong>Fanny Neumayer<\/strong>, 27 a\u00f1os y vive en Viena, <strong>Austria<\/strong>. <\/span><span class=\"JsGRdQ\">La Sra. Neumayer trabaja en la oficina central del Evangelische Gymnasium (una escuela secundaria) en el distrito 11 de Viena. <\/span><span class=\"JsGRdQ\">Ella habl\u00f3 sobre sus experiencias de votar en Austria.<\/span><\/p>\n<\/li>\n<li>\n<p class=\"_04xlpA direction-ltr align-start para-style-body\"><span class=\"JsGRdQ\"><strong>fiona lambart<\/strong>, 24 a\u00f1os y vive en Darmstadt cerca de Frankfurt, <strong>Alemania<\/strong>. <\/span><span class=\"JsGRdQ\">La Sra. Lambart trabaja como especialista en limpieza.<\/span><span class=\"JsGRdQ\">\u00a0Habl\u00f3 sobre su trabajo y c\u00f3mo trabaja para lograr una vida aut\u00f3noma.<\/span><\/p>\n<\/li>\n<li>\n<p class=\"_04xlpA direction-ltr align-start para-style-body\"><span class=\"JsGRdQ\"><strong>Frantzeska-Christina Douka<\/strong>, 37 a\u00f1os y vive en Tesal\u00f3nica, <strong>Grecia<\/strong>. La Sra. Douka es beneficiaria de la Asociaci\u00f3n de S\u00edndrome de Down de Grecia y vive sola en un apartamento de Vivienda con Apoyo. <\/span><span class=\"JsGRdQ\">Le encanta bailar y es atleta de gimnasia r\u00edtmica. Ha competido en la Organizaci\u00f3n de Olimpiadas Especiales muchas veces, ha ganado medallas y ha viajado por muchos pa\u00edses dentro y fuera de Europa.<\/span><\/p>\n<\/li>\n<li>\n<p class=\"_04xlpA direction-ltr align-start para-style-body\"><span class=\"JsGRdQ\"><strong>Juan Felipe Barone<\/strong>, 44 a\u00f1os residente en Marsella, <strong>Francia<\/strong>. Vive en su piso de una comunidad y trabaja en un restaurante adaptado. Se siente c\u00f3modo con las herramientas de comunicaci\u00f3n y representa regularmente a la asociaci\u00f3n #Tcap21 a trav\u00e9s de todos los medios. Ahora se est\u00e1 entrenando para unirse a nuestro caf\u00e9 inaugural #Train Inc. y luego lograr una autonom\u00eda total.<\/span><\/p>\n<\/li>\n<\/ul>\n<p>Despu\u00e9s del panel, los participantes pudieron hacer preguntas a nuestros oradores. Un folleto con citas de sus discursos, as\u00ed como el power point de Soufiane. <span style=\"font-weight: 400;\">El Amrani se ha puesto a disposici\u00f3n de todos los participantes. Esto se puede descargar en ingl\u00e9s. <a href=\"https:\/\/drive.google.com\/file\/d\/1SVsLWWYytRREpmbalTXhit8NbVKCsVkB\/view?usp=share_link\">aqu\u00ed<\/a>.<\/span><\/p>\n<p>A lo largo de la organizaci\u00f3n de este evento, as\u00ed como del debate durante y despu\u00e9s del evento en s\u00ed, EU for Trisomy 21 est\u00e1 compilando una lista de recomendaciones para que la UE las tenga en cuenta cuando trabaje para que las elecciones parlamentarias de la UE de 2024 sean realmente accesibles para las personas con Down. S\u00edndrome en todos los pa\u00edses de la UE. Este documento se entregar\u00e1 a la Comisi\u00f3n y al Parlamento de la UE el D\u00eda Mundial del S\u00edndrome de Down, el 21 de marzo de 2023.<\/p>\n<p><strong>Nuestro pr\u00f3ximo evento: Time for More Visibility tendr\u00e1 lugar el 16 de marzo a las 6:00 p. m.\u00a0<\/strong><\/p>","protected":false},"excerpt":{"rendered":"<p>YouTube Link: Magyar (Hungarian), Rom\u00e2n (Romanian), Fran\u00e7ais (French), Deutsch (German), Polski (Polski), \u03b5\u03bb\u03bb\u03b7\u03bd\u03b9\u03ba\u03ac (Greek) You can take a look at&hellip;<\/p>","protected":false},"author":3,"featured_media":0,"comment_status":"closed","ping_status":"closed","sticky":false,"template":"","format":"standard","meta":{"_acf_changed":false,"footnotes":""},"categories":[45],"tags":[],"class_list":["post-33345","post","type-post","status-publish","format-standard","hentry","category-21-march-21"],"acf":[],"_links":{"self":[{"href":"https:\/\/eufortrisomy21.eu\/es\/wp-json\/wp\/v2\/posts\/33345"}],"collection":[{"href":"https:\/\/eufortrisomy21.eu\/es\/wp-json\/wp\/v2\/posts"}],"about":[{"href":"https:\/\/eufortrisomy21.eu\/es\/wp-json\/wp\/v2\/types\/post"}],"author":[{"embeddable":true,"href":"https:\/\/eufortrisomy21.eu\/es\/wp-json\/wp\/v2\/users\/3"}],"replies":[{"embeddable":true,"href":"https:\/\/eufortrisomy21.eu\/es\/wp-json\/wp\/v2\/comments?post=33345"}],"version-history":[{"count":3,"href":"https:\/\/eufortrisomy21.eu\/es\/wp-json\/wp\/v2\/posts\/33345\/revisions"}],"predecessor-version":[{"id":33626,"href":"https:\/\/eufortrisomy21.eu\/es\/wp-json\/wp\/v2\/posts\/33345\/revisions\/33626"}],"wp:attachment":[{"href":"https:\/\/eufortrisomy21.eu\/es\/wp-json\/wp\/v2\/media?parent=33345"}],"wp:term":[{"taxonomy":"category","embeddable":true,"href":"https:\/\/eufortrisomy21.eu\/es\/wp-json\/wp\/v2\/categories?post=33345"},{"taxonomy":"post_tag","embeddable":true,"href":"https:\/\/eufortrisomy21.eu\/es\/wp-json\/wp\/v2\/tags?post=33345"}],"curies":[{"name":"wp","href":"https:\/\/api.w.org\/{rel}","templated":true}]}}