{"id":33570,"date":"2023-06-05T15:06:48","date_gmt":"2023-06-05T13:06:48","guid":{"rendered":"https:\/\/eufortrisomy21.eu\/?p=33570"},"modified":"2024-02-20T17:22:09","modified_gmt":"2024-02-20T16:22:09","slug":"time-for-more-health","status":"publish","type":"post","link":"https:\/\/eufortrisomy21.eu\/es\/time-for-more-health\/","title":{"rendered":"Hora de m\u00e1s salud"},"content":{"rendered":"<p><strong>El futuro es nuestro: un \u00e9xito rotundo en Bruselas <\/strong><\/p>\n<p><strong>Bruselas, 1 de mayo<\/strong><strong>2<\/strong><strong>, 2023<\/strong><\/p>\n<p>Puedes encontrar el informe oficial. <a href=\"https:\/\/drive.google.com\/file\/d\/1GWGiY_j5SqgJcWtJ3wEvT8RlmPlHY2Gg\/view?usp=sharing\">aqu\u00ed<\/a>.<\/p>\n<p><img loading=\"lazy\" decoding=\"async\" class=\"wp-image-33571 alignleft\" src=\"https:\/\/eufortrisomy21.eu\/wp-content\/uploads\/2023\/06\/IMG_2495-scaled.jpeg\" alt=\"\" width=\"460\" height=\"345\" srcset=\"https:\/\/eufortrisomy21.eu\/wp-content\/uploads\/2023\/06\/IMG_2495-scaled.jpeg 2560w, https:\/\/eufortrisomy21.eu\/wp-content\/uploads\/2023\/06\/IMG_2495-300x225.jpeg 300w, https:\/\/eufortrisomy21.eu\/wp-content\/uploads\/2023\/06\/IMG_2495-1024x768.jpeg 1024w, https:\/\/eufortrisomy21.eu\/wp-content\/uploads\/2023\/06\/IMG_2495-768x576.jpeg 768w, https:\/\/eufortrisomy21.eu\/wp-content\/uploads\/2023\/06\/IMG_2495-1536x1152.jpeg 1536w, https:\/\/eufortrisomy21.eu\/wp-content\/uploads\/2023\/06\/IMG_2495-2048x1536.jpeg 2048w, https:\/\/eufortrisomy21.eu\/wp-content\/uploads\/2023\/06\/IMG_2495-16x12.jpeg 16w\" sizes=\"(max-width: 460px) 100vw, 460px\" \/>El proyecto Future is Ours ha logrado un rotundo \u00e9xito con su reciente evento presencial, #TheFutureIsOurs, celebrado en Bruselas del 1 al 3 de mayo. El evento marc\u00f3 un hito importante para la autodefensa del s\u00edndrome de Down, ya que atrajo a 72 personas de 11 pa\u00edses de la UE, incluidos 28 autogestores con s\u00edndrome de Down.<\/p>\n<p>El evento comenz\u00f3 con una deliciosa cena el 1 de mayo, donde participantes de diferentes pa\u00edses se reunieron y compartieron sus experiencias. El 2 de mayo, el eurodiputado Lukas Mandl dio la bienvenida a los participantes en el edificio ZWEIG y expres\u00f3 su apoyo a los objetivos del evento, destacando la importancia de defender los derechos de las personas con s\u00edndrome de Down.<\/p>\n<p>Los talleres, que cubrieron una variedad de temas relacionados con la visibilidad de la autonom\u00eda, la igualdad de trato y el bienestar de las personas con s\u00edndrome de Down, fueron informativos y pr\u00e1cticos, y brindaron a los participantes valiosos conocimientos y herramientas para mejorar su salud y bienestar. Por la tarde, la mesa redonda Hora de m\u00e1s Salud en la que participaron la eurodiputada Rosa Estar\u00e0s Ferragut, el eurodiputado Helmut Geuking, la profesora Mara Dierssen Sotos, la doctora Pilar Garc\u00eda Fern\u00e1ndez, el autodefensor Jean Phillipe Barone y la experta Mareike Fuisz abordaron importantes temas relacionados con la salud. y bienestar de las personas con S\u00edndrome de Down.<\/p>\n<p><img loading=\"lazy\" decoding=\"async\" class=\"alignright wp-image-33572\" src=\"https:\/\/eufortrisomy21.eu\/wp-content\/uploads\/2023\/06\/IMG_2575-scaled.jpeg\" alt=\"\" width=\"298\" height=\"397\" srcset=\"https:\/\/eufortrisomy21.eu\/wp-content\/uploads\/2023\/06\/IMG_2575-scaled.jpeg 1920w, https:\/\/eufortrisomy21.eu\/wp-content\/uploads\/2023\/06\/IMG_2575-225x300.jpeg 225w, https:\/\/eufortrisomy21.eu\/wp-content\/uploads\/2023\/06\/IMG_2575-768x1024.jpeg 768w, https:\/\/eufortrisomy21.eu\/wp-content\/uploads\/2023\/06\/IMG_2575-1152x1536.jpeg 1152w, https:\/\/eufortrisomy21.eu\/wp-content\/uploads\/2023\/06\/IMG_2575-1536x2048.jpeg 1536w, https:\/\/eufortrisomy21.eu\/wp-content\/uploads\/2023\/06\/IMG_2575-9x12.jpeg 9w\" sizes=\"(max-width: 298px) 100vw, 298px\" \/><\/p>\n<p>Uno de los componentes m\u00e1s impactantes del evento fue la parte \u201cConozca a su eurodiputado\u201d, que brind\u00f3 a los participantes la oportunidad de conocer a los representantes de sus pa\u00edses en el Parlamento Europeo y defender sus derechos como autodefensores con s\u00edndrome de Down. La presidenta, Roberta Metsola, estuvo entre los muchos eurodiputados que presenciaron la ocasi\u00f3n y dieron una calurosa bienvenida a todos.<\/p>\n<p>El evento culmin\u00f3 con una encantadora recepci\u00f3n ofrecida por la eurodiputada Margarita De la Pisa, que brind\u00f3 a los participantes, oradores y organizadores la oportunidad de relajarse, bailar y deleitarse con las delicias espa\u00f1olas.<\/p>\n<p>EU For Trisomy 21 se enorgullece del \u00e9xito de este evento, que re\u00fane a un grupo diverso de autogestores con s\u00edndrome de Down de diferentes pa\u00edses y or\u00edgenes. Agradecemos a nuestros oradores, participantes y organizaciones asociadas por su tremendo apoyo en la defensa de los derechos de las personas con s\u00edndrome de Down. Tambi\u00e9n agradecemos a los eurodiputados su amable presencia en el evento. Mant\u00e9ngase atento a m\u00e1s fotos, videos y noticias futuras sobre la defensa y la autodefensa del s\u00edndrome de Down en nuestro sitio web y canales de redes sociales.<\/p>","protected":false},"excerpt":{"rendered":"<p>The Future Is Ours: A Resounding Success in Brussels Brussels, May 12, 2023 You can find the official report here.&hellip;<\/p>","protected":false},"author":3,"featured_media":0,"comment_status":"closed","ping_status":"closed","sticky":false,"template":"","format":"standard","meta":{"_acf_changed":false,"footnotes":""},"categories":[45],"tags":[],"class_list":["post-33570","post","type-post","status-publish","format-standard","hentry","category-21-march-21"],"acf":[],"_links":{"self":[{"href":"https:\/\/eufortrisomy21.eu\/es\/wp-json\/wp\/v2\/posts\/33570"}],"collection":[{"href":"https:\/\/eufortrisomy21.eu\/es\/wp-json\/wp\/v2\/posts"}],"about":[{"href":"https:\/\/eufortrisomy21.eu\/es\/wp-json\/wp\/v2\/types\/post"}],"author":[{"embeddable":true,"href":"https:\/\/eufortrisomy21.eu\/es\/wp-json\/wp\/v2\/users\/3"}],"replies":[{"embeddable":true,"href":"https:\/\/eufortrisomy21.eu\/es\/wp-json\/wp\/v2\/comments?post=33570"}],"version-history":[{"count":3,"href":"https:\/\/eufortrisomy21.eu\/es\/wp-json\/wp\/v2\/posts\/33570\/revisions"}],"predecessor-version":[{"id":33630,"href":"https:\/\/eufortrisomy21.eu\/es\/wp-json\/wp\/v2\/posts\/33570\/revisions\/33630"}],"wp:attachment":[{"href":"https:\/\/eufortrisomy21.eu\/es\/wp-json\/wp\/v2\/media?parent=33570"}],"wp:term":[{"taxonomy":"category","embeddable":true,"href":"https:\/\/eufortrisomy21.eu\/es\/wp-json\/wp\/v2\/categories?post=33570"},{"taxonomy":"post_tag","embeddable":true,"href":"https:\/\/eufortrisomy21.eu\/es\/wp-json\/wp\/v2\/tags?post=33570"}],"curies":[{"name":"wp","href":"https:\/\/api.w.org\/{rel}","templated":true}]}}