{"id":30925,"date":"2021-02-19T16:40:13","date_gmt":"2021-02-19T15:40:13","guid":{"rendered":"https:\/\/eufortrisomy21.eu\/?p=30925"},"modified":"2021-02-23T15:00:23","modified_gmt":"2021-02-23T14:00:23","slug":"focus-on-the-21st-of-march-2021-lets-celebrate-world-down-syndrome-day-in-europe","status":"publish","type":"post","link":"https:\/\/eufortrisomy21.eu\/et\/focus-on-the-21st-of-march-2021-lets-celebrate-world-down-syndrome-day-in-europe\/","title":{"rendered":"Pressiteade: keskenduge 21. m\u00e4rtsile 2021. T\u00e4histame Euroopas \u00fclemaailmset Downi s\u00fcndroomi p\u00e4eva!"},"content":{"rendered":"<p><img loading=\"lazy\" decoding=\"async\" class=\"size-medium wp-image-20686 alignright\" src=\"https:\/\/eufortrisomy21.eu\/wp-content\/uploads\/2020\/11\/Logo_EUforTrisomy21-Couleur-300x213.png\" alt=\"\" width=\"300\" height=\"213\" srcset=\"https:\/\/eufortrisomy21.eu\/wp-content\/uploads\/2020\/11\/Logo_EUforTrisomy21-Couleur-300x213.png 300w, https:\/\/eufortrisomy21.eu\/wp-content\/uploads\/2020\/11\/Logo_EUforTrisomy21-Couleur-1024x727.png 1024w, https:\/\/eufortrisomy21.eu\/wp-content\/uploads\/2020\/11\/Logo_EUforTrisomy21-Couleur-768x545.png 768w, https:\/\/eufortrisomy21.eu\/wp-content\/uploads\/2020\/11\/Logo_EUforTrisomy21-Couleur.png 1429w\" sizes=\"(max-width: 300px) 100vw, 300px\" \/>Maailma Downi s\u00fcndroomi p\u00e4eva j\u00e4rgmine v\u00e4ljaanne (21<sup>st<\/sup> m\u00e4rtsil \u00dcRO otsuse kohaselt) n\u00f5uab erilist hoogu, kuna see leiab aset 2021. aastal ja Downi s\u00fcndroomi nimetatakse meditsiiniliselt trisoomiaks 21!<\/p>\n<p>Sellest vaatenurgast koondas kogu Euroopa Downi s\u00fcndroomiga laste vanemate kogukond EUfortrisomy21 m\u00e4rgise alla. T\u00e4nu ettevalmistusi alustanud lapsevanemate r\u00fchmale on EUfortrisomy21 m\u00e4rgises juba esindatud 16 riiki, mis annab \u00fclemaailmse Downi s\u00fcndroomi p\u00e4eva t\u00e4histamisele Euroopa m\u00f5\u00f5tme.<\/p>\n<p>Mis seob neid: nende otsustavus muuta 2021. aasta Downi s\u00fcndroomiga inimestele p\u00fchendatud aastaks; aasta, et neid austada, anda neile \u00f5igustatud koht Euroopa \u00fchiskonnas.<\/p>\n<p>21 jaoks<sup>st<\/sup> m\u00e4rtsil esitatakse kolm projekti selle kuup\u00e4eva t\u00e4histamiseks Euroopa tasandil. Nende projektide \u00fcksikasjad tehakse teatavaks veebruarikuu jooksul: projekt r\u00f5\u00f5mustamiseks, projekt peegeldamiseks ja projekt tegutsemiseks.<\/p>\n<p><strong>Contact:\u00a0 press@eufortrisomy21.eu <\/strong><\/p>\n<p><u>EUfortrisomy21<\/u> on Downi s\u00fcndroomiga laste vanemate kogukond, mis on \u00fchendatud Downi s\u00fcndroomiga inimeste \u00f5iguste edendamiseks neljas prioriteetses valdkonnas: n\u00e4htavus, mittediskrimineerimine, tervis, autonoomia.<\/p>","protected":false},"excerpt":{"rendered":"<p>The next edition of World Down Syndrome Day (21st of March as decided by United Nation) calls for a special&hellip;<\/p>","protected":false},"author":2,"featured_media":0,"comment_status":"closed","ping_status":"closed","sticky":false,"template":"","format":"standard","meta":{"_acf_changed":false,"footnotes":""},"categories":[45],"tags":[],"class_list":["post-30925","post","type-post","status-publish","format-standard","hentry","category-21-march-21"],"acf":[],"_links":{"self":[{"href":"https:\/\/eufortrisomy21.eu\/et\/wp-json\/wp\/v2\/posts\/30925"}],"collection":[{"href":"https:\/\/eufortrisomy21.eu\/et\/wp-json\/wp\/v2\/posts"}],"about":[{"href":"https:\/\/eufortrisomy21.eu\/et\/wp-json\/wp\/v2\/types\/post"}],"author":[{"embeddable":true,"href":"https:\/\/eufortrisomy21.eu\/et\/wp-json\/wp\/v2\/users\/2"}],"replies":[{"embeddable":true,"href":"https:\/\/eufortrisomy21.eu\/et\/wp-json\/wp\/v2\/comments?post=30925"}],"version-history":[{"count":0,"href":"https:\/\/eufortrisomy21.eu\/et\/wp-json\/wp\/v2\/posts\/30925\/revisions"}],"wp:attachment":[{"href":"https:\/\/eufortrisomy21.eu\/et\/wp-json\/wp\/v2\/media?parent=30925"}],"wp:term":[{"taxonomy":"category","embeddable":true,"href":"https:\/\/eufortrisomy21.eu\/et\/wp-json\/wp\/v2\/categories?post=30925"},{"taxonomy":"post_tag","embeddable":true,"href":"https:\/\/eufortrisomy21.eu\/et\/wp-json\/wp\/v2\/tags?post=30925"}],"curies":[{"name":"wp","href":"https:\/\/api.w.org\/{rel}","templated":true}]}}