{"id":33047,"date":"2021-12-03T09:29:25","date_gmt":"2021-12-03T08:29:25","guid":{"rendered":"https:\/\/eufortrisomy21.eu\/?p=33047"},"modified":"2022-09-28T15:16:32","modified_gmt":"2022-09-28T13:16:32","slug":"33047-2","status":"publish","type":"post","link":"https:\/\/eufortrisomy21.eu\/et\/33047-2\/","title":{"rendered":"Rahvusvaheline puuetega inimeste \u00f5iguste p\u00e4ev"},"content":{"rendered":"<p>3. p\u00e4eval<sup>rd<\/sup> 2021. aasta detsembril, rahvusvahelisel puuetega inimeste \u00f5iguste p\u00e4eval, t\u00e4histas EU Trisomy 21 raames Downi s\u00fcndroomiga inimeste \u00f5igusi. Sellel t\u00e4htsal kuup\u00e4eval esitasid Euroopa Parlamendi liikmed m\u00f5ned poliitilised k\u00fcsimused Downi s\u00fcndroomiga inimestele \u00fcle Euroopa.<\/p>\n<p>Selle kampaaniaga anname Trisomy 21 inimestele v\u00f5imaluse t\u00f5sta h\u00e4\u00e4lt ja r\u00e4\u00e4kida oma poliitilistest arvamustest erinevatel teemadel. Inimesed, kellel on Trisoomia 21, on t\u00e4ielike demokraatlike \u00f5igustega kodanikud ja nende m\u00f5istmine ei ole mitte ainult oluline, vaid on \u00fclioluline t\u00e4ieliku kodaniku\u00fchiskonna diskursuse jaoks, mida Euroopa Parlament peaks kuulama. Demokraatlikud institutsioonid ei ole veel valmis Trisomy 21-ga inimesi kuulama, kuid nad peaksid hakkama kohanemise nimel t\u00f6\u00f6d tegema, et iga Euroopa kodanik saaks Euroopa demokraatias osaleda.<\/p>\n<p>Downi s\u00fcndroomiga inimesed k\u00e4sitlesid erinevaid teemasid:<\/p>\n<ul>\n<li>Diskrimineerimine:\n<ul>\n<li>Anna seisab Downi s\u00fcndroomiga inimeste \u00f5iguste eest, kuna k\u00f5igil Downi s\u00fcndroomiga inimestel peaksid olema samad \u00f5igused: <a href=\"https:\/\/www.instagram.com\/reel\/CXB0uC-gTNg\/\">https:\/\/www.instagram.com\/reel\/CXB0uC-gTNg\/<\/a><\/li>\n<li>Catherina r\u00e4\u00e4gib meile erinevatest m\u00fc\u00fctidest ja diskrimineerimisest, mis igap\u00e4evaselt toimub: <a href=\"https:\/\/www.instagram.com\/reel\/CXBs4m6gBUz\/\">https:\/\/www.instagram.com\/reel\/CXBs4m6gBUz\/<\/a><\/li>\n<li>Nathalie arvab, et s\u00fcnnieelne testimine on Downi s\u00fcndroomiga inimeste diskrimineerimine: <a href=\"https:\/\/www.instagram.com\/reel\/CXBNKhYAvoQ\/\">https:\/\/www.instagram.com\/reel\/CXBNKhYAvoQ\/<\/a><\/li>\n<\/ul>\n<\/li>\n<\/ul>\n<ul>\n<li>T\u00f6\u00f6h\u00f5ive:\n<ul>\n<li>Basiale meeldib tema t\u00f6\u00f6 k\u00e4sitsi valmistatud kottide maalimisel ja sooviks, et rohkematel inimestel oleks selline v\u00f5imalus: <a href=\"https:\/\/www.instagram.com\/reel\/CXDln1dg38x\/\">https:\/\/www.instagram.com\/reel\/CXDln1dg38x\/<\/a><\/li>\n<li>Mihai t\u00f6\u00f6tab kohvikus ja soovib, et t\u00f6\u00f6turule integreeritaks rohkem Downi s\u00fcndroomiga inimesi: <a href=\"https:\/\/www.instagram.com\/reel\/CXBcTWBARwG\/\">https:\/\/www.instagram.com\/reel\/CXBcTWBARwG\/<\/a><\/li>\n<\/ul>\n<\/li>\n<\/ul>\n<ul>\n<li>N\u00e4htavus:\n<ul>\n<li>Caterina Moretti r\u00e4\u00e4gib Downi s\u00fcndroomiga inimestega seotud desinformatsioonist ja eelarvamustest: <a href=\"https:\/\/www.instagram.com\/reel\/CXDwWUpg9UX\/\">https:\/\/www.instagram.com\/reel\/CXDwWUpg9UX\/<\/a><\/li>\n<\/ul>\n<\/li>\n<\/ul>\n<ul>\n<li>Autonoomia\n<ul>\n<li>Mihai selgitab, kuidas tema igap\u00e4evaelu kulgeb ja kuidas talle meeldib t\u00f6\u00f6, t\u00fcdruks\u00f5ber ja hobid: <a href=\"https:\/\/www.instagram.com\/reel\/CXDpIqNgtL3\/\">https:\/\/www.instagram.com\/reel\/CXDpIqNgtL3\/<\/a><\/li>\n<li>Basia r\u00e4\u00e4gib meile oma tavalisest igap\u00e4evaelust: <a href=\"https:\/\/www.instagram.com\/reel\/CXBUWsCASW-\/\">https:\/\/www.instagram.com\/reel\/CXBUWsCASW-\/<\/a><\/li>\n<\/ul>\n<\/li>\n<\/ul>\n<p>Ait\u00e4h Radka Maxovale, Brando Benifeile, Dragos Pislarule, Katrin Langensiepenile ja Rosa Estaras Ferragutile, Euroopa Parlamendi liikmetele, kes toetasid meie kampaaniat Downi s\u00fcndroomiga inimeste n\u00e4htavuse nimel sellel t\u00e4htsal rahvusvahelisel puuetega inimeste \u00f5iguste p\u00e4eval. .<\/p>","protected":false},"excerpt":{"rendered":"<p>On the 3rd of December 2021, International Day Of The Rights Of People With Disabilities, EU for Trisomy 21 celebrated&hellip;<\/p>","protected":false},"author":3,"featured_media":0,"comment_status":"closed","ping_status":"closed","sticky":false,"template":"","format":"standard","meta":{"_acf_changed":false,"footnotes":""},"categories":[45],"tags":[],"class_list":["post-33047","post","type-post","status-publish","format-standard","hentry","category-21-march-21"],"acf":[],"_links":{"self":[{"href":"https:\/\/eufortrisomy21.eu\/et\/wp-json\/wp\/v2\/posts\/33047"}],"collection":[{"href":"https:\/\/eufortrisomy21.eu\/et\/wp-json\/wp\/v2\/posts"}],"about":[{"href":"https:\/\/eufortrisomy21.eu\/et\/wp-json\/wp\/v2\/types\/post"}],"author":[{"embeddable":true,"href":"https:\/\/eufortrisomy21.eu\/et\/wp-json\/wp\/v2\/users\/3"}],"replies":[{"embeddable":true,"href":"https:\/\/eufortrisomy21.eu\/et\/wp-json\/wp\/v2\/comments?post=33047"}],"version-history":[{"count":0,"href":"https:\/\/eufortrisomy21.eu\/et\/wp-json\/wp\/v2\/posts\/33047\/revisions"}],"wp:attachment":[{"href":"https:\/\/eufortrisomy21.eu\/et\/wp-json\/wp\/v2\/media?parent=33047"}],"wp:term":[{"taxonomy":"category","embeddable":true,"href":"https:\/\/eufortrisomy21.eu\/et\/wp-json\/wp\/v2\/categories?post=33047"},{"taxonomy":"post_tag","embeddable":true,"href":"https:\/\/eufortrisomy21.eu\/et\/wp-json\/wp\/v2\/tags?post=33047"}],"curies":[{"name":"wp","href":"https:\/\/api.w.org\/{rel}","templated":true}]}}