{"id":33345,"date":"2022-12-07T18:00:43","date_gmt":"2022-12-07T17:00:43","guid":{"rendered":"https:\/\/eufortrisomy21.eu\/?p=33345"},"modified":"2024-02-20T17:22:44","modified_gmt":"2024-02-20T16:22:44","slug":"the-future-is-ours-time-for-more-autonomy","status":"publish","type":"post","link":"https:\/\/eufortrisomy21.eu\/et\/the-future-is-ours-time-for-more-autonomy\/","title":{"rendered":"Tulevik on meie \u2013 aeg suuremaks autonoomiaks"},"content":{"rendered":"<p>YouTube&#039;i link: <a href=\"https:\/\/www.youtube.com\/watch?v=j2QFE6f5QPY\">magyar (ungari)<\/a>, <a href=\"https:\/\/www.youtube.com\/watch?v=y754i2Gk5jk\">rom\u00e2n (rumeenia)<\/a>, <a href=\"https:\/\/www.youtube.com\/watch?v=imPvo3tS7l8\">Fran\u00e7ais (prantsuse)<\/a>, <a href=\"https:\/\/www.youtube.com\/watch?v=ZjAbSg9kFG0\">saksa (saksa)<\/a>, <a href=\"https:\/\/www.youtube.com\/watch?v=-KLPE1gQVC4\">polski (polski)<\/a>, <a href=\"https:\/\/www.youtube.com\/watch?v=MgHYTZBAlyE\">\u03b5\u03bb\u03bb\u03b7\u03bd\u03b9\u03ba\u03ac (kreeka)<\/a><\/p>\n<p>V\u00f5ite vaadata meie ametlikku aruannet <a href=\"https:\/\/drive.google.com\/file\/d\/1yMfOOM1MKX2PptIr70ZjFIDLy8B5rYdU\/view?usp=sharing\">siin<\/a>.<\/p>\n<p>7. p\u00e4eval<sup>th<\/sup> detsembril 2022 toimus EU for Trisomy 21 esimene meie EL-i rahastatava projekti The Future is Ours \u00fcritus pealkirjaga \u201cAeg rohkemale AUTONOOMIALE\u201d.<\/p>\n<p><span style=\"font-weight: 400;\">2022. aasta septembris sai EU for Trisomy 21 v\u00f5rgustik rahalist toetust EU CERV toetusprogrammi kaudu, millega k\u00e4ivitati projekt nimega The Future is Ours. See projekt sisaldab 3 veebis\u00fcndmust ja veel \u00fcht isiklikku \u00fcritust 2023. aasta mais Br\u00fcsselis. Iga \u00fcritus keskendub \u00fchele neljast ELi Trisomy 21 v\u00f5rgustiku eesm\u00e4rgist:<\/span><\/p>\n<p><span style=\"font-weight: 400;\">\u2013 autonoomia, mida t\u00e4hendab Downi s\u00fcndroomiga inimeste jaoks iseseisvus ja otsuste tegemine\u00a0<\/span><\/p>\n<p><span style=\"font-weight: 400;\">\u2013 N\u00e4htavus, mida t\u00e4hendab Downi s\u00fcndroomiga inimeste n\u00e4gemiseks ja kuulmiseks\u00a0<\/span><\/p>\n<p><span style=\"font-weight: 400;\">\u2013 Tervis, heade arstide ja tervisetoetuse t\u00e4htsus\u00a0<\/span><\/p>\n<p><span style=\"font-weight: 400;\">\u2013 V\u00f5rdne kohtlemine, mida t\u00e4hendab Downi s\u00fcndroomiga inimeste austamine?<\/span><\/p>\n<p>Selle projekti esimene \u00fcritus &quot;Aeg rohkem AUTONOOMIAT&quot; peeti v\u00f5rgus osana rahvusvahelise puuetega inimeste \u00f5iguste p\u00e4eva t\u00e4histamisest 3.<sup>rd<\/sup> detsember 2022.<\/p>\n<p>Filmis \u201eAeg rohkem AUTONOOMIAKS\u201d esines viis enesekaitsjat 5 erinevast riigist, kes r\u00e4\u00e4kisid autonoomse elu t\u00e4htsusest. See t\u00f5lgiti 9 keelde (inglise, ungari, rumeenia, prantsuse, saksa, poola, kreeka ja hispaania keelde) ning sellel osales \u00fcle 400 osaleja 22 riigist (16 ELi riigist).<\/p>\n<p><span style=\"font-weight: 400;\"><span style=\"font-weight: 400;\">\u00dcrituse esimene esineja oli<strong> Soufiane El Amrani<\/strong>, an<\/span><\/span> kergesti loetav ja propageerimise ekspert, kes t\u00f6\u00f6tab organisatsioonis Inclusion Europe alates 2008. aastast. Selle t\u00f6\u00f6 raames on ta andnud palju koolitusi teabe k\u00e4ttesaadavaks tegemise ja vaimupuudega inimeste konsulteerimise kohta neid m\u00f5jutavate otsuste tegemisel. Ta on ka osa Euroopa enesekaitsjate platvormist ja Empower Us meeskonnast. Alates 2020. aasta novembrist on Soufiane Euroopa enesekaitsjate esindaja Rahvusvahelises Kaasamise N\u00f5ukogus.<\/p>\n<p>\u00dcritusel \u201cAeg rohkem AUTONOOMIAKS\u201d r\u00e4\u00e4kis ta puuetega inimeste autonoomiast ELis, keskendudes eelseisvale valimisseaduse muudatusele, mis v\u00f5imaldab intellektipuudega inimestel, sealhulgas Downi s\u00fcndroomiga inimestel, h\u00e4\u00e4letada tulevasel Euroopa Parlamendi liikmel. 2024. aasta valimised. Ta t\u00f5stis teadlikkust t\u00f5siasjast, et kuigi valimisseaduse muutmine on hea samm, kuid EL peab parandama nende suhtlust, et olla sellele uuele valijaskonnale t\u00f5eliselt k\u00e4ttesaadav.<\/p>\n<p>Paneel \u201cMinu autonoomne elu\u201d h\u00f5lmas nelja enesekaitsja esinejat \u00fcle kogu Euroopa:<\/p>\n<ul>\n<li>\n<p class=\"_04xlpA direction-ltr align-start para-style-body\"><span class=\"JsGRdQ\"><strong>Fanny Neumayer<\/strong>, 27-aastane ja elab Viinis, <strong>Austria<\/strong>. <\/span><span class=\"JsGRdQ\">Pr Neumayer t\u00f6\u00f6tab Evangelische G\u00fcmnaasiumi (keskkooli) peakontoris Viini 11. linnaosas. <\/span><span class=\"JsGRdQ\">Ta r\u00e4\u00e4kis oma kogemustest Austrias h\u00e4\u00e4letamisel.<\/span><\/p>\n<\/li>\n<li>\n<p class=\"_04xlpA direction-ltr align-start para-style-body\"><span class=\"JsGRdQ\"><strong>Fiona Lambart<\/strong>, 24-aastane ja elab Frankfurdi l\u00e4hedal Darmstadtis, <strong>Saksamaa<\/strong>. <\/span><span class=\"JsGRdQ\">Pr Lambart t\u00f6\u00f6tab majapidamisspetsialistina.<\/span><span class=\"JsGRdQ\">\u00a0Ta r\u00e4\u00e4kis oma t\u00f6\u00f6st ja sellest, kuidas ta t\u00f6\u00f6tab autonoomse eluviisi poole.<\/span><\/p>\n<\/li>\n<li>\n<p class=\"_04xlpA direction-ltr align-start para-style-body\"><span class=\"JsGRdQ\"><strong>Frantzeska \u2013 Christina Douka<\/strong>, 37-aastane ja elab Thessalonikis, <strong>Kreeka<\/strong>. Pr Douka on Kreeka Downi s\u00fcndroomi assotsiatsiooni abisaaja, kes elab \u00fcksinda toetatud eluruumis. <\/span><span class=\"JsGRdQ\">Talle meeldib tantsida ja ta on r\u00fctmilise v\u00f5imlemise sportlane. Ta on korduvalt v\u00f5istelnud eriol\u00fcmpia organisatsioonis, v\u00f5itnud medaleid ja reisinud paljudes riikides Euroopas ja v\u00e4ljaspool.<\/span><\/p>\n<\/li>\n<li>\n<p class=\"_04xlpA direction-ltr align-start para-style-body\"><span class=\"JsGRdQ\"><strong>Jean Phillipe Barone<\/strong>, 44-aastane Marseille&#039;s elav <strong>Prantsusmaa<\/strong>. Ta elab oma korteris kogukonnas ja t\u00f6\u00f6tab kohandatud restoranis. Ta tunneb end suhtlusvahenditega mugavalt ja esindab regulaarselt #Tcap21 \u00fchendust k\u00f5igis meediakanalites. Ta treenib n\u00fc\u00fcd meie avatava #Train Inc. kohvikuga liitumiseks ja seej\u00e4rel t\u00e4ieliku autonoomia saavutamiseks.<\/span><\/p>\n<\/li>\n<\/ul>\n<p>P\u00e4rast paneeli said osalejad meie esinejatele k\u00fcsimusi esitada. Voldik tsitaatidega nende k\u00f5nedest ja Soufiane&#039;i j\u00f5upunktist <span style=\"font-weight: 400;\">El Amrani on k\u00f5igile osalejatele k\u00e4ttesaadavaks tehtud. Selle saab alla laadida inglise keeles <a href=\"https:\/\/drive.google.com\/file\/d\/1SVsLWWYytRREpmbalTXhit8NbVKCsVkB\/view?usp=share_link\">siin<\/a>.<\/span><\/p>\n<p>Kogu selle \u00fcrituse korraldamise ning \u00fcrituse ajal ja p\u00e4rast seda peetava arutelu jooksul koostab EU for Trisomy 21 nimekirja soovitustest, mida EL peab arvesse v\u00f5tma, kui t\u00f6\u00f6tab selle nimel, et muuta 2024. aasta EL-i parlamendivalimised daunit\u00f5vega inimestele t\u00f5eliselt k\u00e4ttesaadavaks. S\u00fcndroom k\u00f5igis ELi riikides. See paber antakse komisjonile ja Euroopa Parlamendile \u00fcle \u00fclemaailmsel Downi s\u00fcndroomi p\u00e4eval, 21. m\u00e4rtsil 2023.<\/p>\n<p><strong>Meie j\u00e4rgmine \u00fcritus: Time for More Visibility toimub 16. m\u00e4rtsil kell 18.00.\u00a0<\/strong><\/p>","protected":false},"excerpt":{"rendered":"<p>YouTube Link: Magyar (Hungarian), Rom\u00e2n (Romanian), Fran\u00e7ais (French), Deutsch (German), Polski (Polski), \u03b5\u03bb\u03bb\u03b7\u03bd\u03b9\u03ba\u03ac (Greek) You can take a look at&hellip;<\/p>","protected":false},"author":3,"featured_media":0,"comment_status":"closed","ping_status":"closed","sticky":false,"template":"","format":"standard","meta":{"_acf_changed":false,"footnotes":""},"categories":[45],"tags":[],"class_list":["post-33345","post","type-post","status-publish","format-standard","hentry","category-21-march-21"],"acf":[],"_links":{"self":[{"href":"https:\/\/eufortrisomy21.eu\/et\/wp-json\/wp\/v2\/posts\/33345"}],"collection":[{"href":"https:\/\/eufortrisomy21.eu\/et\/wp-json\/wp\/v2\/posts"}],"about":[{"href":"https:\/\/eufortrisomy21.eu\/et\/wp-json\/wp\/v2\/types\/post"}],"author":[{"embeddable":true,"href":"https:\/\/eufortrisomy21.eu\/et\/wp-json\/wp\/v2\/users\/3"}],"replies":[{"embeddable":true,"href":"https:\/\/eufortrisomy21.eu\/et\/wp-json\/wp\/v2\/comments?post=33345"}],"version-history":[{"count":3,"href":"https:\/\/eufortrisomy21.eu\/et\/wp-json\/wp\/v2\/posts\/33345\/revisions"}],"predecessor-version":[{"id":33626,"href":"https:\/\/eufortrisomy21.eu\/et\/wp-json\/wp\/v2\/posts\/33345\/revisions\/33626"}],"wp:attachment":[{"href":"https:\/\/eufortrisomy21.eu\/et\/wp-json\/wp\/v2\/media?parent=33345"}],"wp:term":[{"taxonomy":"category","embeddable":true,"href":"https:\/\/eufortrisomy21.eu\/et\/wp-json\/wp\/v2\/categories?post=33345"},{"taxonomy":"post_tag","embeddable":true,"href":"https:\/\/eufortrisomy21.eu\/et\/wp-json\/wp\/v2\/tags?post=33345"}],"curies":[{"name":"wp","href":"https:\/\/api.w.org\/{rel}","templated":true}]}}