{"id":33632,"date":"2023-07-07T14:20:00","date_gmt":"2023-07-07T12:20:00","guid":{"rendered":"https:\/\/eufortrisomy21.eu\/?p=33632"},"modified":"2024-02-20T17:21:50","modified_gmt":"2024-02-20T16:21:50","slug":"time-for-more-equal-treatment","status":"publish","type":"post","link":"https:\/\/eufortrisomy21.eu\/et\/time-for-more-equal-treatment\/","title":{"rendered":"Aeg v\u00f5rdsemaks kohtlemiseks"},"content":{"rendered":"<p><strong>Projekt &quot;Tulevik on meie oma&quot;: muutuste ja kaasamise volitamine<\/strong><\/p>\n<p>7. juuli 2023 \u2013 ELi Trisomy 21 v\u00f5rgustikul on hea meel teatada, et k\u00e4imasoleva projekti \u201eTulevik on meie\u201d neljas \u00fcritus on edukalt l\u00f5ppenud. 6. juulil toimunud \u00fcritus, mida toetas Euroopa Liit CERV-i toetuse kaudu, oli dialoogi edendamisel ja vaimupuudega inimeste m\u00f5juv\u00f5imu suurendamisel \u00fclimalt edukas, keskendudes eelk\u00f5ige v\u00f5rdsele kohtlemisele t\u00f6\u00f6kohal ja sellega seotud teemadele. Saate lugeda ametlikku aruannet <a href=\"https:\/\/drive.google.com\/file\/d\/1scn0DUrbaoWa7EqPKB69h1-JLZh1Gk--\/view?usp=sharing\">siin<\/a>.<\/p>\n<p>\u00dcritus t\u00f5i kokku osalejad \u00fcle Euroopa ning t\u00f5lgid olid saadaval mitmes keeles, sealhulgas itaalia, inglise, rumeenia ja ungari keeles.<\/p>\n<p>\u201cThe Future is Ours\u201d on projekt, mis sai alguse 2019. aastal \u00fclemaailmse Downi s\u00fcndroomi p\u00e4eva t\u00e4histamisele p\u00fchendunud kohalike organisatsioonide v\u00f5rgustikuna. Aja jooksul on see arenenud propageerimise ja m\u00f5juv\u00f5imu suurendamise platvormiks. Projekti raames on juba korraldatud kaks veebi\u00fcritust ja \u00fcks isiklik kogunemine Br\u00fcsselis, kus 75 osalejat erinevatest ELi riikidest ja 28 Downi s\u00fcndroomiga inimest kohtusid parlamendiliikmetega, et arutada olulisi k\u00fcsimusi, sealhulgas tervist.<\/p>\n<p>See seeria viimane \u00fcritus k\u00e4sitles v\u00f5rdse kohtlemise t\u00f6\u00f6kohal kriitilist k\u00fcsimust. Tunnustatud k\u00f5nelejate r\u00fchma kuulus Chiara Gemma, Euroopa Parlamendi liige; Maria James, kuldmedali v\u00f5itnud ujuja ja advokaat Maltalt; Yasmin Ismail, noorem ps\u00fchholoog Rumeeniast; ja K\u00e1roly Kisari, Ungari Peidetud Aarete \u00dchenduse ja Mentor\u00e1ll\u00e1si Fondi asutaja.<\/p>\n<p>Chiara Gemma, kes t\u00f6\u00f6tab Euroopa Parlamendi t\u00f6\u00f6h\u00f5ive- ja sotsiaalkomisjonis ning puuetega inimeste t\u00f6\u00f6r\u00fchmas, p\u00f6\u00f6rdus oma viimase hetke reisikohustuste t\u00f5ttu eelsalvestatud video kaudu. Ta r\u00f5hutas enesekaitse t\u00e4htsust ja vajadust v\u00f5imendada vaimupuudega inimeste h\u00e4\u00e4lt poliitilisel areenil.<\/p>\n<p>Ujumise kirglik propageerija ja kuldmedalist Maria James jagas oma inspireerivat teekonda ja arutas oma t\u00f6\u00f6d Downi s\u00fcndroomiga inimeste v\u00f5rdse kohtlemise edendamisel t\u00f6\u00f6kohal. Noorem ps\u00fchholoog Yasmin Ismail pakkus v\u00e4\u00e4rtuslikke teadmisi oma karj\u00e4\u00e4rist ja v\u00e4ljakutsetest, millest ta on \u00fcle saanud, julgustades teisi oma unistusi ellu viima. Valdkonna pioneer K\u00e1roly Kisari arutles oma organisatsioonide missiooni \u00fcle Ungaris, keskendudes puuetega inimeste integreerimisele \u00fchiskonda ja avatud t\u00f6\u00f6turule.<\/p>\n<p>Kogu \u00fcrituse v\u00e4ltel oli publikul v\u00f5imalus esitada esinejatele k\u00fcsimusi, soodustades interaktiivseid arutelusid ja suurendades arusaamist.<\/p>\n<p>EL Trisomy 21 v\u00f5rgustik on p\u00fchendunud oma tegevuse edendamise ja m\u00f5juv\u00f5imu suurendamise j\u00e4tkamisele. Ta on taotlenud veel \u00fchte ELi projekti, mille eesm\u00e4rk on anda enesekaitsjatele v\u00f5imalus t\u00f5husalt suhelda meedia, poliitikute ja avalikkusega, edendades n\u00e4htavust ja autonoomiat.<\/p>\n<p>Projekti \u201eTulevik on meie\u201c edu 6. juulil kinnitab veel kord ELi p\u00fchendumust Trisomy 21 v\u00f5rgustiku loomisele kaasavama ja \u00f5iglasema \u00fchiskonna loomisel vaimupuudega inimeste jaoks kogu Euroopas.<\/p>","protected":false},"excerpt":{"rendered":"<p>&#8220;The Future is Ours&#8221; Project: Empowering Change and Inclusion 7.th July 2023\u2014 The EU for Trisomy 21 Network is delighted&hellip;<\/p>","protected":false},"author":3,"featured_media":0,"comment_status":"closed","ping_status":"closed","sticky":false,"template":"","format":"standard","meta":{"_acf_changed":false,"footnotes":""},"categories":[45],"tags":[],"class_list":["post-33632","post","type-post","status-publish","format-standard","hentry","category-21-march-21"],"acf":[],"_links":{"self":[{"href":"https:\/\/eufortrisomy21.eu\/et\/wp-json\/wp\/v2\/posts\/33632"}],"collection":[{"href":"https:\/\/eufortrisomy21.eu\/et\/wp-json\/wp\/v2\/posts"}],"about":[{"href":"https:\/\/eufortrisomy21.eu\/et\/wp-json\/wp\/v2\/types\/post"}],"author":[{"embeddable":true,"href":"https:\/\/eufortrisomy21.eu\/et\/wp-json\/wp\/v2\/users\/3"}],"replies":[{"embeddable":true,"href":"https:\/\/eufortrisomy21.eu\/et\/wp-json\/wp\/v2\/comments?post=33632"}],"version-history":[{"count":3,"href":"https:\/\/eufortrisomy21.eu\/et\/wp-json\/wp\/v2\/posts\/33632\/revisions"}],"predecessor-version":[{"id":33635,"href":"https:\/\/eufortrisomy21.eu\/et\/wp-json\/wp\/v2\/posts\/33632\/revisions\/33635"}],"wp:attachment":[{"href":"https:\/\/eufortrisomy21.eu\/et\/wp-json\/wp\/v2\/media?parent=33632"}],"wp:term":[{"taxonomy":"category","embeddable":true,"href":"https:\/\/eufortrisomy21.eu\/et\/wp-json\/wp\/v2\/categories?post=33632"},{"taxonomy":"post_tag","embeddable":true,"href":"https:\/\/eufortrisomy21.eu\/et\/wp-json\/wp\/v2\/tags?post=33632"}],"curies":[{"name":"wp","href":"https:\/\/api.w.org\/{rel}","templated":true}]}}