{"id":30925,"date":"2021-02-19T16:40:13","date_gmt":"2021-02-19T15:40:13","guid":{"rendered":"https:\/\/eufortrisomy21.eu\/?p=30925"},"modified":"2021-02-23T15:00:23","modified_gmt":"2021-02-23T14:00:23","slug":"focus-on-the-21st-of-march-2021-lets-celebrate-world-down-syndrome-day-in-europe","status":"publish","type":"post","link":"https:\/\/eufortrisomy21.eu\/fi\/focus-on-the-21st-of-march-2021-lets-celebrate-world-down-syndrome-day-in-europe\/","title":{"rendered":"Lehdist\u00f6tiedote: Keskity 21. maaliskuuta 2021. Vietet\u00e4\u00e4n maailman Downin oireyhtym\u00e4n p\u00e4iv\u00e4\u00e4 Euroopassa!"},"content":{"rendered":"<p><img loading=\"lazy\" decoding=\"async\" class=\"size-medium wp-image-20686 alignright\" src=\"https:\/\/eufortrisomy21.eu\/wp-content\/uploads\/2020\/11\/Logo_EUforTrisomy21-Couleur-300x213.png\" alt=\"\" width=\"300\" height=\"213\" srcset=\"https:\/\/eufortrisomy21.eu\/wp-content\/uploads\/2020\/11\/Logo_EUforTrisomy21-Couleur-300x213.png 300w, https:\/\/eufortrisomy21.eu\/wp-content\/uploads\/2020\/11\/Logo_EUforTrisomy21-Couleur-1024x727.png 1024w, https:\/\/eufortrisomy21.eu\/wp-content\/uploads\/2020\/11\/Logo_EUforTrisomy21-Couleur-768x545.png 768w, https:\/\/eufortrisomy21.eu\/wp-content\/uploads\/2020\/11\/Logo_EUforTrisomy21-Couleur.png 1429w\" sizes=\"(max-width: 300px) 100vw, 300px\" \/>Maailman Downin syndroomap\u00e4iv\u00e4n seuraava versio (21<sup>st<\/sup> maaliskuuta Yhdistyneiden kansakuntien p\u00e4\u00e4tt\u00e4m\u00e4n\u00e4) vaatii erityist\u00e4 vauhtia, koska se tapahtuu vuonna 2021 ja Downin syndrooma tunnetaan l\u00e4\u00e4ketieteellisesti trisomiana 21!<\/p>\n<p>T\u00e4st\u00e4 n\u00e4k\u00f6kulmasta Downin syndroomaa sairastavien lasten vanhempien yhteis\u00f6 kaikkialta Euroopasta kokoontui EUfortrisomy21-merkin alle. Valmistelut k\u00e4ynnist\u00e4neen vanhempien ryhm\u00e4n ansiosta 16 maata on jo edustettuna EUfortrisomy21-merkinn\u00e4ss\u00e4, joka antaa eurooppalaisen ulottuvuuden World Downin syndroomap\u00e4iv\u00e4n juhliin.<\/p>\n<p>Mik\u00e4 yhdist\u00e4\u00e4 heit\u00e4: heid\u00e4n p\u00e4\u00e4tt\u00e4v\u00e4isyytens\u00e4 tehd\u00e4 vuodesta 2021 Downin syndroomaa sairastaville ihmisille omistettu vuosi; vuosi kunnioittaa heit\u00e4, antaa heille heille kuuluva paikka eurooppalaisessa yhteiskunnassa.<\/p>\n<p>21:lle<sup>st<\/sup> maaliskuuta ehdotetaan kolmea hanketta t\u00e4m\u00e4n p\u00e4iv\u00e4m\u00e4\u00e4r\u00e4n juhlimiseksi Euroopan tasolla. N\u00e4iden hankkeiden yksityiskohdat tiedotetaan helmikuun aikana: projekti ilahduttaa, projekti pohtia ja projekti toimia.<\/p>\n<p><strong>Contact:\u00a0 press@eufortrisomy21.eu <\/strong><\/p>\n<p><u>EUfortrisomy21<\/u> on Downin syndroomaa sairastavien lasten vanhempien yhteis\u00f6, joka yhdistyy edist\u00e4m\u00e4\u00e4n Downin syndroomaa sairastavien ihmisten oikeuksia nelj\u00e4ll\u00e4 ensisijaisella alueella: n\u00e4kyvyys, syrjim\u00e4tt\u00f6myys, terveys, autonomia.<\/p>","protected":false},"excerpt":{"rendered":"<p>The next edition of World Down Syndrome Day (21st of March as decided by United Nation) calls for a special&hellip;<\/p>","protected":false},"author":2,"featured_media":0,"comment_status":"closed","ping_status":"closed","sticky":false,"template":"","format":"standard","meta":{"_acf_changed":false,"footnotes":""},"categories":[45],"tags":[],"class_list":["post-30925","post","type-post","status-publish","format-standard","hentry","category-21-march-21"],"acf":[],"_links":{"self":[{"href":"https:\/\/eufortrisomy21.eu\/fi\/wp-json\/wp\/v2\/posts\/30925"}],"collection":[{"href":"https:\/\/eufortrisomy21.eu\/fi\/wp-json\/wp\/v2\/posts"}],"about":[{"href":"https:\/\/eufortrisomy21.eu\/fi\/wp-json\/wp\/v2\/types\/post"}],"author":[{"embeddable":true,"href":"https:\/\/eufortrisomy21.eu\/fi\/wp-json\/wp\/v2\/users\/2"}],"replies":[{"embeddable":true,"href":"https:\/\/eufortrisomy21.eu\/fi\/wp-json\/wp\/v2\/comments?post=30925"}],"version-history":[{"count":0,"href":"https:\/\/eufortrisomy21.eu\/fi\/wp-json\/wp\/v2\/posts\/30925\/revisions"}],"wp:attachment":[{"href":"https:\/\/eufortrisomy21.eu\/fi\/wp-json\/wp\/v2\/media?parent=30925"}],"wp:term":[{"taxonomy":"category","embeddable":true,"href":"https:\/\/eufortrisomy21.eu\/fi\/wp-json\/wp\/v2\/categories?post=30925"},{"taxonomy":"post_tag","embeddable":true,"href":"https:\/\/eufortrisomy21.eu\/fi\/wp-json\/wp\/v2\/tags?post=30925"}],"curies":[{"name":"wp","href":"https:\/\/api.w.org\/{rel}","templated":true}]}}