{"id":31446,"date":"2021-03-09T10:19:38","date_gmt":"2021-03-09T09:19:38","guid":{"rendered":"https:\/\/eufortrisomy21.eu\/?p=31446"},"modified":"2021-03-09T10:20:49","modified_gmt":"2021-03-09T09:20:49","slug":"press-release-one-dancing-challenge-to-join-in-the-celebration","status":"publish","type":"post","link":"https:\/\/eufortrisomy21.eu\/fi\/press-release-one-dancing-challenge-to-join-in-the-celebration\/","title":{"rendered":"Lehdist\u00f6tiedote: Yksi tanssihaaste liitty\u00e4ksesi juhlaan!"},"content":{"rendered":"<p style=\"text-align: right;\"><img loading=\"lazy\" decoding=\"async\" class=\"size-medium wp-image-14470 alignleft\" src=\"https:\/\/eufortrisomy21.eu\/wp-content\/uploads\/2020\/02\/Banniere7-300x120.jpg\" alt=\"\" width=\"300\" height=\"120\" srcset=\"https:\/\/eufortrisomy21.eu\/wp-content\/uploads\/2020\/02\/Banniere7-300x120.jpg 300w, https:\/\/eufortrisomy21.eu\/wp-content\/uploads\/2020\/02\/Banniere7-1024x410.jpg 1024w, https:\/\/eufortrisomy21.eu\/wp-content\/uploads\/2020\/02\/Banniere7-768x307.jpg 768w, https:\/\/eufortrisomy21.eu\/wp-content\/uploads\/2020\/02\/Banniere7-1536x614.jpg 1536w, https:\/\/eufortrisomy21.eu\/wp-content\/uploads\/2020\/02\/Banniere7.jpg 2000w\" sizes=\"(max-width: 300px) 100vw, 300px\" \/>Lehdist\u00f6tiedote<\/p>\n<p style=\"text-align: right;\">Bryssel<\/p>\n<p style=\"text-align: right;\">3. maaliskuuta 2021<\/p>\n<p>&nbsp;<\/p>\n<h2 style=\"text-align: center;\"><span style=\"color: #99ccff;\"><strong>Juhlitaan yhdess\u00e4 21. maaliskuuta <\/strong><\/span><\/h2>\n<h2 style=\"text-align: center;\"><strong><span style=\"color: #ffcc00;\">1<\/span> Tanssiminen <span style=\"color: #ffcc00;\">haaste <\/span><\/strong>mukaan juhliin!<\/h2>\n<p>Seuraava <em>Kansainv\u00e4linen trisomian p\u00e4iv\u00e4 21<\/em> j\u00e4rjestet\u00e4\u00e4n sunnuntaina 21.3.20<span style=\"color: #99ccff;\"><strong>21<\/strong><\/span>. Juhlistaaksemme t\u00e4t\u00e4 symbolista p\u00e4iv\u00e4m\u00e4\u00e4r\u00e4\u00e4 henkil\u00f6ille, joilla on Downin oireyhtym\u00e4 (kutsutaan my\u00f6s Trisomiaksi <span style=\"color: #99ccff;\"><strong>21<\/strong><\/span>), <em>EU for Trisomy21<\/em> ehdottaa kolmea hanketta. Keskity tanssihaasteeseen laittaaksesi valoon Downin syndroomaa sairastavat henkil\u00f6t: koreografia tanssimaan iloitsemaan, juhlimaan yhdess\u00e4 Downin syndroomaa sairastavien kanssa.<\/p>\n<h4><span style=\"color: #ffcc00;\"><strong>1. Koreografia<\/strong><\/span><\/h4>\n<p>Sen on kuvitellut koreografi, joka ty\u00f6skenteli Downin syndroomaa sairastaville henkil\u00f6ille tarkoitetussa keskuksessa. Musiikki on ote ranskalaisen artistin Kimberosen viimeisest\u00e4 singlest\u00e4: \u00ab\u00a0<em>Takaisin jaloilleni \u00bb.<\/em><\/p>\n<h4><span style=\"color: #99ccff;\"><strong>2. Haaste \u00ab Tanssia 21. maaliskuuta \u2013 kansainv\u00e4linen trisomiap\u00e4iv\u00e4 21 \u00bb<\/strong><\/span><\/h4>\n<p>Se on julkaistu sosiaalisessa mediassa <strong><span style=\"color: #99ccff;\">3. maaliskuuta 2021<\/span><\/strong>.<\/p>\n<p>Se on osoitettu Euroopan maiden kansalaisille; kaikki ovat tervetulleita osallistumaan haasteeseen:<\/p>\n<ul>\n<li>Ilmaista iloa ja kunnioittaa l\u00e4heisi\u00e4mme, joilla on Downin syndrooma;<\/li>\n<li>Tutustua Downin syndroomaa sairastaviin henkil\u00f6ihin yhteis\u00f6ss\u00e4mme;<\/li>\n<li>Ilmaista yhteist\u00e4 kiitollisuutta Downin syndroomaa sairastavien erityisasemasta yhteiskunnassamme, jota on korostettava: olennainen osa yhteiskuntaamme.<\/li>\n<\/ul>\n<p>Konkreettisesti:<\/p>\n<ul>\n<li>Jokainen oppii koreografian, rekister\u00f6i itsens\u00e4, julkaisee sen sosiaalisessa mediassa ja levitt\u00e4\u00e4<em> EU for Trisomy21<\/em>.<\/li>\n<li>K\u00e4ytt\u00e4m\u00e4ll\u00e4 seuraavia hashtageja: <span style=\"color: #99ccff;\"><strong>#EUfortrisomia21<\/strong><strong> #haaste #down-oireyhtym\u00e4<\/strong><\/span><\/li>\n<\/ul>\n<h4><strong><span style=\"color: #ffcc00;\">3. Pukukoodi (jos mahdollista)<\/span><\/strong><\/h4>\n<p>Yl\u00f6s : valkoinen \/ Alas : sininen \/ Sopimattomat sukat tai keng\u00e4t<\/p>\n<h4><strong><span style=\"color: #99ccff;\">4. EUfortrisomia21<\/span><\/strong><\/h4>\n<p>EUfortrisomy21 on Downin syndroomaa sairastavien henkil\u00f6iden vanhempien yhteis\u00f6 kaikkialla Euroopassa: <strong><span style=\"color: #99ccff;\">Mukana on 19 maata<\/span><\/strong> edustaa <strong><span style=\"color: #99ccff;\">55 yhdistyst\u00e4<\/span><\/strong> ketk\u00e4 ovat <strong><span style=\"color: #99ccff;\">kumppaneita<\/span><\/strong> EUforTrisomy21-projektista kansainv\u00e4lisen Trisomy-p\u00e4iv\u00e4n 2021 painoksessa.<\/p>\n<p>&nbsp;<\/p>\n<p style=\"text-align: center;\">Contact : contact@eufortrisomy21.eu<\/p>\n<p style=\"text-align: right;\"><a href=\"https:\/\/eufortrisomy21.eu\/wp-content\/uploads\/2021\/03\/EN-EUfortrisomy21-dancing-video-03-03-21.pdf\" target=\"_blank\" rel=\"noopener\">Klikkaa t\u00e4st\u00e4<\/a> ladata lehdist\u00f6tiedote<\/p>","protected":false},"excerpt":{"rendered":"<p>The next International Day of Trisomy 21 will take place on Sunday 21st March 2021. In order to celebrate this&hellip;<\/p>","protected":false},"author":3,"featured_media":0,"comment_status":"closed","ping_status":"closed","sticky":false,"template":"","format":"standard","meta":{"_acf_changed":false,"footnotes":""},"categories":[45],"tags":[],"class_list":["post-31446","post","type-post","status-publish","format-standard","hentry","category-21-march-21"],"acf":[],"_links":{"self":[{"href":"https:\/\/eufortrisomy21.eu\/fi\/wp-json\/wp\/v2\/posts\/31446"}],"collection":[{"href":"https:\/\/eufortrisomy21.eu\/fi\/wp-json\/wp\/v2\/posts"}],"about":[{"href":"https:\/\/eufortrisomy21.eu\/fi\/wp-json\/wp\/v2\/types\/post"}],"author":[{"embeddable":true,"href":"https:\/\/eufortrisomy21.eu\/fi\/wp-json\/wp\/v2\/users\/3"}],"replies":[{"embeddable":true,"href":"https:\/\/eufortrisomy21.eu\/fi\/wp-json\/wp\/v2\/comments?post=31446"}],"version-history":[{"count":0,"href":"https:\/\/eufortrisomy21.eu\/fi\/wp-json\/wp\/v2\/posts\/31446\/revisions"}],"wp:attachment":[{"href":"https:\/\/eufortrisomy21.eu\/fi\/wp-json\/wp\/v2\/media?parent=31446"}],"wp:term":[{"taxonomy":"category","embeddable":true,"href":"https:\/\/eufortrisomy21.eu\/fi\/wp-json\/wp\/v2\/categories?post=31446"},{"taxonomy":"post_tag","embeddable":true,"href":"https:\/\/eufortrisomy21.eu\/fi\/wp-json\/wp\/v2\/tags?post=31446"}],"curies":[{"name":"wp","href":"https:\/\/api.w.org\/{rel}","templated":true}]}}