{"id":32206,"date":"2021-03-19T13:25:51","date_gmt":"2021-03-19T12:25:51","guid":{"rendered":"https:\/\/eufortrisomy21.eu\/?p=32206"},"modified":"2022-06-24T11:55:59","modified_gmt":"2022-06-24T09:55:59","slug":"press-release-on-march-21st-europe-is-honouring-persons-with-downs-syndrome","status":"publish","type":"post","link":"https:\/\/eufortrisomy21.eu\/fi\/press-release-on-march-21st-europe-is-honouring-persons-with-downs-syndrome\/","title":{"rendered":"Lehdist\u00f6tiedote: Eurooppa kunnioittaa 21. maaliskuuta Downin oireyhtym\u00e4\u00e4 sairastavia henkil\u00f6it\u00e4"},"content":{"rendered":"<p style=\"text-align: right;\"><img loading=\"lazy\" decoding=\"async\" class=\"size-medium wp-image-14470 alignleft\" src=\"https:\/\/eufortrisomy21.eu\/wp-content\/uploads\/2020\/02\/Banniere7-300x120.jpg\" alt=\"\" width=\"300\" height=\"120\" srcset=\"https:\/\/eufortrisomy21.eu\/wp-content\/uploads\/2020\/02\/Banniere7-300x120.jpg 300w, https:\/\/eufortrisomy21.eu\/wp-content\/uploads\/2020\/02\/Banniere7-1024x410.jpg 1024w, https:\/\/eufortrisomy21.eu\/wp-content\/uploads\/2020\/02\/Banniere7-768x307.jpg 768w, https:\/\/eufortrisomy21.eu\/wp-content\/uploads\/2020\/02\/Banniere7-1536x614.jpg 1536w, https:\/\/eufortrisomy21.eu\/wp-content\/uploads\/2020\/02\/Banniere7.jpg 2000w\" sizes=\"(max-width: 300px) 100vw, 300px\" \/>Lehdist\u00f6tiedote<\/p>\n<p style=\"text-align: right;\">Bryssel<\/p>\n<p style=\"text-align: right;\">19. maaliskuuta 2021<\/p>\n<p>&nbsp;<\/p>\n<h2 style=\"text-align: center;\"><span style=\"color: #99ccff;\"><strong>Eurooppa kunnioittaa 21. maaliskuuta Downin oireyhtym\u00e4\u00e4 sairastavia henkil\u00f6it\u00e4:\u00a0\u00a0<\/strong><strong>kansalaiset <\/strong><\/span><strong>ja <span style=\"color: #99ccff;\">poliittiset johtajat<\/span> kutsutaan juhlimaan <\/strong><span style=\"color: #99ccff;\"><strong>Kansainv\u00e4linen trisomian p\u00e4iv\u00e4 21<\/strong><\/span><span style=\"color: #99ccff;\">\u00a0<\/span><\/h2>\n<p style=\"text-align: center;\"><strong>Kiitos <span style=\"color: #ffcc00;\">Neiti Von der Leyen<\/span> ja <span style=\"color: #ffcc00;\">Euroopan parlamentin j\u00e4senet<\/span><\/strong><\/p>\n<p style=\"text-align: center;\"><strong>jotka ovat mukana t\u00e4ss\u00e4 kampanjassa.<\/strong><\/p>\n<p style=\"text-align: left;\"><span style=\"color: #000000;\">\u00a0<\/span>Tuhannet kansalaiset ja perheet ymp\u00e4ri Eurooppaa jakavat haasteen koko viikon ajan \u00ab\u00a0<em>Tanssii 21. maaliskuuta\u00a0<\/em>\u00bb<\/p>\n<p style=\"text-align: center;\"><span style=\"color: #99ccff;\"><strong>Kaikki kutsutaan mukaan mobilisointiin 21. maaliskuuta asti<\/strong><\/span><\/p>\n<p style=\"text-align: center;\">jakamalla keskiviikkoiltana (17. maaliskuuta) julkaistun videokokoelman:<\/p>\n<p style=\"text-align: center;\"><span style=\"color: #99ccff;\"><strong>@ eufortrisomy21<br \/>\n#EUfortrisomy21 #challenge #downsyndrooma<\/strong><\/span><\/p>\n<p>L\u00f6yd\u00e4 <a href=\"https:\/\/eufortrisomy21.eu\/fr\/\">https:\/\/eufortrisomy21.eu\/fr\/<\/a><br \/>\nJakaa :<br \/>\n*viserrys *: <a href=\"https:\/\/twitter.com\/eufortrisomy21?s=21\">https:\/\/twitter.com\/eufortrisomy21?s=21<\/a><br \/>\n* Instagram *: <a href=\"https:\/\/instagram.com\/eufortrisomy21?igshid=1htqe2arifhnb\">https:\/\/instagram.com\/eufortrisomy21?igshid=1htqe2arifhnb<br \/>\n<\/a>*Facebook * : <a href=\"https:\/\/www.facebook.com\/EUforTrisomy21\/\">https:\/\/www.facebook.com\/EUforTrisomy21\/<\/a><br \/>\n* TikTok *: <a href=\"https:\/\/vm.tiktok.com\/ZSJFpN5D8\/\">https:\/\/vm.tiktok.com\/ZSJFpN5D8\/<\/a><\/p>\n<p>Eri hankkeessa eurooppalaiset poliittiset johtajat osoittavat halukkuutensa juhlia t\u00e4t\u00e4 p\u00e4iv\u00e4m\u00e4\u00e4r\u00e4\u00e4 sponsoroimalla Downin oireyhtym\u00e4\u00e4 sairastavaa nuorta. <span style=\"color: #ffcc00;\"><strong>1<\/strong><strong>23 parlamentin j\u00e4sent\u00e4 <\/strong><\/span>ovat vastanneet my\u00f6nteisesti ehdotukseen tavata (usein k\u00e4yt\u00e4nn\u00f6llisesti katsoen) yksi Downin oireyhtym\u00e4\u00e4 sairastava nuori ja \/ tai h\u00e4nen vanhempansa maastaan, josta tulee sitten \u201dTrsisomy 21 -tukija\u201d. Neiti. <span style=\"color: #ffcc00;\"><strong>von der Leyen<\/strong><\/span>, Euroopan komission puheenjohtaja, osallistuu aloitteeseen ja tukee sit\u00e4.<\/p>\n<p>&nbsp;<\/p>\n<p><img loading=\"lazy\" decoding=\"async\" class=\"aligncenter wp-image-32207 size-full\" src=\"https:\/\/eufortrisomy21.eu\/wp-content\/uploads\/2021\/03\/EN.png\" alt=\"\" width=\"1241\" height=\"1754\" srcset=\"https:\/\/eufortrisomy21.eu\/wp-content\/uploads\/2021\/03\/EN.png 1241w, https:\/\/eufortrisomy21.eu\/wp-content\/uploads\/2021\/03\/EN-212x300.png 212w, https:\/\/eufortrisomy21.eu\/wp-content\/uploads\/2021\/03\/EN-725x1024.png 725w, https:\/\/eufortrisomy21.eu\/wp-content\/uploads\/2021\/03\/EN-768x1085.png 768w, https:\/\/eufortrisomy21.eu\/wp-content\/uploads\/2021\/03\/EN-1087x1536.png 1087w, https:\/\/eufortrisomy21.eu\/wp-content\/uploads\/2021\/03\/EN-8x12.png 8w\" sizes=\"(max-width: 1241px) 100vw, 1241px\" \/><\/p>\n<p style=\"text-align: center;\"><span class=\"fontstyle0\">EUfortrisomy21 <\/span><span class=\"fontstyle2\">on Downin oireyhtym\u00e4\u00e4 sairastavien lasten vanhempien yhteis\u00f6,<br \/>\nyhdistynyt edist\u00e4m\u00e4\u00e4n Downin oireyhtym\u00e4\u00e4 sairastavien ihmisten oikeuksia nelj\u00e4ll\u00e4 ensisijaisella alalla:<br \/>\nn\u00e4kyvyys, syrjim\u00e4tt\u00f6myys, terveys, autonomia<\/span><\/p>\n<p style=\"text-align: center;\"><strong>Ottaa yhteytt\u00e4<\/strong> : contact@eufortrisomy21.eu<\/p>\n<p style=\"text-align: right;\"><a href=\"https:\/\/eufortrisomy21.eu\/wp-content\/uploads\/2021\/03\/2021-03-19-FINAL-PRESS-RELEASE.pdf\" target=\"_blank\" rel=\"noopener\">Klikkaa t\u00e4st\u00e4 <\/a>ladata lehdist\u00f6tiedote<\/p>\n<p style=\"text-align: right;\"><a href=\"https:\/\/eufortrisomy21.eu\/wp-content\/uploads\/2021\/03\/Communique-de-presse_EN.pdf\" target=\"_blank\" rel=\"noopener\">Klikkaa t\u00e4st\u00e4 <\/a>ladata merkitt\u00e4v\u00e4t luvut<\/p>","protected":false},"excerpt":{"rendered":"<p>\u00a0To celebrate the International Day of Trisomy 21, EUfortrisomy21 organizes a conference Thursday 18th March 2021 from 2 to 3:30&hellip;<\/p>","protected":false},"author":3,"featured_media":0,"comment_status":"closed","ping_status":"closed","sticky":false,"template":"","format":"standard","meta":{"_acf_changed":false,"footnotes":""},"categories":[45],"tags":[],"class_list":["post-32206","post","type-post","status-publish","format-standard","hentry","category-21-march-21"],"acf":[],"_links":{"self":[{"href":"https:\/\/eufortrisomy21.eu\/fi\/wp-json\/wp\/v2\/posts\/32206"}],"collection":[{"href":"https:\/\/eufortrisomy21.eu\/fi\/wp-json\/wp\/v2\/posts"}],"about":[{"href":"https:\/\/eufortrisomy21.eu\/fi\/wp-json\/wp\/v2\/types\/post"}],"author":[{"embeddable":true,"href":"https:\/\/eufortrisomy21.eu\/fi\/wp-json\/wp\/v2\/users\/3"}],"replies":[{"embeddable":true,"href":"https:\/\/eufortrisomy21.eu\/fi\/wp-json\/wp\/v2\/comments?post=32206"}],"version-history":[{"count":0,"href":"https:\/\/eufortrisomy21.eu\/fi\/wp-json\/wp\/v2\/posts\/32206\/revisions"}],"wp:attachment":[{"href":"https:\/\/eufortrisomy21.eu\/fi\/wp-json\/wp\/v2\/media?parent=32206"}],"wp:term":[{"taxonomy":"category","embeddable":true,"href":"https:\/\/eufortrisomy21.eu\/fi\/wp-json\/wp\/v2\/categories?post=32206"},{"taxonomy":"post_tag","embeddable":true,"href":"https:\/\/eufortrisomy21.eu\/fi\/wp-json\/wp\/v2\/tags?post=32206"}],"curies":[{"name":"wp","href":"https:\/\/api.w.org\/{rel}","templated":true}]}}