{"id":32350,"date":"2021-06-24T17:12:45","date_gmt":"2021-06-24T15:12:45","guid":{"rendered":"https:\/\/eufortrisomy21.eu\/?p=32350"},"modified":"2022-07-22T10:28:28","modified_gmt":"2022-07-22T08:28:28","slug":"online-conference-improving-the-visibility-of-people-with-down-syndrome-an-emergency-for-europe","status":"publish","type":"post","link":"https:\/\/eufortrisomy21.eu\/fi\/online-conference-improving-the-visibility-of-people-with-down-syndrome-an-emergency-for-europe\/","title":{"rendered":"Verkkokonferenssi - 8. hein\u00e4kuuta 2021 - Downin oireyhtym\u00e4\u00e4 sairastavien ihmisten n\u00e4kyvyyden parantaminen"},"content":{"rendered":"<p style=\"text-align: right;\"><img loading=\"lazy\" decoding=\"async\" class=\"size-medium wp-image-14470 alignleft\" src=\"https:\/\/eufortrisomy21.eu\/wp-content\/uploads\/2020\/02\/Banniere7-300x120.jpg\" alt=\"\" width=\"300\" height=\"120\" srcset=\"https:\/\/eufortrisomy21.eu\/wp-content\/uploads\/2020\/02\/Banniere7-300x120.jpg 300w, https:\/\/eufortrisomy21.eu\/wp-content\/uploads\/2020\/02\/Banniere7-1024x410.jpg 1024w, https:\/\/eufortrisomy21.eu\/wp-content\/uploads\/2020\/02\/Banniere7-768x307.jpg 768w, https:\/\/eufortrisomy21.eu\/wp-content\/uploads\/2020\/02\/Banniere7-1536x614.jpg 1536w, https:\/\/eufortrisomy21.eu\/wp-content\/uploads\/2020\/02\/Banniere7.jpg 2000w\" sizes=\"(max-width: 300px) 100vw, 300px\" \/><\/p>\n<p>&nbsp;<\/p>\n<p>&nbsp;<\/p>\n<p>&nbsp;<\/p>\n<p>&nbsp;<\/p>\n<h2 style=\"text-align: center;\">Downin oireyhtym\u00e4n ihmisten n\u00e4kyvyyden parantaminen: h\u00e4t\u00e4 Euroopalle. Miksi? Miten?<\/h2>\n<p>Downin oireyhtym\u00e4st\u00e4 k\u00e4rsivien ihmisten n\u00e4kyvyyden parantamisen Euroopassa pit\u00e4isi olla suuri keskustelu <a href=\"https:\/\/futureu.europa.eu\/\" target=\"_blank\" rel=\"noopener\">kansalaisten kuuleminen Euroopan tulevaisuuden puolesta<\/a>.<\/p>\n<p><strong><a href=\"https:\/\/docs.google.com\/forms\/d\/e\/1FAIpQLSfcweCVPOG7YO_JwvF9NAbhpVdDDrUbxl59EM7JJ17kPaB95Q\/viewform\" target=\"_blank\" rel=\"noopener\">Rekister\u00f6idy t\u00e4\u00e4ll\u00e4<\/a> <\/strong>osallistua EUfortrisomy21 -verkkokokoukseen aiheesta <strong>8. hein\u00e4kuuta klo 18.00 (Brysselin aikaa)<\/strong> ja osallistumaan &quot;Euroopan tulevaisuutta&quot; koskevan kansalaisneuvottelun verkkokeskusteluun parantaakseen Downin oireyhtym\u00e4\u00e4 sairastavien ihmisten n\u00e4kyvyytt\u00e4.<\/p>\n<p><strong>Kieli (kielet :<\/strong> Englanti, espanja, ranska, saksa, saksankielinen, t\u0161ekki ja italia<\/p>\n<p>&nbsp;<\/p>\n<h2><u>Ohjelmoida:<\/u><\/h2>\n<p><strong>Johdanto: <\/strong>Brando Benifei (Euroopan parlamentin j\u00e4sen - Italia)<\/p>\n<p><strong>Osa 1: Kiistanalaiset syrjint\u00e4tapaukset Euroopassa\u00a0<\/strong><\/p>\n<ul>\n<li>Rakas tuleva \u00e4iti - Riccardo Bianchi - Coordown (IT)<\/li>\n<li>Rakas tuleva \u00e4iti (sensuuri ja tapaus Euroopan ihmisoikeussopimuksen edess\u00e4) - Lucie Pacherie - Fondation J\u00e9r\u00f4me Lejeune (FR)<\/li>\n<li>Arcadi Spada -tapaus (SP) ja Richard Dawkins -tapaus - Raquel del Barrio (EU: n viitem\u00e4nt\u00e4 Trisomy 21: lle Espanjassa)<\/li>\n<\/ul>\n<p><strong>Osa 2: Miksi t\u00e4m\u00e4 syrjint\u00e4puhe on edelleen olemassa Euroopassa?<\/strong><\/p>\n<ul>\n<li>Filosofi: Danielle Moyse (FR)<\/li>\n<li>Tina Sander (yhdistyksen perustaja): #NoNIPT -kampanja Saksassa (GE)<\/li>\n<li>Itsepuolustaja: Natalie Dedreux-bloggaaja ja toimittaja (GE)<\/li>\n<\/ul>\n<p><strong>Osa 3: Miten toimitaan ihmisarvon 21 edist\u00e4miseksi ja ihmisille, joilla on trisomia 21, n\u00e4kyvyys?<\/strong><\/p>\n<ul>\n<li>Itsepuolustaja: Caterina Moretti (SP)<\/li>\n<li>Video Dubravka Suicasta, Euroopan komission tulevaisuuden konferenssin puheenjohtajasta<\/li>\n<\/ul>\n<p><strong>Kysymykset ja vastaukset<\/strong><\/p>\n<p><strong>Johtop\u00e4\u00e4t\u00f6s: <\/strong>Radka Maxova (Euroopan parlamentin j\u00e4sen - T\u0161ekki)<\/p>\n<p id=\"tw-target-text\" class=\"tw-data-text tw-text-large XcVN5d tw-ta\" data-placeholder=\"Traduction\">Verkkokokouksemme uusintavideot ovat saatavilla <a href=\"https:\/\/www.youtube.com\/channel\/UCFbORaGOrc9HBNBSK7DG-nQ?app=desktop&amp;pli=1\" target=\"_blank\" rel=\"noopener\">YouTube -kanavallamme<\/a>.<\/p>\n<p style=\"text-align: center;\"><span class=\"fontstyle0\">EUfortrisomy21 <\/span><span class=\"fontstyle2\">on Downin oireyhtym\u00e4\u00e4 sairastavien lasten vanhempien yhteis\u00f6,<br \/>\nyhdistynyt edist\u00e4m\u00e4\u00e4n Downin oireyhtym\u00e4\u00e4 sairastavien ihmisten oikeuksia nelj\u00e4ll\u00e4 ensisijaisella alalla:<br \/>\nn\u00e4kyvyys, syrjim\u00e4tt\u00f6myys, terveys, autonomia<\/span><\/p>\n<p style=\"text-align: center;\"><strong>Ottaa yhteytt\u00e4<\/strong> : contact@eufortrisomy21.eu<\/p>\n<p style=\"text-align: right;\">","protected":false},"excerpt":{"rendered":"<p>Improving the visibility of people with Down syndrome in Europe should be a major debate in the citizen\u2019s consultation for&hellip;<\/p>","protected":false},"author":3,"featured_media":0,"comment_status":"closed","ping_status":"closed","sticky":false,"template":"","format":"standard","meta":{"_acf_changed":false,"footnotes":""},"categories":[45],"tags":[],"class_list":["post-32350","post","type-post","status-publish","format-standard","hentry","category-21-march-21"],"acf":[],"_links":{"self":[{"href":"https:\/\/eufortrisomy21.eu\/fi\/wp-json\/wp\/v2\/posts\/32350"}],"collection":[{"href":"https:\/\/eufortrisomy21.eu\/fi\/wp-json\/wp\/v2\/posts"}],"about":[{"href":"https:\/\/eufortrisomy21.eu\/fi\/wp-json\/wp\/v2\/types\/post"}],"author":[{"embeddable":true,"href":"https:\/\/eufortrisomy21.eu\/fi\/wp-json\/wp\/v2\/users\/3"}],"replies":[{"embeddable":true,"href":"https:\/\/eufortrisomy21.eu\/fi\/wp-json\/wp\/v2\/comments?post=32350"}],"version-history":[{"count":0,"href":"https:\/\/eufortrisomy21.eu\/fi\/wp-json\/wp\/v2\/posts\/32350\/revisions"}],"wp:attachment":[{"href":"https:\/\/eufortrisomy21.eu\/fi\/wp-json\/wp\/v2\/media?parent=32350"}],"wp:term":[{"taxonomy":"category","embeddable":true,"href":"https:\/\/eufortrisomy21.eu\/fi\/wp-json\/wp\/v2\/categories?post=32350"},{"taxonomy":"post_tag","embeddable":true,"href":"https:\/\/eufortrisomy21.eu\/fi\/wp-json\/wp\/v2\/tags?post=32350"}],"curies":[{"name":"wp","href":"https:\/\/api.w.org\/{rel}","templated":true}]}}