{"id":33345,"date":"2022-12-07T18:00:43","date_gmt":"2022-12-07T17:00:43","guid":{"rendered":"https:\/\/eufortrisomy21.eu\/?p=33345"},"modified":"2024-02-20T17:22:44","modified_gmt":"2024-02-20T16:22:44","slug":"the-future-is-ours-time-for-more-autonomy","status":"publish","type":"post","link":"https:\/\/eufortrisomy21.eu\/fi\/the-future-is-ours-time-for-more-autonomy\/","title":{"rendered":"Tulevaisuus on meid\u00e4n \u2013 aika lis\u00e4t\u00e4 autonomiaa"},"content":{"rendered":"<p>YouTube-linkki: <a href=\"https:\/\/www.youtube.com\/watch?v=j2QFE6f5QPY\">Magyar (Unkari)<\/a>, <a href=\"https:\/\/www.youtube.com\/watch?v=y754i2Gk5jk\">rom\u00e2n (romania)<\/a>, <a href=\"https:\/\/www.youtube.com\/watch?v=imPvo3tS7l8\">Fran\u00e7ais (ranska)<\/a>, <a href=\"https:\/\/www.youtube.com\/watch?v=ZjAbSg9kFG0\">Deutsch (saksa)<\/a>, <a href=\"https:\/\/www.youtube.com\/watch?v=-KLPE1gQVC4\">Polski (Polski)<\/a>, <a href=\"https:\/\/www.youtube.com\/watch?v=MgHYTZBAlyE\">\u03b5\u03bb\u03bb\u03b7\u03bd\u03b9\u03ba\u03ac (kreikka)<\/a><\/p>\n<p>Voit katsoa virallisen raporttimme <a href=\"https:\/\/drive.google.com\/file\/d\/1yMfOOM1MKX2PptIr70ZjFIDLy8B5rYdU\/view?usp=sharing\">t\u00e4ss\u00e4<\/a>.<\/p>\n<p>7<sup>th<\/sup> joulukuussa 2022 EU for Trisomy 21 is\u00e4nn\u00f6i EU:n rahoittaman The Future is Ours -projektimme ensimm\u00e4ist\u00e4 tapahtumaa, jonka otsikko oli &quot;Time for more AUTONOMY&quot;.<\/p>\n<p><span style=\"font-weight: 400;\">Syyskuussa 2022 EU for Trisomy 21 -verkosto sai rahallista tukea EU:n CERV-apurahaohjelman kautta k\u00e4ynnist\u00e4en The Future is Ours -projektin. T\u00e4m\u00e4 projekti sis\u00e4lt\u00e4\u00e4 3 verkkotapahtumaa sek\u00e4 toisen henkil\u00f6kohtaisen tapahtuman toukokuussa 2023 Brysseliss\u00e4. Jokainen tapahtuma keskittyy yhteen EU:n Trisomy 21 -verkoston nelj\u00e4st\u00e4 tavoitteesta:<\/span><\/p>\n<p><span style=\"font-weight: 400;\">\u2013 Autonomia, mit\u00e4 tarkoittaa Downin syndroomaa sairastaville ihmisille olla itsen\u00e4isi\u00e4 ja tehd\u00e4 p\u00e4\u00e4t\u00f6ksi\u00e4\u00a0<\/span><\/p>\n<p><span style=\"font-weight: 400;\">\u2013 N\u00e4kyvyys, mit\u00e4 tarkoittaa Downin syndroomalle tulla n\u00e4hdyksi ja kuulluksi\u00a0<\/span><\/p>\n<p><span style=\"font-weight: 400;\">\u2013 Terveys, Hyvien l\u00e4\u00e4k\u00e4reiden ja terveystuen merkitys\u00a0<\/span><\/p>\n<p><span style=\"font-weight: 400;\">\u2013 Tasa-arvoinen kohtelu, mit\u00e4 tarkoittaa, ett\u00e4 Downin syndroomaa kunnioitetaan<\/span><\/p>\n<p>T\u00e4m\u00e4n projektin ensimm\u00e4inen tapahtuma &quot;Aika lis\u00e4\u00e4 AUTONOMIAA&quot; pidettiin verkossa osana verkostojen juhlintaa kansainv\u00e4list\u00e4 vammaisten oikeuksien p\u00e4iv\u00e4\u00e4 3.<sup>rd<\/sup> Joulukuu 2022.<\/p>\n<p>&quot;Time for more AUTONOMY&quot; sis\u00e4lsi 5 Self-advocat-puhujaa viidest\u00e4 eri maasta, jotka puhuivat itsen\u00e4isen el\u00e4m\u00e4n t\u00e4rkeydest\u00e4. Se k\u00e4\u00e4nnettiin 9 kielelle (englanti, unkari, romania, ranska, saksa, puola, kreikka ja espanja), ja siihen osallistui yli 400 osallistujaa 22 maasta (16 EU-maasta).<\/p>\n<p><span style=\"font-weight: 400;\"><span style=\"font-weight: 400;\">Tilaisuuden ensimm\u00e4inen puhuja oli<strong> Soufiane El Amrani<\/strong>, an<\/span><\/span> helppolukuinen ja vaikuttamisen asiantuntija Inclusion Europe -j\u00e4rjest\u00f6ss\u00e4 vuodesta 2008. Osana t\u00e4t\u00e4 ty\u00f6t\u00e4 h\u00e4n on j\u00e4rjest\u00e4nyt monia koulutuksia tiedon saatavuudesta ja kehitysvammaisten kuulemisesta heihin vaikuttavissa p\u00e4\u00e4t\u00f6ksiss\u00e4. H\u00e4n on my\u00f6s osa European Platform of Self-Advocates -ohjelmaa ja Empower Us -tiimi\u00e4. Marraskuusta 2020 l\u00e4htien Soufiane on ollut Euroopan puolustajien edustaja International Council of Inclusion Internationalissa.<\/p>\n<p>&quot;Time for more AUTONOMY&quot; -tapahtumassa h\u00e4n puhui vammaisten autonomiasta EU:ssa keskittyen tulevaan vaalilain muutokseen, joka mahdollistaa kehitysvammaisten, mukaan lukien Downin syndroomaa sairastavien henkil\u00f6iden \u00e4\u00e4nest\u00e4misen tulevassa EU-parlamentaarikkovaaleissa. Vuoden 2024 vaalit. H\u00e4n lis\u00e4si tietoisuutta siit\u00e4, ett\u00e4 vaikka vaalilain muuttaminen on hyv\u00e4 askel, mutta EU:n on parannettava heid\u00e4n viestint\u00e4\u00e4n ollakseen todella t\u00e4m\u00e4n uuden \u00e4\u00e4nest\u00e4j\u00e4joukon saatavilla.<\/p>\n<p>Paneeli \u201dMy autonomous Life\u201d sis\u00e4lsi nelj\u00e4 Self-Advocate-puhujaa eri puolilta Eurooppaa:<\/p>\n<ul>\n<li>\n<p class=\"_04xlpA direction-ltr align-start para-style-body\"><span class=\"JsGRdQ\"><strong>Fanny Neumayer<\/strong>, 27 vuotias ja asuu Wieniss\u00e4, <strong>It\u00e4valta<\/strong>. <\/span><span class=\"JsGRdQ\">Neumayer ty\u00f6skentelee Evangelische Gymnasiumin (yliopisto) p\u00e4\u00e4konttorissa 11. kaupunginosassa Wieniss\u00e4. <\/span><span class=\"JsGRdQ\">H\u00e4n kertoi kokemuksistaan \u00e4\u00e4nest\u00e4misest\u00e4 It\u00e4vallassa.<\/span><\/p>\n<\/li>\n<li>\n<p class=\"_04xlpA direction-ltr align-start para-style-body\"><span class=\"JsGRdQ\"><strong>Fiona Lambart<\/strong>, 24 vuotias ja asuu Darmstadtissa l\u00e4hell\u00e4 Frankfurtia, <strong>Saksa<\/strong>. <\/span><span class=\"JsGRdQ\">Lambart ty\u00f6skentelee taloudenhoitoasiantuntijana.<\/span><span class=\"JsGRdQ\">\u00a0H\u00e4n puhui ty\u00f6st\u00e4\u00e4n ja siit\u00e4, kuinka h\u00e4n pyrkii kohti itsen\u00e4ist\u00e4 el\u00e4m\u00e4\u00e4.<\/span><\/p>\n<\/li>\n<li>\n<p class=\"_04xlpA direction-ltr align-start para-style-body\"><span class=\"JsGRdQ\"><strong>Frantzeska \u2013 Christina Douka<\/strong>, 37-vuotias ja asuu Thessalonikissa, <strong>Kreikka<\/strong>. Rouva Douka on Kreikan Downin syndroomayhdistyksen edunsaaja, ja h\u00e4n asuu yksin, tuetun asunnon asunnossa. <\/span><span class=\"JsGRdQ\">H\u00e4n rakastaa tanssia ja on urheilija rytmisess\u00e4 voimistelussa. H\u00e4n on kilpaillut Special Olympic&#039;s Organizationissa useita kertoja, h\u00e4n on voittanut mitaleja ja matkustanut monissa maissa Euroopassa ja sen ulkopuolella.<\/span><\/p>\n<\/li>\n<li>\n<p class=\"_04xlpA direction-ltr align-start para-style-body\"><span class=\"JsGRdQ\"><strong>Jean Phillipe Barone<\/strong>, 44-vuotias Marseillessa asuva, <strong>Ranska<\/strong>. H\u00e4n asuu asunnossaan yhteis\u00f6ss\u00e4 ja ty\u00f6skentelee mukautetussa ravintolassa. H\u00e4n tuntee olonsa mukavaksi viestint\u00e4v\u00e4lineiden kanssa ja edustaa s\u00e4\u00e4nn\u00f6llisesti #Tcap21-yhdistyst\u00e4 kaikissa medioissa. H\u00e4n harjoittelee nyt liitty\u00e4kseen avattavaan #Train Inc. -kahvilaamme ja saavuttaakseen sitten t\u00e4ydellisen autonomian.<\/span><\/p>\n<\/li>\n<\/ul>\n<p>Paneelin j\u00e4lkeen osallistujat saivat esitt\u00e4\u00e4 kysymyksi\u00e4 puhujillemme. Kirjanen, jossa on lainauksia heid\u00e4n puheistaan sek\u00e4 Soufianen tehopiste <span style=\"font-weight: 400;\">El Amrani on asetettu kaikkien osallistujien saataville. T\u00e4m\u00e4n voi ladata englanniksi <a href=\"https:\/\/drive.google.com\/file\/d\/1SVsLWWYytRREpmbalTXhit8NbVKCsVkB\/view?usp=share_link\">t\u00e4ss\u00e4<\/a>.<\/span><\/p>\n<p>Koko t\u00e4m\u00e4n tapahtuman j\u00e4rjest\u00e4misen sek\u00e4 itse tapahtuman aikana ja sen j\u00e4lkeen k\u00e4yt\u00e4v\u00e4n keskustelun ajan EU for Trisomy 21 laatii luettelon suosituksista, jotka EU:n on otettava huomioon tehdess\u00e4\u00e4n vuoden 2024 EU-parlamenttivaalit aidosti saavutettavissa ihmisille, joilla on Downin tauti. Syndrooma kaikissa EU-maissa. T\u00e4m\u00e4 asiakirja luovutetaan komissiolle ja EU:n parlamentille maailman Downin syndroomap\u00e4iv\u00e4n\u00e4 21. maaliskuuta 2023.<\/p>\n<p><strong>Seuraava tapahtumamme: Time for More Visibility j\u00e4rjestet\u00e4\u00e4n 16. maaliskuuta klo 18.00.\u00a0<\/strong><\/p>","protected":false},"excerpt":{"rendered":"<p>YouTube Link: Magyar (Hungarian), Rom\u00e2n (Romanian), Fran\u00e7ais (French), Deutsch (German), Polski (Polski), \u03b5\u03bb\u03bb\u03b7\u03bd\u03b9\u03ba\u03ac (Greek) You can take a look at&hellip;<\/p>","protected":false},"author":3,"featured_media":0,"comment_status":"closed","ping_status":"closed","sticky":false,"template":"","format":"standard","meta":{"_acf_changed":false,"footnotes":""},"categories":[45],"tags":[],"class_list":["post-33345","post","type-post","status-publish","format-standard","hentry","category-21-march-21"],"acf":[],"_links":{"self":[{"href":"https:\/\/eufortrisomy21.eu\/fi\/wp-json\/wp\/v2\/posts\/33345"}],"collection":[{"href":"https:\/\/eufortrisomy21.eu\/fi\/wp-json\/wp\/v2\/posts"}],"about":[{"href":"https:\/\/eufortrisomy21.eu\/fi\/wp-json\/wp\/v2\/types\/post"}],"author":[{"embeddable":true,"href":"https:\/\/eufortrisomy21.eu\/fi\/wp-json\/wp\/v2\/users\/3"}],"replies":[{"embeddable":true,"href":"https:\/\/eufortrisomy21.eu\/fi\/wp-json\/wp\/v2\/comments?post=33345"}],"version-history":[{"count":3,"href":"https:\/\/eufortrisomy21.eu\/fi\/wp-json\/wp\/v2\/posts\/33345\/revisions"}],"predecessor-version":[{"id":33626,"href":"https:\/\/eufortrisomy21.eu\/fi\/wp-json\/wp\/v2\/posts\/33345\/revisions\/33626"}],"wp:attachment":[{"href":"https:\/\/eufortrisomy21.eu\/fi\/wp-json\/wp\/v2\/media?parent=33345"}],"wp:term":[{"taxonomy":"category","embeddable":true,"href":"https:\/\/eufortrisomy21.eu\/fi\/wp-json\/wp\/v2\/categories?post=33345"},{"taxonomy":"post_tag","embeddable":true,"href":"https:\/\/eufortrisomy21.eu\/fi\/wp-json\/wp\/v2\/tags?post=33345"}],"curies":[{"name":"wp","href":"https:\/\/api.w.org\/{rel}","templated":true}]}}