{"id":31446,"date":"2021-03-09T10:19:38","date_gmt":"2021-03-09T09:19:38","guid":{"rendered":"https:\/\/eufortrisomy21.eu\/?p=31446"},"modified":"2021-03-09T10:20:49","modified_gmt":"2021-03-09T09:20:49","slug":"press-release-one-dancing-challenge-to-join-in-the-celebration","status":"publish","type":"post","link":"https:\/\/eufortrisomy21.eu\/fr\/press-release-one-dancing-challenge-to-join-in-the-celebration\/","title":{"rendered":"Communiqu\u00e9 de presse: Un d\u00e9fi de danse pour participer \u00e0 la c\u00e9l\u00e9bration!"},"content":{"rendered":"<p style=\"text-align: right;\"><img loading=\"lazy\" decoding=\"async\" class=\"size-medium wp-image-14470 alignleft\" src=\"https:\/\/eufortrisomy21.eu\/wp-content\/uploads\/2020\/02\/Banniere7-300x120.jpg\" alt=\"\" width=\"300\" height=\"120\" srcset=\"https:\/\/eufortrisomy21.eu\/wp-content\/uploads\/2020\/02\/Banniere7-300x120.jpg 300w, https:\/\/eufortrisomy21.eu\/wp-content\/uploads\/2020\/02\/Banniere7-1024x410.jpg 1024w, https:\/\/eufortrisomy21.eu\/wp-content\/uploads\/2020\/02\/Banniere7-768x307.jpg 768w, https:\/\/eufortrisomy21.eu\/wp-content\/uploads\/2020\/02\/Banniere7-1536x614.jpg 1536w, https:\/\/eufortrisomy21.eu\/wp-content\/uploads\/2020\/02\/Banniere7.jpg 2000w\" sizes=\"(max-width: 300px) 100vw, 300px\" \/>communiqu\u00e9 de presse<\/p>\n<p style=\"text-align: right;\">Bruxelles<\/p>\n<p style=\"text-align: right;\">3 mars 2021<\/p>\n<p>&nbsp;<\/p>\n<h2 style=\"text-align: center;\"><span style=\"color: #99ccff;\"><strong>C\u00e9l\u00e9brons ensemble le 21 mars <\/strong><\/span><\/h2>\n<h2 style=\"text-align: center;\"><strong><span style=\"color: #ffcc00;\">1<\/span> Dansant <span style=\"color: #ffcc00;\">d\u00e9fi <\/span><\/strong>pour participer \u00e0 la c\u00e9l\u00e9bration!<\/h2>\n<p>Le suivant <em>Journ\u00e9e internationale de la trisomie 21<\/em> aura lieu le dimanche 21 mars 20<span style=\"color: #99ccff;\"><strong>21<\/strong><\/span>. Afin de c\u00e9l\u00e9brer cette date embl\u00e9matique pour les personnes trisomiques (aussi appel\u00e9e trisomie <span style=\"color: #99ccff;\"><strong>21<\/strong><\/span>), <em>EUforTrisomy21<\/em> propose trois projets. Focus sur le d\u00e9fi de la danse pour mettre en lumi\u00e8re les personnes trisomiques: une chor\u00e9graphie \u00e0 danser pour se r\u00e9jouir, \u00e0 c\u00e9l\u00e9brer avec les trisomiques.<\/p>\n<h4><span style=\"color: #ffcc00;\"><strong>1. La chor\u00e9graphie<\/strong><\/span><\/h4>\n<p>Il a \u00e9t\u00e9 imagin\u00e9 par un chor\u00e9graphe qui travaillait dans un centre d\u00e9di\u00e9 aux personnes trisomiques. La musique est un extrait du dernier single de l&#039;artiste fran\u00e7aise Kimberose: \u00ab\u00a0<em>De retour sur mes pieds \u00bb.<\/em><\/p>\n<h4><span style=\"color: #99ccff;\"><strong>2. Le d\u00e9fi \u00abDanse du 21 mars - Journ\u00e9e internationale de la trisomie 21\u00bb<\/strong><\/span><\/h4>\n<p>Il a \u00e9t\u00e9 lanc\u00e9 sur les r\u00e9seaux sociaux sur <strong><span style=\"color: #99ccff;\">le 3 mars 2021<\/span><\/strong>.<\/p>\n<p>Il s&#039;adresse aux citoyens des pays europ\u00e9ens; tout le monde est invit\u00e9 \u00e0 participer au challenge:<\/p>\n<ul>\n<li>Pour exprimer la joie et honorer nos proches atteints du syndrome de Down;<\/li>\n<li>Conna\u00eetre les personnes trisomiques dans notre communaut\u00e9;<\/li>\n<li>Exprimer une gratitude collective pour la position particuli\u00e8re des personnes trisomiques dans notre soci\u00e9t\u00e9, qu&#039;il faut souligner: un \u00e9l\u00e9ment essentiel de notre soci\u00e9t\u00e9.<\/li>\n<\/ul>\n<p>Concr\u00e8tement:<\/p>\n<ul>\n<li>Tout le monde apprend la chor\u00e9graphie, s&#039;enregistre, la publie sur les r\u00e9seaux sociaux et diffuse les posts de<em> EUforTrisomy21<\/em>.<\/li>\n<li>En utilisant les hashtags suivants: <span style=\"color: #99ccff;\"><strong>#EUfortrisomy21<\/strong><strong> #challenge #downsyndrome<\/strong><\/span><\/li>\n<\/ul>\n<h4><strong><span style=\"color: #ffcc00;\">3. Code vestimentaire (si possible)<\/span><\/strong><\/h4>\n<p>Haut: blanc \/ Bas: bleu \/ Chaussettes ou chaussures d\u00e9pareill\u00e9es<\/p>\n<h4><strong><span style=\"color: #99ccff;\">4. EUfortrisomy21<\/span><\/strong><\/h4>\n<p>EUfortrisomy21 est une communaut\u00e9 de parents de personnes trisomiques dans toute l&#039;Europe: <strong><span style=\"color: #99ccff;\">19 pays sont impliqu\u00e9s<\/span><\/strong> repr\u00e9sentant <strong><span style=\"color: #99ccff;\">55 associations<\/span><\/strong> qui sont <strong><span style=\"color: #99ccff;\">les partenaires<\/span><\/strong> du projet EUforTrisomy21 pour l&#039;\u00e9dition 2021 de la Journ\u00e9e internationale de la trisomie 21.<\/p>\n<p>&nbsp;<\/p>\n<p style=\"text-align: center;\">Contact: contact@eufortrisomy21.eu<\/p>\n<p style=\"text-align: right;\"><a href=\"https:\/\/eufortrisomy21.eu\/wp-content\/uploads\/2021\/03\/EN-EUfortrisomy21-dancing-video-03-03-21.pdf\" target=\"_blank\" rel=\"noopener\">Cliquez ici<\/a> pour t\u00e9l\u00e9charger le communiqu\u00e9 de presse<\/p>","protected":false},"excerpt":{"rendered":"<p>The next International Day of Trisomy 21 will take place on Sunday 21st March 2021. In order to celebrate this&hellip;<\/p>","protected":false},"author":3,"featured_media":0,"comment_status":"closed","ping_status":"closed","sticky":false,"template":"","format":"standard","meta":{"_acf_changed":false,"footnotes":""},"categories":[45],"tags":[],"class_list":["post-31446","post","type-post","status-publish","format-standard","hentry","category-21-march-21"],"acf":[],"_links":{"self":[{"href":"https:\/\/eufortrisomy21.eu\/fr\/wp-json\/wp\/v2\/posts\/31446"}],"collection":[{"href":"https:\/\/eufortrisomy21.eu\/fr\/wp-json\/wp\/v2\/posts"}],"about":[{"href":"https:\/\/eufortrisomy21.eu\/fr\/wp-json\/wp\/v2\/types\/post"}],"author":[{"embeddable":true,"href":"https:\/\/eufortrisomy21.eu\/fr\/wp-json\/wp\/v2\/users\/3"}],"replies":[{"embeddable":true,"href":"https:\/\/eufortrisomy21.eu\/fr\/wp-json\/wp\/v2\/comments?post=31446"}],"version-history":[{"count":0,"href":"https:\/\/eufortrisomy21.eu\/fr\/wp-json\/wp\/v2\/posts\/31446\/revisions"}],"wp:attachment":[{"href":"https:\/\/eufortrisomy21.eu\/fr\/wp-json\/wp\/v2\/media?parent=31446"}],"wp:term":[{"taxonomy":"category","embeddable":true,"href":"https:\/\/eufortrisomy21.eu\/fr\/wp-json\/wp\/v2\/categories?post=31446"},{"taxonomy":"post_tag","embeddable":true,"href":"https:\/\/eufortrisomy21.eu\/fr\/wp-json\/wp\/v2\/tags?post=31446"}],"curies":[{"name":"wp","href":"https:\/\/api.w.org\/{rel}","templated":true}]}}