{"id":32350,"date":"2021-06-24T17:12:45","date_gmt":"2021-06-24T15:12:45","guid":{"rendered":"https:\/\/eufortrisomy21.eu\/?p=32350"},"modified":"2022-07-22T10:28:28","modified_gmt":"2022-07-22T08:28:28","slug":"online-conference-improving-the-visibility-of-people-with-down-syndrome-an-emergency-for-europe","status":"publish","type":"post","link":"https:\/\/eufortrisomy21.eu\/fr\/online-conference-improving-the-visibility-of-people-with-down-syndrome-an-emergency-for-europe\/","title":{"rendered":"Conf\u00e9rence en ligne \u2013 8 juillet 2021 \u2013 Am\u00e9liorer la visibilit\u00e9 des personnes trisomiques"},"content":{"rendered":"<p style=\"text-align: right;\"><img loading=\"lazy\" decoding=\"async\" class=\"size-medium wp-image-14470 alignleft\" src=\"https:\/\/eufortrisomy21.eu\/wp-content\/uploads\/2020\/02\/Banniere7-300x120.jpg\" alt=\"\" width=\"300\" height=\"120\" srcset=\"https:\/\/eufortrisomy21.eu\/wp-content\/uploads\/2020\/02\/Banniere7-300x120.jpg 300w, https:\/\/eufortrisomy21.eu\/wp-content\/uploads\/2020\/02\/Banniere7-1024x410.jpg 1024w, https:\/\/eufortrisomy21.eu\/wp-content\/uploads\/2020\/02\/Banniere7-768x307.jpg 768w, https:\/\/eufortrisomy21.eu\/wp-content\/uploads\/2020\/02\/Banniere7-1536x614.jpg 1536w, https:\/\/eufortrisomy21.eu\/wp-content\/uploads\/2020\/02\/Banniere7.jpg 2000w\" sizes=\"(max-width: 300px) 100vw, 300px\" \/><\/p>\n<p>&nbsp;<\/p>\n<p>&nbsp;<\/p>\n<p>&nbsp;<\/p>\n<p>&nbsp;<\/p>\n<h2 style=\"text-align: center;\">Am\u00e9liorer la visibilit\u00e9 des personnes trisomiques : une urgence pour l&#039;Europe. Pourquoi? Comment?<\/h2>\n<p>Am\u00e9liorer la visibilit\u00e9 des personnes trisomiques en Europe devrait \u00eatre un d\u00e9bat majeur dans le <a href=\"https:\/\/futureu.europa.eu\/\" target=\"_blank\" rel=\"noopener\">consultation citoyenne pour l&#039;avenir de l&#039;Europe<\/a>.<\/p>\n<p><strong><a href=\"https:\/\/docs.google.com\/forms\/d\/e\/1FAIpQLSfcweCVPOG7YO_JwvF9NAbhpVdDDrUbxl59EM7JJ17kPaB95Q\/viewform\" target=\"_blank\" rel=\"noopener\">Inscrivez-vous ici<\/a> <\/strong>participer \u00e0 la conf\u00e9rence en ligne EUfortrisomy21 sur le <strong>8 juillet \u00e0 18h (heure de Bruxelles)<\/strong> et contribuer aux d\u00e9bats en ligne de la consultation citoyenne sur le \u00ab Futur de l&#039;Europe \u00bb pour am\u00e9liorer la visibilit\u00e9 des personnes trisomiques.<\/p>\n<p><strong>Langues :<\/strong> Anglais, espagnol, fran\u00e7ais, allemand, allemand facile, tch\u00e8que et italien<\/p>\n<p>&nbsp;<\/p>\n<h2><u>Programme:<\/u><\/h2>\n<p><strong>Introduction : <\/strong>M. Brando Benifei (Membre du Parlement europ\u00e9en \u2013 Italie)<\/p>\n<p><strong>Partie 1 : Cas controvers\u00e9s de discrimination en Europe\u00a0<\/strong><\/p>\n<ul>\n<li>Ch\u00e8re future maman \u2013 Riccardo Bianchi \u2013 Coordown (IT)<\/li>\n<li>Dear Future Mom (censure et affaire devant la CEDH) \u2013 Lucie Pacherie \u2013 Fondation J\u00e9r\u00f4me Lejeune (FR)<\/li>\n<li>Affaire Arcadi Spada (SP) et affaire Richard Dawkins \u2013 Raquel del Barrio (parent r\u00e9f\u00e9rent de l&#039;UE pour la trisomie 21 en Espagne)<\/li>\n<\/ul>\n<p><strong>Partie 2 : Pourquoi ce discours de discrimination existe-t-il encore en Europe ?<\/strong><\/p>\n<ul>\n<li>Philosophe : Danielle Moyse (FR)<\/li>\n<li>Tina Sander (fondatrice de l&#039;association) : campagne #NoNIPT en Allemagne (GE)<\/li>\n<li>Auto-repr\u00e9sentante : Natalie Dedreux \u2013 blogueuse et journaliste (GE)<\/li>\n<\/ul>\n<p><strong>Partie 3 : Comment agir pour promouvoir la dignit\u00e9 et favoriser la visibilit\u00e9 des personnes atteintes de trisomie 21 ?<\/strong><\/p>\n<ul>\n<li>Auto-repr\u00e9sentante : Caterina Moretti (SP)<\/li>\n<li>Vid\u00e9o de Mme Dubravka Suica, membre de la Commission europ\u00e9enne pr\u00e9sidente de la conf\u00e9rence pour l&#039;avenir de l&#039;Europe<\/li>\n<\/ul>\n<p><strong>Questions et r\u00e9ponses<\/strong><\/p>\n<p><strong>Conclusion : <\/strong>Mme Radka Maxova (Membre du Parlement europ\u00e9en \u2013 R\u00e9publique tch\u00e8que)<\/p>\n<p id=\"tw-target-text\" class=\"tw-data-text tw-text-large XcVN5d tw-ta\" data-placeholder=\"Traduction\">Les vid\u00e9os en replay de notre conf\u00e9rence en ligne sont disponibles <a href=\"https:\/\/www.youtube.com\/channel\/UCFbORaGOrc9HBNBSK7DG-nQ?app=desktop&amp;pli=1\" target=\"_blank\" rel=\"noopener\">sur notre cha\u00eene YouTube<\/a>.<\/p>\n<p style=\"text-align: center;\"><span class=\"fontstyle0\">EUfortrisomy21 <\/span><span class=\"fontstyle2\">est une communaut\u00e9 de parents d&#039;enfants trisomiques,<br \/>\nunis pour faire progresser les droits des personnes atteintes du syndrome de Down dans 4 domaines prioritaires:<br \/>\nvisibilit\u00e9, non-discrimination, sant\u00e9, autonomie<\/span><\/p>\n<p style=\"text-align: center;\"><strong>Contact<\/strong> : contact@eufortrisomy21.eu<\/p>\n<p style=\"text-align: right;\">","protected":false},"excerpt":{"rendered":"<p>Improving the visibility of people with Down syndrome in Europe should be a major debate in the citizen\u2019s consultation for&hellip;<\/p>","protected":false},"author":3,"featured_media":0,"comment_status":"closed","ping_status":"closed","sticky":false,"template":"","format":"standard","meta":{"_acf_changed":false,"footnotes":""},"categories":[45],"tags":[],"class_list":["post-32350","post","type-post","status-publish","format-standard","hentry","category-21-march-21"],"acf":[],"_links":{"self":[{"href":"https:\/\/eufortrisomy21.eu\/fr\/wp-json\/wp\/v2\/posts\/32350"}],"collection":[{"href":"https:\/\/eufortrisomy21.eu\/fr\/wp-json\/wp\/v2\/posts"}],"about":[{"href":"https:\/\/eufortrisomy21.eu\/fr\/wp-json\/wp\/v2\/types\/post"}],"author":[{"embeddable":true,"href":"https:\/\/eufortrisomy21.eu\/fr\/wp-json\/wp\/v2\/users\/3"}],"replies":[{"embeddable":true,"href":"https:\/\/eufortrisomy21.eu\/fr\/wp-json\/wp\/v2\/comments?post=32350"}],"version-history":[{"count":0,"href":"https:\/\/eufortrisomy21.eu\/fr\/wp-json\/wp\/v2\/posts\/32350\/revisions"}],"wp:attachment":[{"href":"https:\/\/eufortrisomy21.eu\/fr\/wp-json\/wp\/v2\/media?parent=32350"}],"wp:term":[{"taxonomy":"category","embeddable":true,"href":"https:\/\/eufortrisomy21.eu\/fr\/wp-json\/wp\/v2\/categories?post=32350"},{"taxonomy":"post_tag","embeddable":true,"href":"https:\/\/eufortrisomy21.eu\/fr\/wp-json\/wp\/v2\/tags?post=32350"}],"curies":[{"name":"wp","href":"https:\/\/api.w.org\/{rel}","templated":true}]}}