{"id":33030,"date":"2022-02-26T10:06:54","date_gmt":"2022-02-26T09:06:54","guid":{"rendered":"https:\/\/eufortrisomy21.eu\/?p=33030"},"modified":"2022-09-28T15:16:19","modified_gmt":"2022-09-28T13:16:19","slug":"eu-for-trisomy-21-statement-on-ukraine-conflict","status":"publish","type":"post","link":"https:\/\/eufortrisomy21.eu\/fr\/eu-for-trisomy-21-statement-on-ukraine-conflict\/","title":{"rendered":"D\u00e9claration de l&#039;UE pour Trisomie 21 sur le conflit en Ukraine"},"content":{"rendered":"<p><strong><img loading=\"lazy\" decoding=\"async\" class=\"wp-image-33031 alignleft\" src=\"https:\/\/eufortrisomy21.eu\/wp-content\/uploads\/2022\/03\/Untitled-design-5-300x169.png\" alt=\"\" width=\"303\" height=\"171\" srcset=\"https:\/\/eufortrisomy21.eu\/wp-content\/uploads\/2022\/03\/Untitled-design-5-300x169.png 300w, https:\/\/eufortrisomy21.eu\/wp-content\/uploads\/2022\/03\/Untitled-design-5-1024x577.png 1024w, https:\/\/eufortrisomy21.eu\/wp-content\/uploads\/2022\/03\/Untitled-design-5-768x433.png 768w, https:\/\/eufortrisomy21.eu\/wp-content\/uploads\/2022\/03\/Untitled-design-5-1536x865.png 1536w, https:\/\/eufortrisomy21.eu\/wp-content\/uploads\/2022\/03\/Untitled-design-5-18x10.png 18w, https:\/\/eufortrisomy21.eu\/wp-content\/uploads\/2022\/03\/Untitled-design-5.png 1640w\" sizes=\"(max-width: 303px) 100vw, 303px\" \/>Bruxelles, <\/strong>26 f\u00e9vrier 2022 \u2013 <span style=\"font-weight: 400;\">L&#039;UE pour la trisomie 21 est solidaire du peuple ukrainien, avec le chagrin, la tristesse et la d\u00e9vastation de chaque victime de ce conflit. Dans toute crise humanitaire et tout conflit arm\u00e9, les personnes atteintes de trisomie 21 ou d&#039;autres handicaps sont confront\u00e9es \u00e0 de plus grands risques de violence, d&#039;\u00eatre laiss\u00e9es pour compte, de mourir. Selon le rapport \u00ab No Way Home \u00bb de 2015 de Disability Rights International, plus de 2,7 millions de personnes handicap\u00e9es sont enregistr\u00e9es en Ukraine et plus de 82 000 enfants vivent dans des institutions, \u00e0 l&#039;\u00e9cart de la soci\u00e9t\u00e9. Beaucoup d&#039;entre eux sont des enfants atteints de trisomie 21.<\/span><\/p>\n<p><span style=\"font-weight: 400;\">La d\u00e9vastation de nombreuses grandes villes et le chaos r\u00e9sultant de ce conflit insens\u00e9 auront un effet imm\u00e9diat sur la gestion et les soins prodigu\u00e9s dans ces \u00e9tablissements, des rumeurs circulant selon lesquelles certains d&#039;entre eux seraient d\u00e9j\u00e0 abandonn\u00e9s.\u00a0<\/span><\/p>\n<p><span style=\"font-weight: 400;\">Nous exhortons la communaut\u00e9 europ\u00e9enne et tous les pays attach\u00e9s \u00e0 la paix, \u00e0 la solidarit\u00e9 et au respect du droit international \u00e0 faire preuve de solidarit\u00e9 avec le peuple ukrainien et \u00e0 utiliser tous les moyens \u00e0 leur disposition pour mettre fin rapidement \u00e0 cette agression et r\u00e9tablir la paix.<\/span><\/p>\n<p><span style=\"font-weight: 400;\">Nous nous joignons \u00e0 l&#039;effort men\u00e9 par des organisations partageant les m\u00eames id\u00e9es telles que l&#039;EDSA, le Forum europ\u00e9en des personnes handicap\u00e9es et Down Syndrome international dans leur lettre ouverte au chef des institutions europ\u00e9ennes, aux chefs d&#039;\u00c9tat europ\u00e9ens, russes et ukrainiens et \u00e0 l&#039;OTAN du 24 f\u00e9vrier 2022 qui peut \u00eatre <\/span><a href=\"https:\/\/www.edf-feph.org\/protection-and-safety-of-persons-with-disabilities-in-ukraine\/#:~:text=There%20are%202.7%20million%20persons,persons%20with%20disabilities%20is%20appalling.\"><span style=\"font-weight: 400;\">lire en entier ici.<\/span><\/a><\/p>\n<p><span style=\"font-weight: 400;\">Nous tenons particuli\u00e8rement \u00e0 souligner les demandes envers les dirigeants politiques et tous les acteurs humanitaires confront\u00e9s \u00e0 cette crise pour s&#039;assurer que les personnes atteintes de trisomie 21 et handicap\u00e9es :<\/span><\/p>\n<ul>\n<li style=\"font-weight: 400;\" aria-level=\"1\"><span style=\"font-weight: 400;\">avoir pleinement acc\u00e8s \u00e0 toute l&#039;aide humanitaire ;<\/span><\/li>\n<li style=\"font-weight: 400;\" aria-level=\"1\"><span style=\"font-weight: 400;\">sont prot\u00e9g\u00e9s contre la violence, les abus et les mauvais traitements\u00a0;<\/span><\/li>\n<li style=\"font-weight: 400;\" aria-level=\"1\"><span style=\"font-weight: 400;\">re\u00e7oivent des informations accessibles sur les protocoles de s\u00e9curit\u00e9 et d&#039;assistance, les proc\u00e9dures d&#039;\u00e9vacuation et le soutien\u00a0;<\/span><\/li>\n<li style=\"font-weight: 400;\" aria-level=\"1\"><span style=\"font-weight: 400;\">avoir pleinement acc\u00e8s aux services de base, y compris l&#039;eau et l&#039;assainissement, la nourriture, l&#039;aide sociale, l&#039;\u00e9ducation, les soins de sant\u00e9, les transports et l&#039;information\u00a0;<\/span><\/li>\n<li style=\"font-weight: 400;\" aria-level=\"1\"><span style=\"font-weight: 400;\">sont comptabilis\u00e9s et non abandonn\u00e9s\u00a0;<\/span><\/li>\n<li style=\"font-weight: 400;\" aria-level=\"1\"><span style=\"font-weight: 400;\">ne sont pas laiss\u00e9s pour compte dans des institutions, ne sont pas forc\u00e9s de rester dans des institutions ou ne sont pas transf\u00e9r\u00e9s dans des institutions en raison de leur handicap et<\/span><\/li>\n<li style=\"font-weight: 400;\" aria-level=\"1\"><span style=\"font-weight: 400;\">sont impliqu\u00e9s de mani\u00e8re significative dans l&#039;action humanitaire inclusive, par le biais de leurs organisations repr\u00e9sentatives.<\/span><\/li>\n<\/ul>\n<p><span style=\"font-weight: 400;\">Outre les personnes atteintes de trisomie 21, une attention particuli\u00e8re doit \u00eatre accord\u00e9e aux personnes les plus \u00e0 risque - y compris (mais sans s&#039;y limiter) les personnes handicap\u00e9es mentales, les femmes, les personnes \u00e2g\u00e9es, les enfants, les personnes aveugles et sourdes-aveugles, les personnes souffrant de handicaps psychosociaux, les personnes ayant des besoins d&#039;assistance \u00e9lev\u00e9s et des personnes d\u00e9plac\u00e9es \u00e0 l&#039;int\u00e9rieur du pays avant les r\u00e9cents incidents.<\/span><\/p>","protected":false},"excerpt":{"rendered":"<p>Brussels, 26.February 2022 &#8211; EU for Trisomy 21 stands in solidarity with the people of Ukraine, with the grief, sadness,&hellip;<\/p>","protected":false},"author":3,"featured_media":0,"comment_status":"closed","ping_status":"closed","sticky":false,"template":"","format":"standard","meta":{"_acf_changed":false,"footnotes":""},"categories":[45],"tags":[],"class_list":["post-33030","post","type-post","status-publish","format-standard","hentry","category-21-march-21"],"acf":[],"_links":{"self":[{"href":"https:\/\/eufortrisomy21.eu\/fr\/wp-json\/wp\/v2\/posts\/33030"}],"collection":[{"href":"https:\/\/eufortrisomy21.eu\/fr\/wp-json\/wp\/v2\/posts"}],"about":[{"href":"https:\/\/eufortrisomy21.eu\/fr\/wp-json\/wp\/v2\/types\/post"}],"author":[{"embeddable":true,"href":"https:\/\/eufortrisomy21.eu\/fr\/wp-json\/wp\/v2\/users\/3"}],"replies":[{"embeddable":true,"href":"https:\/\/eufortrisomy21.eu\/fr\/wp-json\/wp\/v2\/comments?post=33030"}],"version-history":[{"count":0,"href":"https:\/\/eufortrisomy21.eu\/fr\/wp-json\/wp\/v2\/posts\/33030\/revisions"}],"wp:attachment":[{"href":"https:\/\/eufortrisomy21.eu\/fr\/wp-json\/wp\/v2\/media?parent=33030"}],"wp:term":[{"taxonomy":"category","embeddable":true,"href":"https:\/\/eufortrisomy21.eu\/fr\/wp-json\/wp\/v2\/categories?post=33030"},{"taxonomy":"post_tag","embeddable":true,"href":"https:\/\/eufortrisomy21.eu\/fr\/wp-json\/wp\/v2\/tags?post=33030"}],"curies":[{"name":"wp","href":"https:\/\/api.w.org\/{rel}","templated":true}]}}