{"id":33047,"date":"2021-12-03T09:29:25","date_gmt":"2021-12-03T08:29:25","guid":{"rendered":"https:\/\/eufortrisomy21.eu\/?p=33047"},"modified":"2022-09-28T15:16:32","modified_gmt":"2022-09-28T13:16:32","slug":"33047-2","status":"publish","type":"post","link":"https:\/\/eufortrisomy21.eu\/fr\/33047-2\/","title":{"rendered":"Journ\u00e9e internationale des droits des personnes handicap\u00e9es"},"content":{"rendered":"<p>Le 3<sup>rd<\/sup> de d\u00e9cembre 2021, Journ\u00e9e internationale des droits des personnes handicap\u00e9es, l&#039;UE pour la trisomie 21 a c\u00e9l\u00e9br\u00e9 les droits des personnes atteintes du syndrome de Down. Au cours de cette date importante, les membres du Parlement europ\u00e9en ont pos\u00e9 des questions politiques aux personnes atteintes du syndrome de Down de toute l&#039;Europe.<\/p>\n<p>Avec cette campagne, nous donnons aux personnes atteintes de trisomie 21 les moyens de faire entendre leur voix et de parler de leurs opinions politiques sur diff\u00e9rents sujets. Les personnes atteintes de trisomie 21 sont des citoyens jouissant de pleins droits d\u00e9mocratiques et, \u00e0 ce titre, leur point de vue est non seulement important, mais aussi vital pour un discours de la soci\u00e9t\u00e9 civile que le Parlement europ\u00e9en devrait \u00e9couter. Les institutions d\u00e9mocratiques ne sont pas encore pr\u00eates \u00e0 \u00e9couter les personnes atteintes de trisomie 21, mais elles devraient commencer \u00e0 travailler pour s&#039;adapter, afin que chaque citoyen europ\u00e9en puisse participer \u00e0 la d\u00e9mocratie europ\u00e9enne.<\/p>\n<p>Diff\u00e9rents sujets ont \u00e9t\u00e9 trait\u00e9s par les personnes trisomiques :<\/p>\n<ul>\n<li>La discrimination:\n<ul>\n<li>Anna d\u00e9fend les droits des personnes trisomiques, car tout \u00eatre humain trisomique devrait avoir les m\u00eames droits\u00a0: <a href=\"https:\/\/www.instagram.com\/reel\/CXB0uC-gTNg\/\">https:\/\/www.instagram.com\/reel\/CXB0uC-gTNg\/<\/a><\/li>\n<li>Catherina nous parle des diff\u00e9rents mythes et des discriminations qui se produisent au quotidien\u00a0: <a href=\"https:\/\/www.instagram.com\/reel\/CXBs4m6gBUz\/\">https:\/\/www.instagram.com\/reel\/CXBs4m6gBUz\/<\/a><\/li>\n<li>Nathalie pense que le d\u00e9pistage pr\u00e9natal est une discrimination pour les personnes trisomiques : <a href=\"https:\/\/www.instagram.com\/reel\/CXBNKhYAvoQ\/\">https:\/\/www.instagram.com\/reel\/CXBNKhYAvoQ\/<\/a><\/li>\n<\/ul>\n<\/li>\n<\/ul>\n<ul>\n<li>Emploi:\n<ul>\n<li>Basia aime son travail de peintre de sacs faits \u00e0 la main et aimerait que plus de gens aient une telle possibilit\u00e9\u00a0: <a href=\"https:\/\/www.instagram.com\/reel\/CXDln1dg38x\/\">https:\/\/www.instagram.com\/reel\/CXDln1dg38x\/<\/a><\/li>\n<li>Mihai travaille dans un caf\u00e9 et aimerait que plus de personnes trisomiques soient int\u00e9gr\u00e9es sur le march\u00e9 du travail : <a href=\"https:\/\/www.instagram.com\/reel\/CXBcTWBARwG\/\">https:\/\/www.instagram.com\/reel\/CXBcTWBARwG\/<\/a><\/li>\n<\/ul>\n<\/li>\n<\/ul>\n<ul>\n<li>Visibilit\u00e9:\n<ul>\n<li>Caterina Moretti parle de la d\u00e9sinformation et des pr\u00e9jug\u00e9s qui existent sur les personnes trisomiques : <a href=\"https:\/\/www.instagram.com\/reel\/CXDwWUpg9UX\/\">https:\/\/www.instagram.com\/reel\/CXDwWUpg9UX\/<\/a><\/li>\n<\/ul>\n<\/li>\n<\/ul>\n<ul>\n<li>Autonomie\n<ul>\n<li>Mihai explique comment se d\u00e9roule sa vie quotidienne et comment il aime son travail, sa petite amie et ses loisirs : <a href=\"https:\/\/www.instagram.com\/reel\/CXDpIqNgtL3\/\">https:\/\/www.instagram.com\/reel\/CXDpIqNgtL3\/<\/a><\/li>\n<li>Basia nous raconte sa vie quotidienne normale : <a href=\"https:\/\/www.instagram.com\/reel\/CXBUWsCASW-\/\">https:\/\/www.instagram.com\/reel\/CXBUWsCASW-\/<\/a><\/li>\n<\/ul>\n<\/li>\n<\/ul>\n<p>Merci \u00e0 Radka Maxova, Brando Benifei, Dragos Pislaru, Katrin Langensiepen et Rosa Estaras Ferragut, membres du Parlement europ\u00e9en qui ont soutenu notre campagne en faveur de la visibilit\u00e9 des personnes trisomiques en cette importante journ\u00e9e internationale des droits des personnes handicap\u00e9es .<\/p>","protected":false},"excerpt":{"rendered":"<p>On the 3rd of December 2021, International Day Of The Rights Of People With Disabilities, EU for Trisomy 21 celebrated&hellip;<\/p>","protected":false},"author":3,"featured_media":0,"comment_status":"closed","ping_status":"closed","sticky":false,"template":"","format":"standard","meta":{"_acf_changed":false,"footnotes":""},"categories":[45],"tags":[],"class_list":["post-33047","post","type-post","status-publish","format-standard","hentry","category-21-march-21"],"acf":[],"_links":{"self":[{"href":"https:\/\/eufortrisomy21.eu\/fr\/wp-json\/wp\/v2\/posts\/33047"}],"collection":[{"href":"https:\/\/eufortrisomy21.eu\/fr\/wp-json\/wp\/v2\/posts"}],"about":[{"href":"https:\/\/eufortrisomy21.eu\/fr\/wp-json\/wp\/v2\/types\/post"}],"author":[{"embeddable":true,"href":"https:\/\/eufortrisomy21.eu\/fr\/wp-json\/wp\/v2\/users\/3"}],"replies":[{"embeddable":true,"href":"https:\/\/eufortrisomy21.eu\/fr\/wp-json\/wp\/v2\/comments?post=33047"}],"version-history":[{"count":0,"href":"https:\/\/eufortrisomy21.eu\/fr\/wp-json\/wp\/v2\/posts\/33047\/revisions"}],"wp:attachment":[{"href":"https:\/\/eufortrisomy21.eu\/fr\/wp-json\/wp\/v2\/media?parent=33047"}],"wp:term":[{"taxonomy":"category","embeddable":true,"href":"https:\/\/eufortrisomy21.eu\/fr\/wp-json\/wp\/v2\/categories?post=33047"},{"taxonomy":"post_tag","embeddable":true,"href":"https:\/\/eufortrisomy21.eu\/fr\/wp-json\/wp\/v2\/tags?post=33047"}],"curies":[{"name":"wp","href":"https:\/\/api.w.org\/{rel}","templated":true}]}}