{"id":33345,"date":"2022-12-07T18:00:43","date_gmt":"2022-12-07T17:00:43","guid":{"rendered":"https:\/\/eufortrisomy21.eu\/?p=33345"},"modified":"2024-02-20T17:22:44","modified_gmt":"2024-02-20T16:22:44","slug":"the-future-is-ours-time-for-more-autonomy","status":"publish","type":"post","link":"https:\/\/eufortrisomy21.eu\/fr\/the-future-is-ours-time-for-more-autonomy\/","title":{"rendered":"L&#039;avenir est \u00e0 nous - Il est temps pour plus d&#039;autonomie"},"content":{"rendered":"<p>Lien YouTube\u00a0: <a href=\"https:\/\/www.youtube.com\/watch?v=j2QFE6f5QPY\">Magyar (hongrois)<\/a>, <a href=\"https:\/\/www.youtube.com\/watch?v=y754i2Gk5jk\">Rom\u00e2n (roumain)<\/a>, <a href=\"https:\/\/www.youtube.com\/watch?v=imPvo3tS7l8\">Fran\u00e7ais (Fran\u00e7ais)<\/a>, <a href=\"https:\/\/www.youtube.com\/watch?v=ZjAbSg9kFG0\">Deutsch (Allemand)<\/a>, <a href=\"https:\/\/www.youtube.com\/watch?v=-KLPE1gQVC4\">Polski (Polski)<\/a>, <a href=\"https:\/\/www.youtube.com\/watch?v=MgHYTZBAlyE\">\u03b5\u03bb\u03bb\u03b7\u03bd\u03b9\u03ba\u03ac (grec)<\/a><\/p>\n<p>Vous pouvez consulter notre rapport officiel <a href=\"https:\/\/drive.google.com\/file\/d\/1yMfOOM1MKX2PptIr70ZjFIDLy8B5rYdU\/view?usp=sharing\">ici<\/a>.<\/p>\n<p>Le 7<sup>e<\/sup> de d\u00e9cembre 2022 EU for Trisomy 21 a accueilli le premier \u00e9v\u00e9nement de notre projet sponsoris\u00e9 par l&#039;UE The Future is Ours avec le titre &quot;Time for more AUTONOMY&quot;.<\/p>\n<p><span style=\"font-weight: 400;\">En septembre 2022, le r\u00e9seau EU for Trisomy 21 a re\u00e7u un soutien financier par le biais du programme de subventions CERV de l&#039;UE, lan\u00e7ant le projet intitul\u00e9 The Future is Ours. Ce projet comprend 3 \u00e9v\u00e9nements en ligne ainsi qu&#039;un autre \u00e9v\u00e9nement en personne en mai 2023 \u00e0 Bruxelles. Chaque \u00e9v\u00e9nement se concentrera sur l&#039;un des quatre objectifs du r\u00e9seau EU for Trisomy 21\u00a0:<\/span><\/p>\n<p><span style=\"font-weight: 400;\">\u2013 Autonomie, Qu&#039;est-ce que cela signifie pour les personnes trisomiques d&#039;\u00eatre ind\u00e9pendantes et de prendre des d\u00e9cisions\u00a0<\/span><\/p>\n<p><span style=\"font-weight: 400;\">\u2013 Visibilit\u00e9, Qu&#039;est-ce que cela signifie pour les personnes trisomiques d&#039;\u00eatre vues et entendues\u00a0<\/span><\/p>\n<p><span style=\"font-weight: 400;\">\u2013 Sant\u00e9, L&#039;importance de bons m\u00e9decins et d&#039;un soutien sanitaire\u00a0<\/span><\/p>\n<p><span style=\"font-weight: 400;\">\u2013 \u00c9galit\u00e9 de traitement, qu&#039;est-ce que cela signifie pour les personnes trisomiques d&#039;\u00eatre respect\u00e9es<\/span><\/p>\n<p>Le premier \u00e9v\u00e9nement de ce projet &quot;Time for more AUTONOMY&quot; s&#039;est tenu en ligne dans le cadre de la c\u00e9l\u00e9bration des r\u00e9seaux de la Journ\u00e9e internationale des droits des personnes handicap\u00e9es le 3<sup>rd<\/sup> D\u00e9cembre 2022.<\/p>\n<p>&quot;Time for more AUTONOMY&quot; a pr\u00e9sent\u00e9 5 conf\u00e9renciers auto-repr\u00e9sentants de 5 pays diff\u00e9rents, parlant de l&#039;importance de vivre une vie autonome. Il a \u00e9t\u00e9 traduit en 9 langues (anglais, hongrois, roumain, fran\u00e7ais, allemand, polonais, grec et espagnol) et a r\u00e9uni plus de 400 participants de 22 pays (16 pays de l&#039;UE).<\/p>\n<p><span style=\"font-weight: 400;\"><span style=\"font-weight: 400;\">Le premier orateur de l&#039;\u00e9v\u00e9nement \u00e9tait<strong> Soufiane El Amrani<\/strong>, un<\/span><\/span> facile \u00e0 lire et expert en plaidoyer travaillant pour l&#039;organisation Inclusion Europe depuis 2008. Dans le cadre de ce travail, il a donn\u00e9 de nombreuses formations sur la mani\u00e8re de rendre l&#039;information accessible et comment consulter les personnes handicap\u00e9es mentales dans les d\u00e9cisions les concernant. Il fait \u00e9galement partie de la Plateforme europ\u00e9enne des auto-repr\u00e9sentants et de l&#039;\u00e9quipe Empower Us. Depuis novembre 2020, Soufiane est la repr\u00e9sentante des auto-repr\u00e9sentants pour l&#039;Europe au Conseil d&#039;Inclusion International.<\/p>\n<p>Au cours de l&#039;\u00e9v\u00e9nement &quot;Time for more AUTONOMY&quot;, il a parl\u00e9 de l&#039;autonomie des personnes handicap\u00e9es au sein de l&#039;UE, en se concentrant sur le changement \u00e0 venir de la loi \u00e9lectorale permettant aux personnes handicap\u00e9es mentales, y compris les personnes atteintes du syndrome de Down, de voter lors de la prochaine \u00e9lection parlementaire de l&#039;UE. \u00e9lection de 2024. Il a sensibilis\u00e9 au fait que si changer la loi \u00e9lectorale est une bonne \u00e9tape, mais que l&#039;UE doit am\u00e9liorer sa communication pour \u00eatre vraiment accessible \u00e0 ce nouveau bassin d&#039;\u00e9lecteurs.<\/p>\n<p>Le panel \u00ab\u00a0Ma vie autonome\u00a0\u00bb comprenait quatre intervenants auto-repr\u00e9sentants de toute l&#039;Europe\u00a0:<\/p>\n<ul>\n<li>\n<p class=\"_04xlpA direction-ltr align-start para-style-body\"><span class=\"JsGRdQ\"><strong>Fanny Neumayer<\/strong>, 27 ans et r\u00e9sidant \u00e0 Vienne, <strong>L&#039;Autriche<\/strong>. <\/span><span class=\"JsGRdQ\">Mme Neumayer travaille au si\u00e8ge de l&#039;Evangelische Gymnasium (une \u00e9cole secondaire) dans le 11e arrondissement de Vienne. <\/span><span class=\"JsGRdQ\">Elle a parl\u00e9 de ses exp\u00e9riences de vote en Autriche.<\/span><\/p>\n<\/li>\n<li>\n<p class=\"_04xlpA direction-ltr align-start para-style-body\"><span class=\"JsGRdQ\"><strong>Fiona Lambart<\/strong>, 24 ans et vivant \u00e0 Darmstadt pr\u00e8s de Francfort, <strong>Allemagne<\/strong>. <\/span><span class=\"JsGRdQ\">Mme Lambart travaille comme sp\u00e9cialiste de l&#039;entretien m\u00e9nager.<\/span><span class=\"JsGRdQ\">\u00a0Elle a parl\u00e9 de son travail et comment elle travaille vers une vie autonome.<\/span><\/p>\n<\/li>\n<li>\n<p class=\"_04xlpA direction-ltr align-start para-style-body\"><span class=\"JsGRdQ\"><strong>Frantzeska\u2013Christina Douka<\/strong>, 37 ans et r\u00e9sidant \u00e0 Thessalonique, <strong>Gr\u00e8ce<\/strong>. Mme Douka est une b\u00e9n\u00e9ficiaire de l&#039;Association grecque du syndrome de Down, vivant seule dans un appartement avec services de soutien. <\/span><span class=\"JsGRdQ\">Elle adore danser et elle est une athl\u00e8te en gymnastique rythmique. Elle a concouru \u00e0 plusieurs reprises au sein de l&#039;organisation Special Olympics, elle a remport\u00e9 des m\u00e9dailles et voyag\u00e9 dans de nombreux pays \u00e0 l&#039;int\u00e9rieur et \u00e0 l&#039;ext\u00e9rieur de l&#039;Europe.<\/span><\/p>\n<\/li>\n<li>\n<p class=\"_04xlpA direction-ltr align-start para-style-body\"><span class=\"JsGRdQ\"><strong>Jean Philippe Baron<\/strong>, 44 ans r\u00e9sidant \u00e0 Marseille, <strong>France<\/strong>. Il vit dans son appartement en communaut\u00e9 et travaille dans un restaurant adapt\u00e9. Il est \u00e0 l&#039;aise avec les outils de communication et repr\u00e9sente r\u00e9guli\u00e8rement l&#039;association #Tcap21 \u00e0 travers tous les m\u00e9dias. Il est maintenant en formation pour se joindre \u00e0 notre ouverture de caf\u00e9 #Train Inc. et atteindre ensuite une totale autonomie.<\/span><\/p>\n<\/li>\n<\/ul>\n<p>Apr\u00e8s le panel, les participants ont pu poser des questions \u00e0 nos intervenants. Un livret avec des citations de leurs discours ainsi que le power point de Soufiane <span style=\"font-weight: 400;\">El Amrani a \u00e9t\u00e9 mis \u00e0 la disposition de tous les participants. Ceci peut \u00eatre t\u00e9l\u00e9charg\u00e9 en anglais <a href=\"https:\/\/drive.google.com\/file\/d\/1SVsLWWYytRREpmbalTXhit8NbVKCsVkB\/view?usp=share_link\">ici<\/a>.<\/span><\/p>\n<p>Tout au long de l&#039;organisation de cet \u00e9v\u00e9nement ainsi que des discussions pendant et apr\u00e8s l&#039;\u00e9v\u00e9nement lui-m\u00eame, EU for Trisomy 21 compile une liste de recommandations que l&#039;UE doit prendre en compte lorsqu&#039;elle s&#039;efforce de rendre les \u00e9lections parlementaires europ\u00e9ennes de 2024 v\u00e9ritablement accessibles aux personnes trisomiques. Syndrome dans tous les pays de l&#039;UE. Ce document sera remis \u00e0 la Commission et au Parlement europ\u00e9en lors de la Journ\u00e9e mondiale de la trisomie 21 mars 2023.<\/p>\n<p><strong>Notre prochain \u00e9v\u00e9nement : Time for More Visibility aura lieu le 16 mars \u00e0 18h.\u00a0<\/strong><\/p>","protected":false},"excerpt":{"rendered":"<p>YouTube Link: Magyar (Hungarian), Rom\u00e2n (Romanian), Fran\u00e7ais (French), Deutsch (German), Polski (Polski), \u03b5\u03bb\u03bb\u03b7\u03bd\u03b9\u03ba\u03ac (Greek) You can take a look at&hellip;<\/p>","protected":false},"author":3,"featured_media":0,"comment_status":"closed","ping_status":"closed","sticky":false,"template":"","format":"standard","meta":{"_acf_changed":false,"footnotes":""},"categories":[45],"tags":[],"class_list":["post-33345","post","type-post","status-publish","format-standard","hentry","category-21-march-21"],"acf":[],"_links":{"self":[{"href":"https:\/\/eufortrisomy21.eu\/fr\/wp-json\/wp\/v2\/posts\/33345"}],"collection":[{"href":"https:\/\/eufortrisomy21.eu\/fr\/wp-json\/wp\/v2\/posts"}],"about":[{"href":"https:\/\/eufortrisomy21.eu\/fr\/wp-json\/wp\/v2\/types\/post"}],"author":[{"embeddable":true,"href":"https:\/\/eufortrisomy21.eu\/fr\/wp-json\/wp\/v2\/users\/3"}],"replies":[{"embeddable":true,"href":"https:\/\/eufortrisomy21.eu\/fr\/wp-json\/wp\/v2\/comments?post=33345"}],"version-history":[{"count":3,"href":"https:\/\/eufortrisomy21.eu\/fr\/wp-json\/wp\/v2\/posts\/33345\/revisions"}],"predecessor-version":[{"id":33626,"href":"https:\/\/eufortrisomy21.eu\/fr\/wp-json\/wp\/v2\/posts\/33345\/revisions\/33626"}],"wp:attachment":[{"href":"https:\/\/eufortrisomy21.eu\/fr\/wp-json\/wp\/v2\/media?parent=33345"}],"wp:term":[{"taxonomy":"category","embeddable":true,"href":"https:\/\/eufortrisomy21.eu\/fr\/wp-json\/wp\/v2\/categories?post=33345"},{"taxonomy":"post_tag","embeddable":true,"href":"https:\/\/eufortrisomy21.eu\/fr\/wp-json\/wp\/v2\/tags?post=33345"}],"curies":[{"name":"wp","href":"https:\/\/api.w.org\/{rel}","templated":true}]}}