{"id":30925,"date":"2021-02-19T16:40:13","date_gmt":"2021-02-19T15:40:13","guid":{"rendered":"https:\/\/eufortrisomy21.eu\/?p=30925"},"modified":"2021-02-23T15:00:23","modified_gmt":"2021-02-23T14:00:23","slug":"focus-on-the-21st-of-march-2021-lets-celebrate-world-down-syndrome-day-in-europe","status":"publish","type":"post","link":"https:\/\/eufortrisomy21.eu\/hr\/focus-on-the-21st-of-march-2021-lets-celebrate-world-down-syndrome-day-in-europe\/","title":{"rendered":"Priop\u0107enje za tisak: Usredoto\u010dite se na 21. o\u017eujka 2021. Proslavimo Svjetski dan sindroma Down u Europi!"},"content":{"rendered":"<p><img loading=\"lazy\" decoding=\"async\" class=\"size-medium wp-image-20686 alignright\" src=\"https:\/\/eufortrisomy21.eu\/wp-content\/uploads\/2020\/11\/Logo_EUforTrisomy21-Couleur-300x213.png\" alt=\"\" width=\"300\" height=\"213\" srcset=\"https:\/\/eufortrisomy21.eu\/wp-content\/uploads\/2020\/11\/Logo_EUforTrisomy21-Couleur-300x213.png 300w, https:\/\/eufortrisomy21.eu\/wp-content\/uploads\/2020\/11\/Logo_EUforTrisomy21-Couleur-1024x727.png 1024w, https:\/\/eufortrisomy21.eu\/wp-content\/uploads\/2020\/11\/Logo_EUforTrisomy21-Couleur-768x545.png 768w, https:\/\/eufortrisomy21.eu\/wp-content\/uploads\/2020\/11\/Logo_EUforTrisomy21-Couleur.png 1429w\" sizes=\"(max-width: 300px) 100vw, 300px\" \/>Sljede\u0107e izdanje Svjetskog dana sindroma Down (21<sup>sv<\/sup> o\u017eujka, kako je odlu\u010dila Ujedinjena nacija) poziva na poseban zamah jer se odr\u017eava 2021. godine, a Downov sindrom je medicinski poznat kao trisomija 21!<\/p>\n<p>U toj perspektivi, zajednica roditelja djece s Downovim sindromom iz cijele Europe okupila se pod oznakom EUfortrisomy21. Zahvaljuju\u0107i grupi roditelja koja je pokrenula pripreme, 16 zemalja ve\u0107 je predstavljeno na etiketi EUfortrisomy21 daju\u0107i europsku dimenziju obilje\u017eavanju Svjetskog dana sindroma Down.<\/p>\n<p>\u0160to ih povezuje: njihova odlu\u010dnost da 2021. godinu posvete ljudima s Downovim sindromom; godinu dana kako bi ih po\u010dastili, kako bi im priu\u0161tili njihovo pravo mjesto u europskom dru\u0161tvu.<\/p>\n<p>Za 21<sup>sv<\/sup> o\u017eujka predlo\u017eit \u0107e se tri projekta za proslavu ovog datuma na europskoj razini. Specifi\u010dnosti ovih projekata priop\u0107it \u0107e se tijekom mjeseca velja\u010de: projekt za radost, projekt za razmi\u0161ljanje i projekt za djelovanje.<\/p>\n<p><strong>Kontakt: press@eufortrisomy21.eu <\/strong><\/p>\n<p><u>EUfortrisomy21<\/u> je zajednica roditelja djece s Downovim sindromom, ujedinjena radi unapre\u0111enja prava osoba s Downovim sindromom u 4 prioritetna podru\u010dja: vidljivost, nediskriminacija, zdravlje, autonomija.<\/p>","protected":false},"excerpt":{"rendered":"<p>The next edition of World Down Syndrome Day (21st of March as decided by United Nation) calls for a special&hellip;<\/p>","protected":false},"author":2,"featured_media":0,"comment_status":"closed","ping_status":"closed","sticky":false,"template":"","format":"standard","meta":{"_acf_changed":false,"footnotes":""},"categories":[45],"tags":[],"class_list":["post-30925","post","type-post","status-publish","format-standard","hentry","category-21-march-21"],"acf":[],"_links":{"self":[{"href":"https:\/\/eufortrisomy21.eu\/hr\/wp-json\/wp\/v2\/posts\/30925"}],"collection":[{"href":"https:\/\/eufortrisomy21.eu\/hr\/wp-json\/wp\/v2\/posts"}],"about":[{"href":"https:\/\/eufortrisomy21.eu\/hr\/wp-json\/wp\/v2\/types\/post"}],"author":[{"embeddable":true,"href":"https:\/\/eufortrisomy21.eu\/hr\/wp-json\/wp\/v2\/users\/2"}],"replies":[{"embeddable":true,"href":"https:\/\/eufortrisomy21.eu\/hr\/wp-json\/wp\/v2\/comments?post=30925"}],"version-history":[{"count":0,"href":"https:\/\/eufortrisomy21.eu\/hr\/wp-json\/wp\/v2\/posts\/30925\/revisions"}],"wp:attachment":[{"href":"https:\/\/eufortrisomy21.eu\/hr\/wp-json\/wp\/v2\/media?parent=30925"}],"wp:term":[{"taxonomy":"category","embeddable":true,"href":"https:\/\/eufortrisomy21.eu\/hr\/wp-json\/wp\/v2\/categories?post=30925"},{"taxonomy":"post_tag","embeddable":true,"href":"https:\/\/eufortrisomy21.eu\/hr\/wp-json\/wp\/v2\/tags?post=30925"}],"curies":[{"name":"wp","href":"https:\/\/api.w.org\/{rel}","templated":true}]}}