{"id":31446,"date":"2021-03-09T10:19:38","date_gmt":"2021-03-09T09:19:38","guid":{"rendered":"https:\/\/eufortrisomy21.eu\/?p=31446"},"modified":"2021-03-09T10:20:49","modified_gmt":"2021-03-09T09:20:49","slug":"press-release-one-dancing-challenge-to-join-in-the-celebration","status":"publish","type":"post","link":"https:\/\/eufortrisomy21.eu\/hr\/press-release-one-dancing-challenge-to-join-in-the-celebration\/","title":{"rendered":"Priop\u0107enje: Jedan plesni izazov za pridru\u017eivanje proslavi!"},"content":{"rendered":"<p style=\"text-align: right;\"><img loading=\"lazy\" decoding=\"async\" class=\"size-medium wp-image-14470 alignleft\" src=\"https:\/\/eufortrisomy21.eu\/wp-content\/uploads\/2020\/02\/Banniere7-300x120.jpg\" alt=\"\" width=\"300\" height=\"120\" srcset=\"https:\/\/eufortrisomy21.eu\/wp-content\/uploads\/2020\/02\/Banniere7-300x120.jpg 300w, https:\/\/eufortrisomy21.eu\/wp-content\/uploads\/2020\/02\/Banniere7-1024x410.jpg 1024w, https:\/\/eufortrisomy21.eu\/wp-content\/uploads\/2020\/02\/Banniere7-768x307.jpg 768w, https:\/\/eufortrisomy21.eu\/wp-content\/uploads\/2020\/02\/Banniere7-1536x614.jpg 1536w, https:\/\/eufortrisomy21.eu\/wp-content\/uploads\/2020\/02\/Banniere7.jpg 2000w\" sizes=\"(max-width: 300px) 100vw, 300px\" \/>Priop\u0107enje za javnost<\/p>\n<p style=\"text-align: right;\">Bruxelles<\/p>\n<p style=\"text-align: right;\">3. o\u017eujka 2021<\/p>\n<p>&nbsp;<\/p>\n<h2 style=\"text-align: center;\"><span style=\"color: #99ccff;\"><strong>Proslavimo zajedno 21. o\u017eujka <\/strong><\/span><\/h2>\n<h2 style=\"text-align: center;\"><strong><span style=\"color: #ffcc00;\">1<\/span> Ples <span style=\"color: #ffcc00;\">izazov <\/span><\/strong>da se pridru\u017eite proslavi!<\/h2>\n<p>Sljede\u0107i <em>Me\u0111unarodni dan trisomije 21<\/em> odr\u017eat \u0107e se u nedjelju 21. o\u017eujka<span style=\"color: #99ccff;\"><strong>21<\/strong><\/span>. Kako bi proslavili ovaj amblemati\u010dni datum za osobe s Downovim sindromom (tako\u0111er se naziva Trisomija <span style=\"color: #99ccff;\"><strong>21<\/strong><\/span>), <em>EUforTrisomy21<\/em> predla\u017ee tri projekta. Usredoto\u010dite se na plesni izazov za osvjetljavanje osoba s Downovim sindromom: koreografija za ples kako biste se radovali, proslavili zajedno s osobama s Downovim sindromom.<\/p>\n<h4><span style=\"color: #ffcc00;\"><strong>1. Koreografija<\/strong><\/span><\/h4>\n<p>Zamislio ga je koreograf koji je nekada radio u posebnom centru za osobe s Downovim sindromom. Glazba je isje\u010dak iz posljednjeg singla francuske umjetnice Kimberose: \u00ab\u00a0<em>Natrag na noge \u00ab.<\/em><\/p>\n<h4><span style=\"color: #99ccff;\"><strong>2. Izazov \u00abPles za 21. o\u017eujka - Me\u0111unarodni dan Trisomije 21\u00bb<\/strong><\/span><\/h4>\n<p>Pokrenut je na dru\u0161tvenim mre\u017eama dana <strong><span style=\"color: #99ccff;\">3. o\u017eujka 2021<\/span><\/strong>.<\/p>\n<p>Adresirana je gra\u0111anima europskih zemalja; svi su pozvani da sudjeluju u izazovu:<\/p>\n<ul>\n<li>Iskazati radost i po\u010dastiti svoje bli\u017enje Downovim sindromom;<\/li>\n<li>Upoznati osobe s Downovim sindromom u na\u0161oj zajednici;<\/li>\n<li>Izra\u017eavanje kolektivne zahvalnosti za poseban polo\u017eaj ljudi s Downovim sindromom u na\u0161em dru\u0161tvu, \u0161to treba naglasiti: bitan dio na\u0161eg dru\u0161tva.<\/li>\n<\/ul>\n<p>Konkretno:<\/p>\n<ul>\n<li>Svatko u\u010di koreografiju, registrira se, objavljuje na dru\u0161tvenim mre\u017eama i \u0161iri objave<em> EUforTrisomy21<\/em>.<\/li>\n<li>Kori\u0161tenje sljede\u0107ih hashtagova: <span style=\"color: #99ccff;\"><strong>#EUfortrisomija21<\/strong><strong> #challenge #downsyndrome<\/strong><\/span><\/li>\n<\/ul>\n<h4><strong><span style=\"color: #ffcc00;\">3. Dress code (ako je mogu\u0107e)<\/span><\/strong><\/h4>\n<p>Gore: bijelo \/ Dolje: plavo \/ Neusagla\u0161ene \u010darape ili cipele<\/p>\n<h4><strong><span style=\"color: #99ccff;\">4. EUfortrisomy21<\/span><\/strong><\/h4>\n<p>EUfortrisomy21 zajednica je roditelja osoba s Downovim sindromom u cijeloj Europi: <strong><span style=\"color: #99ccff;\">Uklju\u010deno je 19 zemalja<\/span><\/strong> zastupaju\u0107i <strong><span style=\"color: #99ccff;\">55 udruga<\/span><\/strong> tko su <strong><span style=\"color: #99ccff;\">partneri<\/span><\/strong> projekta EUforTrisomy21 za izdanje Me\u0111unarodnog dana trisomije 21 2021.<\/p>\n<p>&nbsp;<\/p>\n<p style=\"text-align: center;\">Kontakt: contact@eufortrisomy21.eu<\/p>\n<p style=\"text-align: right;\"><a href=\"https:\/\/eufortrisomy21.eu\/wp-content\/uploads\/2021\/03\/EN-EUfortrisomy21-dancing-video-03-03-21.pdf\" target=\"_blank\" rel=\"noopener\">Kliknite ovdje<\/a> za preuzimanje priop\u0107enja za javnost<\/p>","protected":false},"excerpt":{"rendered":"<p>The next International Day of Trisomy 21 will take place on Sunday 21st March 2021. In order to celebrate this&hellip;<\/p>","protected":false},"author":3,"featured_media":0,"comment_status":"closed","ping_status":"closed","sticky":false,"template":"","format":"standard","meta":{"_acf_changed":false,"footnotes":""},"categories":[45],"tags":[],"class_list":["post-31446","post","type-post","status-publish","format-standard","hentry","category-21-march-21"],"acf":[],"_links":{"self":[{"href":"https:\/\/eufortrisomy21.eu\/hr\/wp-json\/wp\/v2\/posts\/31446"}],"collection":[{"href":"https:\/\/eufortrisomy21.eu\/hr\/wp-json\/wp\/v2\/posts"}],"about":[{"href":"https:\/\/eufortrisomy21.eu\/hr\/wp-json\/wp\/v2\/types\/post"}],"author":[{"embeddable":true,"href":"https:\/\/eufortrisomy21.eu\/hr\/wp-json\/wp\/v2\/users\/3"}],"replies":[{"embeddable":true,"href":"https:\/\/eufortrisomy21.eu\/hr\/wp-json\/wp\/v2\/comments?post=31446"}],"version-history":[{"count":0,"href":"https:\/\/eufortrisomy21.eu\/hr\/wp-json\/wp\/v2\/posts\/31446\/revisions"}],"wp:attachment":[{"href":"https:\/\/eufortrisomy21.eu\/hr\/wp-json\/wp\/v2\/media?parent=31446"}],"wp:term":[{"taxonomy":"category","embeddable":true,"href":"https:\/\/eufortrisomy21.eu\/hr\/wp-json\/wp\/v2\/categories?post=31446"},{"taxonomy":"post_tag","embeddable":true,"href":"https:\/\/eufortrisomy21.eu\/hr\/wp-json\/wp\/v2\/tags?post=31446"}],"curies":[{"name":"wp","href":"https:\/\/api.w.org\/{rel}","templated":true}]}}