{"id":31637,"date":"2021-03-11T16:22:13","date_gmt":"2021-03-11T15:22:13","guid":{"rendered":"https:\/\/eufortrisomy21.eu\/?p=31637"},"modified":"2021-03-11T16:25:52","modified_gmt":"2021-03-11T15:25:52","slug":"press-release-focus-on-the-online-conference","status":"publish","type":"post","link":"https:\/\/eufortrisomy21.eu\/hr\/press-release-focus-on-the-online-conference\/","title":{"rendered":"Priop\u0107enje za tisak: Usredoto\u010dite se na (internetsku) KONFERENCIJU"},"content":{"rendered":"<p style=\"text-align: right;\"><img loading=\"lazy\" decoding=\"async\" class=\"size-medium wp-image-14470 alignleft\" src=\"https:\/\/eufortrisomy21.eu\/wp-content\/uploads\/2020\/02\/Banniere7-300x120.jpg\" alt=\"\" width=\"300\" height=\"120\" srcset=\"https:\/\/eufortrisomy21.eu\/wp-content\/uploads\/2020\/02\/Banniere7-300x120.jpg 300w, https:\/\/eufortrisomy21.eu\/wp-content\/uploads\/2020\/02\/Banniere7-1024x410.jpg 1024w, https:\/\/eufortrisomy21.eu\/wp-content\/uploads\/2020\/02\/Banniere7-768x307.jpg 768w, https:\/\/eufortrisomy21.eu\/wp-content\/uploads\/2020\/02\/Banniere7-1536x614.jpg 1536w, https:\/\/eufortrisomy21.eu\/wp-content\/uploads\/2020\/02\/Banniere7.jpg 2000w\" sizes=\"(max-width: 300px) 100vw, 300px\" \/>Priop\u0107enje za javnost<\/p>\n<p style=\"text-align: right;\">Bruxelles<\/p>\n<p style=\"text-align: right;\">10. o\u017eujka 2021<\/p>\n<p>&nbsp;<\/p>\n<h2 style=\"text-align: center;\"><span style=\"color: #99ccff;\">3 projekta za proslavu Svjetskog dana sindroma Down \u00a0<\/span><\/h2>\n<h2 style=\"text-align: center;\"><span style=\"color: #ffcc00;\"><span class=\"fontstyle0\">Usredoto\u010dite se na (na mre\u017ei) <\/span><span class=\"fontstyle2\">KONFERENCIJA<\/span><\/span><\/h2>\n<h2 style=\"text-align: center;\"><span style=\"color: #000000;\">\u00a0<span class=\"fontstyle0\">Trisomija 21: \u0160to Europa mo\u017ee u\u010diniti?<\/span><\/span><\/h2>\n<p style=\"text-align: center;\">\u00a0<span class=\"fontstyle0\">Za proslavu Me\u0111unarodnog dana Trisomije 21, <em>EUfortrisomy21<\/em> organizira konferenciju<br \/>\n<\/span><span class=\"fontstyle2\"><span style=\"color: #99ccff;\"><strong>\u010cetvrtak, 18. o\u017eujka 2021. od 14 do 15.30<\/strong><\/span><br \/>\n<\/span><span class=\"fontstyle0\">(Vremenska zona u Bruxellesu)<\/span><\/p>\n<p><span style=\"color: #ffcc00;\"><span style=\"color: #333333;\"><span class=\"fontstyle0\">Roditelji stru\u010dnjaci, osoba s Downovim sindromom, i eurozastupnici (gospo\u0111a Estrella Dura (S&amp;D), gospo\u0111a Katrin Langensiepen (zeleni), gospo\u0111a Radka Maxova (obnova), gospodin Fran\u00e7ois-Xavier Bellamy (PPE), gospodin Patrick Jaki (ECR)) govorit \u0107e o glavnim pitanjima za osobe s Downovim sindromom: vidljivost, autonomija, inkluzija, nediskriminacija i dostojanstvo.<\/span><\/span><\/span><\/p>\n<p><span style=\"color: #ffcc00;\"><span style=\"color: #333333;\"><span class=\"fontstyle0\"><img loading=\"lazy\" decoding=\"async\" class=\"size-medium wp-image-31642 alignleft\" src=\"https:\/\/eufortrisomy21.eu\/wp-content\/uploads\/2021\/03\/Trisomy-21-What-can-Europe-do-253x300.jpg\" alt=\"\" width=\"253\" height=\"300\" srcset=\"https:\/\/eufortrisomy21.eu\/wp-content\/uploads\/2021\/03\/Trisomy-21-What-can-Europe-do-253x300.jpg 253w, https:\/\/eufortrisomy21.eu\/wp-content\/uploads\/2021\/03\/Trisomy-21-What-can-Europe-do-10x12.jpg 10w, https:\/\/eufortrisomy21.eu\/wp-content\/uploads\/2021\/03\/Trisomy-21-What-can-Europe-do.jpg 708w\" sizes=\"(max-width: 253px) 100vw, 253px\" \/>Ove intervencije i rasprave bit \u0107e korisne za raspravu o <\/span><span class=\"fontstyle2\">Unija jednakosti: <strong>Strategija o pravima osoba s invaliditetom 2021.-2030 <\/strong><\/span><span class=\"fontstyle0\">(najavio Europski parlament 3<\/span><span class=\"fontstyle0\">rd <\/span><span class=\"fontstyle0\">o\u017eujka).<\/span><\/span><strong><span class=\"fontstyle0\"><br \/>\n<\/span><\/strong><\/span><\/p>\n<p><span style=\"color: #333333;\"><span class=\"fontstyle0\">Prijevod je planiran u:<br \/>\n<\/span><\/span><\/p>\n<ul>\n<li><span style=\"color: #333333;\"><span class=\"fontstyle0\">Engleski<\/span><\/span><\/li>\n<li><span style=\"color: #333333;\"><span class=\"fontstyle0\">Njema\u010dki (normalan i lagan jezik)<\/span><\/span><\/li>\n<li><span style=\"color: #333333;\"><span class=\"fontstyle0\">\u0160panjolski<\/span><\/span><\/li>\n<li><span style=\"color: #333333;\"><span class=\"fontstyle0\">francuski<\/span><\/span><\/li>\n<\/ul>\n<p style=\"text-align: center;\"><span style=\"color: #ffcc00;\"><span class=\"fontstyle0\" style=\"color: #333333;\">Ako \u017eelite <\/span><strong><span class=\"fontstyle3\">prisustvovati konferenciji<\/span><\/strong><span class=\"fontstyle0\" style=\"color: #333333;\">, molimo vas da se registrirate na<\/span><strong><span class=\"fontstyle0\"><br \/>\n<\/span><a href=\"mailto:contact@eufortrisomy21.eu\"><span class=\"fontstyle0\">contact@eufortrisomy21.eu<\/span><\/a><\/strong><\/span><\/p>\n<p>&nbsp;<\/p>\n<p style=\"text-align: center;\"><span class=\"fontstyle0\">EUfortrisomy21 <\/span><span class=\"fontstyle2\">je zajednica roditelja djece s Downovim sindromom,<br \/>\nujedinjeni kako bi unaprijedili prava osoba s Downovim sindromom u 4 prioritetna podru\u010dja:<br \/>\nvidljivost, nediskriminacija, zdravlje, autonomija<\/span><\/p>\n<p style=\"text-align: center;\"><strong>Kontakt<\/strong> : contact@eufortrisomy21.eu<\/p>\n<p style=\"text-align: right;\"><a href=\"https:\/\/eufortrisomy21.eu\/wp-content\/uploads\/2021\/03\/2021-03-11-EN-PRESS-RELEASE-conference.pdf\" target=\"_blank\" rel=\"noopener\">Kliknite ovdje <\/a>za preuzimanje priop\u0107enja za javnost<\/p>","protected":false},"excerpt":{"rendered":"<p>\u00a0To celebrate the International Day of Trisomy 21, EUfortrisomy21 organizes a conference Thursday 18th March 2021 from 2 to 3:30&hellip;<\/p>","protected":false},"author":3,"featured_media":0,"comment_status":"closed","ping_status":"closed","sticky":false,"template":"","format":"standard","meta":{"_acf_changed":false,"footnotes":""},"categories":[45],"tags":[],"class_list":["post-31637","post","type-post","status-publish","format-standard","hentry","category-21-march-21"],"acf":[],"_links":{"self":[{"href":"https:\/\/eufortrisomy21.eu\/hr\/wp-json\/wp\/v2\/posts\/31637"}],"collection":[{"href":"https:\/\/eufortrisomy21.eu\/hr\/wp-json\/wp\/v2\/posts"}],"about":[{"href":"https:\/\/eufortrisomy21.eu\/hr\/wp-json\/wp\/v2\/types\/post"}],"author":[{"embeddable":true,"href":"https:\/\/eufortrisomy21.eu\/hr\/wp-json\/wp\/v2\/users\/3"}],"replies":[{"embeddable":true,"href":"https:\/\/eufortrisomy21.eu\/hr\/wp-json\/wp\/v2\/comments?post=31637"}],"version-history":[{"count":0,"href":"https:\/\/eufortrisomy21.eu\/hr\/wp-json\/wp\/v2\/posts\/31637\/revisions"}],"wp:attachment":[{"href":"https:\/\/eufortrisomy21.eu\/hr\/wp-json\/wp\/v2\/media?parent=31637"}],"wp:term":[{"taxonomy":"category","embeddable":true,"href":"https:\/\/eufortrisomy21.eu\/hr\/wp-json\/wp\/v2\/categories?post=31637"},{"taxonomy":"post_tag","embeddable":true,"href":"https:\/\/eufortrisomy21.eu\/hr\/wp-json\/wp\/v2\/tags?post=31637"}],"curies":[{"name":"wp","href":"https:\/\/api.w.org\/{rel}","templated":true}]}}