{"id":32350,"date":"2021-06-24T17:12:45","date_gmt":"2021-06-24T15:12:45","guid":{"rendered":"https:\/\/eufortrisomy21.eu\/?p=32350"},"modified":"2022-07-22T10:28:28","modified_gmt":"2022-07-22T08:28:28","slug":"online-conference-improving-the-visibility-of-people-with-down-syndrome-an-emergency-for-europe","status":"publish","type":"post","link":"https:\/\/eufortrisomy21.eu\/hr\/online-conference-improving-the-visibility-of-people-with-down-syndrome-an-emergency-for-europe\/","title":{"rendered":"Internetska konferencija - 8. srpnja 2021. - Pobolj\u0161anje vidljivosti ljudi s Downovim sindromom"},"content":{"rendered":"<p style=\"text-align: right;\"><img loading=\"lazy\" decoding=\"async\" class=\"size-medium wp-image-14470 alignleft\" src=\"https:\/\/eufortrisomy21.eu\/wp-content\/uploads\/2020\/02\/Banniere7-300x120.jpg\" alt=\"\" width=\"300\" height=\"120\" srcset=\"https:\/\/eufortrisomy21.eu\/wp-content\/uploads\/2020\/02\/Banniere7-300x120.jpg 300w, https:\/\/eufortrisomy21.eu\/wp-content\/uploads\/2020\/02\/Banniere7-1024x410.jpg 1024w, https:\/\/eufortrisomy21.eu\/wp-content\/uploads\/2020\/02\/Banniere7-768x307.jpg 768w, https:\/\/eufortrisomy21.eu\/wp-content\/uploads\/2020\/02\/Banniere7-1536x614.jpg 1536w, https:\/\/eufortrisomy21.eu\/wp-content\/uploads\/2020\/02\/Banniere7.jpg 2000w\" sizes=\"(max-width: 300px) 100vw, 300px\" \/><\/p>\n<p>&nbsp;<\/p>\n<p>&nbsp;<\/p>\n<p>&nbsp;<\/p>\n<p>&nbsp;<\/p>\n<h2 style=\"text-align: center;\">Pobolj\u0161anje vidljivosti osoba s Downovim sindromom: hitno stanje za Europu. Za\u0161to? Kako?<\/h2>\n<p>Pobolj\u0161anje vidljivosti osoba s Downovim sindromom u Europi trebala bi biti glavna rasprava u <a href=\"https:\/\/futureu.europa.eu\/\" target=\"_blank\" rel=\"noopener\">savjetovanje s gra\u0111anima za budu\u0107nost Europe<\/a>.<\/p>\n<p><strong><a href=\"https:\/\/docs.google.com\/forms\/d\/e\/1FAIpQLSfcweCVPOG7YO_JwvF9NAbhpVdDDrUbxl59EM7JJ17kPaB95Q\/viewform\" target=\"_blank\" rel=\"noopener\">Registrirajte se ovdje<\/a> <\/strong>za sudjelovanje na internetskoj konferenciji EUfortrisomy21 o <strong>8. srpnja u 18 sati (po briselskom vremenu)<\/strong> i pridonijeti online raspravama konzultacija s gra\u0111anima o \u201cBudu\u0107nosti Europe\u201d kako bi se pobolj\u0161ala vidljivost osoba s Downovim sindromom.<\/p>\n<p><strong>Jezici :<\/strong> Engleski, \u0161panjolski, francuski, njema\u010dki, njema\u010dki laki jezik, \u010de\u0161ki i talijanski<\/p>\n<p>&nbsp;<\/p>\n<h2><u>Program:<\/u><\/h2>\n<p><strong>Uvod : <\/strong>g. Brando Benifei (zastupnik u Europskom parlamentu \u2013 Italija)<\/p>\n<p><strong>Dio 1: Kontroverzni slu\u010dajevi diskriminacije u Europi\u00a0<\/strong><\/p>\n<ul>\n<li>Draga budu\u0107a mama \u2013 Riccardo Bianchi \u2013 Coordown (IT)<\/li>\n<li>Draga budu\u0107a mama (cenzura i slu\u010daj pred ECHR-om) \u2013 Lucie Pacherie \u2013 Fondacija J\u00e9r\u00f4me Lejeune (FR)<\/li>\n<li>Slu\u010daj Arcadi Spada (SP) i slu\u010daj Richarda Dawkinsa \u2013 Raquel del Barrio (referentni roditelj EU-a za Trisomiju 21 u \u0160panjolskoj)<\/li>\n<\/ul>\n<p><strong>2. dio: Za\u0161to ovaj govor o diskriminaciji jo\u0161 uvijek postoji u Europi?<\/strong><\/p>\n<ul>\n<li>Filozof: Danielle Moyse (FR)<\/li>\n<li>Tina Sander (osniva\u010dica udruge) : #NoNIPT kampanja u Njema\u010dkoj (GE)<\/li>\n<li>Samozastupnica : Natalie Dedreux \u2013 blogerica i novinarka (GE)<\/li>\n<\/ul>\n<p><strong>Dio 3: Kako djelovati na promicanju dostojanstva i poticanju vidljivosti osoba s trisomijom 21?<\/strong><\/p>\n<ul>\n<li>Samozastupnica : Caterina Moretti (SP)<\/li>\n<li>Videozapis g\u0111e Dubravke \u0160uice, \u010dlanice Europske komisije koja predsjedava konferencijom za budu\u0107nost Europe<\/li>\n<\/ul>\n<p><strong>Pitanja i odgovori<\/strong><\/p>\n<p><strong>zaklju\u010dak: <\/strong>Radka Maxova (zastupnica u Europskom parlamentu \u2013 \u010ce\u0161ka Republika)<\/p>\n<p id=\"tw-target-text\" class=\"tw-data-text tw-text-large XcVN5d tw-ta\" data-placeholder=\"Traduction\">Dostupni su videozapisi repriza na\u0161e online konferencije <a href=\"https:\/\/www.youtube.com\/channel\/UCFbORaGOrc9HBNBSK7DG-nQ?app=desktop&amp;pli=1\" target=\"_blank\" rel=\"noopener\">na na\u0161em YouTube kanalu<\/a>.<\/p>\n<p style=\"text-align: center;\"><span class=\"fontstyle0\">EUfortrisomy21 <\/span><span class=\"fontstyle2\">je zajednica roditelja djece s Downovim sindromom,<br \/>\nujedinjeni kako bi unaprijedili prava osoba s Downovim sindromom u 4 prioritetna podru\u010dja:<br \/>\nvidljivost, nediskriminacija, zdravlje, autonomija<\/span><\/p>\n<p style=\"text-align: center;\"><strong>Kontakt<\/strong> : contact@eufortrisomy21.eu<\/p>\n<p style=\"text-align: right;\">","protected":false},"excerpt":{"rendered":"<p>Improving the visibility of people with Down syndrome in Europe should be a major debate in the citizen\u2019s consultation for&hellip;<\/p>","protected":false},"author":3,"featured_media":0,"comment_status":"closed","ping_status":"closed","sticky":false,"template":"","format":"standard","meta":{"_acf_changed":false,"footnotes":""},"categories":[45],"tags":[],"class_list":["post-32350","post","type-post","status-publish","format-standard","hentry","category-21-march-21"],"acf":[],"_links":{"self":[{"href":"https:\/\/eufortrisomy21.eu\/hr\/wp-json\/wp\/v2\/posts\/32350"}],"collection":[{"href":"https:\/\/eufortrisomy21.eu\/hr\/wp-json\/wp\/v2\/posts"}],"about":[{"href":"https:\/\/eufortrisomy21.eu\/hr\/wp-json\/wp\/v2\/types\/post"}],"author":[{"embeddable":true,"href":"https:\/\/eufortrisomy21.eu\/hr\/wp-json\/wp\/v2\/users\/3"}],"replies":[{"embeddable":true,"href":"https:\/\/eufortrisomy21.eu\/hr\/wp-json\/wp\/v2\/comments?post=32350"}],"version-history":[{"count":0,"href":"https:\/\/eufortrisomy21.eu\/hr\/wp-json\/wp\/v2\/posts\/32350\/revisions"}],"wp:attachment":[{"href":"https:\/\/eufortrisomy21.eu\/hr\/wp-json\/wp\/v2\/media?parent=32350"}],"wp:term":[{"taxonomy":"category","embeddable":true,"href":"https:\/\/eufortrisomy21.eu\/hr\/wp-json\/wp\/v2\/categories?post=32350"},{"taxonomy":"post_tag","embeddable":true,"href":"https:\/\/eufortrisomy21.eu\/hr\/wp-json\/wp\/v2\/tags?post=32350"}],"curies":[{"name":"wp","href":"https:\/\/api.w.org\/{rel}","templated":true}]}}