{"id":33632,"date":"2023-07-07T14:20:00","date_gmt":"2023-07-07T12:20:00","guid":{"rendered":"https:\/\/eufortrisomy21.eu\/?p=33632"},"modified":"2024-02-20T17:21:50","modified_gmt":"2024-02-20T16:21:50","slug":"time-for-more-equal-treatment","status":"publish","type":"post","link":"https:\/\/eufortrisomy21.eu\/hr\/time-for-more-equal-treatment\/","title":{"rendered":"Vrijeme je za ravnopravniji tretman"},"content":{"rendered":"<p><strong>Projekt \u201cBudu\u0107nost je na\u0161a\u201d: Osna\u017eivanje promjena i uklju\u010divanja<\/strong><\/p>\n<p>7. srpnja 2023. \u2014 Mre\u017ea EU za trisomiju 21 sa zadovoljstvom objavljuje uspje\u0161an zavr\u0161etak svog \u010detvrtog doga\u0111aja u teku\u0107em projektu \u201cBudu\u0107nost je na\u0161a\u201d. Odr\u017ean 6. srpnja, doga\u0111aj, koji je sponzorirala Europska unija kroz CERV bespovratna sredstva, postigao je izuzetan uspjeh u poticanju dijaloga i osna\u017eivanju osoba s intelektualnim te\u0161ko\u0107ama, s posebnim naglaskom na Jednakost na radnom mjestu i srodne teme. Mo\u017eete pro\u010ditati slu\u017ebeno izvje\u0161\u0107e <a href=\"https:\/\/drive.google.com\/file\/d\/1scn0DUrbaoWa7EqPKB69h1-JLZh1Gk--\/view?usp=sharing\">ovdje<\/a>.<\/p>\n<p>Doga\u0111aj je okupio sudionike iz cijele Europe, s prevoditeljima dostupnim za vi\u0161e jezika, uklju\u010duju\u0107i talijanski, engleski, rumunjski i ma\u0111arski.<\/p>\n<p>\u201cBudu\u0107nost je na\u0161a\u201d projekt je nastao 2019. godine kao mre\u017ea lokalnih organizacija posve\u0107enih obilje\u017eavanju Svjetskog dana osoba s Downovim sindromom. S vremenom se razvio u platformu za zagovaranje i osna\u017eivanje. Projekt je ve\u0107 ugostio dva online doga\u0111aja i jedno osobno okupljanje u Bruxellesu, gdje se 75 sudionika iz raznih zemalja EU-a i 28 osoba s Downovim sindromom susrelo s parlamentarcima kako bi raspravljali o klju\u010dnim pitanjima, uklju\u010duju\u0107i zdravlje.<\/p>\n<p>Ovaj posljednji doga\u0111aj u seriji bavio se kriti\u010dnim pitanjem jednakog tretmana na radnom mjestu. Me\u0111u istaknutim govornicima bili su Chiara Gemma, zastupnica u Europskom parlamentu; Maria James, osvaja\u010dica zlatne medalje u plivanju i zagovornica s Malte; Yasmin Ismail, junior psiholog iz Rumunjske; i K\u00e1roly Kisari, osniva\u010d Ma\u0111arske udruge Hidden Treasures Down i Zaklade Mentor\u00e1ll\u00e1s.<\/p>\n<p>Chiara Gemma, koja je \u010dlanica Odbora za zapo\u0161ljavanje i socijalna pitanja i Me\u0111ugrupe za osobe s invaliditetom u Europskom parlamentu, obratila se publici putem unaprijed snimljenog videa zbog svojih obveza na putovanju u zadnji tren. Naglasila je va\u017enost samozastupanja i potrebu da se poja\u010daju glasovi osoba s intelektualnim te\u0161ko\u0107ama u politi\u010dkoj areni.<\/p>\n<p>Maria James, strastvena zagovornica i osvaja\u010dica zlatne medalje u plivanju, podijelila je svoje inspirativno putovanje i razgovarala o svom radu na promicanju jednakog tretmana na radnom mjestu za osobe s Downovim sindromom. Yasmin Ismail, mla\u0111i psiholog, ponudila je dragocjene uvide u svoju karijeru i izazove koje je svladala, poti\u010du\u0107i druge da slijede svoje snove. K\u00e1roly Kisari, pionir na tom podru\u010dju, govorio je o misiji svojih organizacija u Ma\u0111arskoj, fokusiraju\u0107i se na integraciju osoba s invaliditetom u dru\u0161tvo i otvoreno tr\u017ei\u0161te rada.<\/p>\n<p>Tijekom doga\u0111aja, publika je imala priliku postavljati pitanja govornicima, poti\u010du\u0107i interaktivne rasprave i pobolj\u0161avaju\u0107i razumijevanje.<\/p>\n<p>Mre\u017ea EU za trisomiju 21 predana je nastavku svojih napora zagovaranja i osna\u017eivanja. Prijavila se na jo\u0161 jedan EU projekt koji ima za cilj osna\u017eiti samozastupnike za u\u010dinkovitu komunikaciju s medijima, politi\u010darima i javno\u0161\u0107u, promi\u010du\u0107i vidljivost i autonomiju.<\/p>\n<p>Uspjeh projekta \u201cBudu\u0107nost je na\u0161a\u201d 6. srpnja ponovno potvr\u0111uje predanost EU mre\u017ei Trisomy 21 za stvaranje inkluzivnijeg i pravednijeg dru\u0161tva za osobe s intelektualnim te\u0161ko\u0107ama diljem Europe.<\/p>","protected":false},"excerpt":{"rendered":"<p>&#8220;The Future is Ours&#8221; Project: Empowering Change and Inclusion 7.th July 2023\u2014 The EU for Trisomy 21 Network is delighted&hellip;<\/p>","protected":false},"author":3,"featured_media":0,"comment_status":"closed","ping_status":"closed","sticky":false,"template":"","format":"standard","meta":{"_acf_changed":false,"footnotes":""},"categories":[45],"tags":[],"class_list":["post-33632","post","type-post","status-publish","format-standard","hentry","category-21-march-21"],"acf":[],"_links":{"self":[{"href":"https:\/\/eufortrisomy21.eu\/hr\/wp-json\/wp\/v2\/posts\/33632"}],"collection":[{"href":"https:\/\/eufortrisomy21.eu\/hr\/wp-json\/wp\/v2\/posts"}],"about":[{"href":"https:\/\/eufortrisomy21.eu\/hr\/wp-json\/wp\/v2\/types\/post"}],"author":[{"embeddable":true,"href":"https:\/\/eufortrisomy21.eu\/hr\/wp-json\/wp\/v2\/users\/3"}],"replies":[{"embeddable":true,"href":"https:\/\/eufortrisomy21.eu\/hr\/wp-json\/wp\/v2\/comments?post=33632"}],"version-history":[{"count":3,"href":"https:\/\/eufortrisomy21.eu\/hr\/wp-json\/wp\/v2\/posts\/33632\/revisions"}],"predecessor-version":[{"id":33635,"href":"https:\/\/eufortrisomy21.eu\/hr\/wp-json\/wp\/v2\/posts\/33632\/revisions\/33635"}],"wp:attachment":[{"href":"https:\/\/eufortrisomy21.eu\/hr\/wp-json\/wp\/v2\/media?parent=33632"}],"wp:term":[{"taxonomy":"category","embeddable":true,"href":"https:\/\/eufortrisomy21.eu\/hr\/wp-json\/wp\/v2\/categories?post=33632"},{"taxonomy":"post_tag","embeddable":true,"href":"https:\/\/eufortrisomy21.eu\/hr\/wp-json\/wp\/v2\/tags?post=33632"}],"curies":[{"name":"wp","href":"https:\/\/api.w.org\/{rel}","templated":true}]}}