{"id":30925,"date":"2021-02-19T16:40:13","date_gmt":"2021-02-19T15:40:13","guid":{"rendered":"https:\/\/eufortrisomy21.eu\/?p=30925"},"modified":"2021-02-23T15:00:23","modified_gmt":"2021-02-23T14:00:23","slug":"focus-on-the-21st-of-march-2021-lets-celebrate-world-down-syndrome-day-in-europe","status":"publish","type":"post","link":"https:\/\/eufortrisomy21.eu\/hu\/focus-on-the-21st-of-march-2021-lets-celebrate-world-down-syndrome-day-in-europe\/","title":{"rendered":"Sajt\u00f3k\u00f6zlem\u00e9ny: F\u00f3kuszban 2021 m\u00e1rcius 21-e. \u00dcnnepelj\u00fck a Down-szindr\u00f3ma napj\u00e1t Eur\u00f3p\u00e1ban!"},"content":{"rendered":"<p><img loading=\"lazy\" decoding=\"async\" class=\"size-medium wp-image-20686 alignright\" src=\"https:\/\/eufortrisomy21.eu\/wp-content\/uploads\/2020\/11\/Logo_EUforTrisomy21-Couleur-300x213.png\" alt=\"\" width=\"300\" height=\"213\" srcset=\"https:\/\/eufortrisomy21.eu\/wp-content\/uploads\/2020\/11\/Logo_EUforTrisomy21-Couleur-300x213.png 300w, https:\/\/eufortrisomy21.eu\/wp-content\/uploads\/2020\/11\/Logo_EUforTrisomy21-Couleur-1024x727.png 1024w, https:\/\/eufortrisomy21.eu\/wp-content\/uploads\/2020\/11\/Logo_EUforTrisomy21-Couleur-768x545.png 768w, https:\/\/eufortrisomy21.eu\/wp-content\/uploads\/2020\/11\/Logo_EUforTrisomy21-Couleur.png 1429w\" sizes=\"(max-width: 300px) 100vw, 300px\" \/>A Down-szindr\u00f3ma napj\u00e1nak k\u00f6vetkez\u0151 kiad\u00e1sa (21<sup>utca<\/sup> m\u00e1rcius\u00e1ban az Egyes\u00fclt Nemzetek d\u00f6nt\u00e9se alapj\u00e1n) k\u00fcl\u00f6nleges lend\u00fcletet k\u00e9r, mivel 2021-ben zajlik, \u00e9s a Down-szindr\u00f3ma orvosilag 21-es trisz\u00f3mia n\u00e9ven ismert!<\/p>\n<p>Ebb\u0151l a szempontb\u00f3l a Down-szindr\u00f3m\u00e1s gyermekek sz\u00fcleinek k\u00f6z\u00f6ss\u00e9ge eg\u00e9sz Eur\u00f3p\u00e1b\u00f3l az EUfortrisomy21 c\u00edmke alatt \u00e1llt \u00f6ssze. Az el\u0151k\u00e9sz\u00fcleteket elind\u00edt\u00f3 sz\u00fcl\u0151k egy csoportj\u00e1nak k\u00f6sz\u00f6nhet\u0151en 16 orsz\u00e1g m\u00e1r k\u00e9pviselteti mag\u00e1t az EUfortrisomy21 c\u00edmk\u00e9ben, amely eur\u00f3pai dimenzi\u00f3t ad a Down-szindr\u00f3ma vil\u00e1gnapj\u00e1nak meg\u00fcnnepl\u00e9s\u00e9re.<\/p>\n<p>Mi k\u00f6ti \u00f6ssze \u0151ket: elhat\u00e1roz\u00e1suk, hogy 2021-et a Down-szindr\u00f3m\u00e1s embereknek szentelnek; egy \u00e9ven \u00e1t, hogy megtisztelje \u0131ket, megadhass\u00e1k nekik m\u00e9lt\u00f3 hely\u00fcket az eur\u00f3pai t\u00e1rsadalomban.<\/p>\n<p>A 21<sup>utca<\/sup> m\u00e1rciusban h\u00e1rom projektet javasolnak ennek a d\u00e1tumnak az eur\u00f3pai szint\u0171 meg\u00fcnnepl\u00e9s\u00e9re. E projektek saj\u00e1toss\u00e1gait febru\u00e1r folyam\u00e1n k\u00f6zlik: \u00f6r\u00f6mteli, reflekt\u00e1land\u00f3 \u00e9s cselekvend\u0151 projekt.<\/p>\n<p><strong>Kapcsolat: press@eufortrisomy21.eu <\/strong><\/p>\n<p><u>EUfortrisomy21<\/u> Down-szindr\u00f3m\u00e1s gyermekek sz\u00fcleinek k\u00f6z\u00f6ss\u00e9ge, amely egyes\u00edti a Down-szindr\u00f3m\u00e1s emberek jogainak \u00e9rv\u00e9nyes\u00edt\u00e9s\u00e9t 4 kiemelt ter\u00fcleten: l\u00e1that\u00f3s\u00e1g, megk\u00fcl\u00f6nb\u00f6ztet\u00e9smentess\u00e9g, eg\u00e9szs\u00e9g\u00fcgy, auton\u00f3mia.<\/p>","protected":false},"excerpt":{"rendered":"<p>The next edition of World Down Syndrome Day (21st of March as decided by United Nation) calls for a special&hellip;<\/p>","protected":false},"author":2,"featured_media":0,"comment_status":"closed","ping_status":"closed","sticky":false,"template":"","format":"standard","meta":{"_acf_changed":false,"footnotes":""},"categories":[45],"tags":[],"class_list":["post-30925","post","type-post","status-publish","format-standard","hentry","category-21-march-21"],"acf":[],"_links":{"self":[{"href":"https:\/\/eufortrisomy21.eu\/hu\/wp-json\/wp\/v2\/posts\/30925"}],"collection":[{"href":"https:\/\/eufortrisomy21.eu\/hu\/wp-json\/wp\/v2\/posts"}],"about":[{"href":"https:\/\/eufortrisomy21.eu\/hu\/wp-json\/wp\/v2\/types\/post"}],"author":[{"embeddable":true,"href":"https:\/\/eufortrisomy21.eu\/hu\/wp-json\/wp\/v2\/users\/2"}],"replies":[{"embeddable":true,"href":"https:\/\/eufortrisomy21.eu\/hu\/wp-json\/wp\/v2\/comments?post=30925"}],"version-history":[{"count":0,"href":"https:\/\/eufortrisomy21.eu\/hu\/wp-json\/wp\/v2\/posts\/30925\/revisions"}],"wp:attachment":[{"href":"https:\/\/eufortrisomy21.eu\/hu\/wp-json\/wp\/v2\/media?parent=30925"}],"wp:term":[{"taxonomy":"category","embeddable":true,"href":"https:\/\/eufortrisomy21.eu\/hu\/wp-json\/wp\/v2\/categories?post=30925"},{"taxonomy":"post_tag","embeddable":true,"href":"https:\/\/eufortrisomy21.eu\/hu\/wp-json\/wp\/v2\/tags?post=30925"}],"curies":[{"name":"wp","href":"https:\/\/api.w.org\/{rel}","templated":true}]}}