{"id":31637,"date":"2021-03-11T16:22:13","date_gmt":"2021-03-11T15:22:13","guid":{"rendered":"https:\/\/eufortrisomy21.eu\/?p=31637"},"modified":"2021-03-11T16:25:52","modified_gmt":"2021-03-11T15:25:52","slug":"press-release-focus-on-the-online-conference","status":"publish","type":"post","link":"https:\/\/eufortrisomy21.eu\/hu\/press-release-focus-on-the-online-conference\/","title":{"rendered":"Sajt\u00f3k\u00f6zlem\u00e9ny: F\u00f3kuszban az (online) KONFERENCIA"},"content":{"rendered":"<p style=\"text-align: right;\"><img loading=\"lazy\" decoding=\"async\" class=\"size-medium wp-image-14470 alignleft\" src=\"https:\/\/eufortrisomy21.eu\/wp-content\/uploads\/2020\/02\/Banniere7-300x120.jpg\" alt=\"\" width=\"300\" height=\"120\" srcset=\"https:\/\/eufortrisomy21.eu\/wp-content\/uploads\/2020\/02\/Banniere7-300x120.jpg 300w, https:\/\/eufortrisomy21.eu\/wp-content\/uploads\/2020\/02\/Banniere7-1024x410.jpg 1024w, https:\/\/eufortrisomy21.eu\/wp-content\/uploads\/2020\/02\/Banniere7-768x307.jpg 768w, https:\/\/eufortrisomy21.eu\/wp-content\/uploads\/2020\/02\/Banniere7-1536x614.jpg 1536w, https:\/\/eufortrisomy21.eu\/wp-content\/uploads\/2020\/02\/Banniere7.jpg 2000w\" sizes=\"(max-width: 300px) 100vw, 300px\" \/>sajt\u00f3k\u00f6zlem\u00e9ny<\/p>\n<p style=\"text-align: right;\">Br\u00fcsszel<\/p>\n<p style=\"text-align: right;\">2021. m\u00e1rcius 10<\/p>\n<p>&nbsp;<\/p>\n<h2 style=\"text-align: center;\"><span style=\"color: #99ccff;\">3 projekt a Down-szindr\u00f3ma vil\u00e1gnapj\u00e1nak meg\u00fcnnepl\u00e9s\u00e9re \u00a0<\/span><\/h2>\n<h2 style=\"text-align: center;\"><span style=\"color: #ffcc00;\"><span class=\"fontstyle0\">F\u00f3kuszban az (online) <\/span><span class=\"fontstyle2\">KONFERENCIA<\/span><\/span><\/h2>\n<h2 style=\"text-align: center;\"><span style=\"color: #000000;\">\u00a0<span class=\"fontstyle0\">Trisomy 21: Mit tehet Eur\u00f3pa?<\/span><\/span><\/h2>\n<p style=\"text-align: center;\">\u00a0<span class=\"fontstyle0\">A 21. trisz\u00f3mia nemzetk\u00f6zi napj\u00e1nak meg\u00fcnnepl\u00e9s\u00e9re <em>EUfortrisomy21<\/em> konferenci\u00e1t szervez<br \/>\n<\/span><span class=\"fontstyle2\"><span style=\"color: #99ccff;\"><strong>2021. m\u00e1rcius 18., cs\u00fct\u00f6rt\u00f6k 14-15 \u00f3ra k\u00f6z\u00f6tt<\/strong><\/span><br \/>\n<\/span><span class=\"fontstyle0\">(Br\u00fcsszeli id\u0151z\u00f3na)<\/span><\/p>\n<p><span style=\"color: #ffcc00;\"><span style=\"color: #333333;\"><span class=\"fontstyle0\">Szak\u00e9rt\u0151-sz\u00fcl\u0151k, Down-szindr\u00f3m\u00e1s szem\u00e9ly \u00e9s EP-k\u00e9pvisel\u0151k (Estrella Dura asszony (S&amp;D), Katrin Langensiepen asszony (Z\u00f6ldek), Radka Maxova (Meg\u00faj\u00edt), Fran\u00e7ois-Xavier Bellamy (PPE), Patrick \u00far Jaki (ECR) a Down-szindr\u00f3m\u00e1ban szenved\u0151k f\u0151bb k\u00e9rd\u00e9seir\u0151l fog besz\u00e9lni: l\u00e1that\u00f3s\u00e1g, auton\u00f3mia, befogad\u00e1s, megk\u00fcl\u00f6nb\u00f6ztet\u00e9smentess\u00e9g \u00e9s m\u00e9lt\u00f3s\u00e1g.<\/span><\/span><\/span><\/p>\n<p><span style=\"color: #ffcc00;\"><span style=\"color: #333333;\"><span class=\"fontstyle0\"><img loading=\"lazy\" decoding=\"async\" class=\"size-medium wp-image-31642 alignleft\" src=\"https:\/\/eufortrisomy21.eu\/wp-content\/uploads\/2021\/03\/Trisomy-21-What-can-Europe-do-253x300.jpg\" alt=\"\" width=\"253\" height=\"300\" srcset=\"https:\/\/eufortrisomy21.eu\/wp-content\/uploads\/2021\/03\/Trisomy-21-What-can-Europe-do-253x300.jpg 253w, https:\/\/eufortrisomy21.eu\/wp-content\/uploads\/2021\/03\/Trisomy-21-What-can-Europe-do-10x12.jpg 10w, https:\/\/eufortrisomy21.eu\/wp-content\/uploads\/2021\/03\/Trisomy-21-What-can-Europe-do.jpg 708w\" sizes=\"(max-width: 253px) 100vw, 253px\" \/>Ezek a beavatkoz\u00e1sok \u00e9s megbesz\u00e9l\u00e9sek hasznosak lesznek a <\/span><span class=\"fontstyle2\">Egyenl\u0151s\u00e9g Uni\u00f3ja: <strong>Strat\u00e9gia a fogyat\u00e9koss\u00e1ggal \u00e9l\u0151 szem\u00e9lyek jogair\u00f3l 2021-2030 <\/strong><\/span><span class=\"fontstyle0\">(az Eur\u00f3pai Parlament bejelentette a 3<\/span><span class=\"fontstyle0\">rd <\/span><span class=\"fontstyle0\">m\u00e1rcius).<\/span><\/span><strong><span class=\"fontstyle0\"><br \/>\n<\/span><\/strong><\/span><\/p>\n<p><span style=\"color: #333333;\"><span class=\"fontstyle0\">Ford\u00edt\u00e1st terveznek:<br \/>\n<\/span><\/span><\/p>\n<ul>\n<li><span style=\"color: #333333;\"><span class=\"fontstyle0\">angol<\/span><\/span><\/li>\n<li><span style=\"color: #333333;\"><span class=\"fontstyle0\">N\u00e9met (norm\u00e1l \u00e9s k\u00f6nny\u0171 nyelv)<\/span><\/span><\/li>\n<li><span style=\"color: #333333;\"><span class=\"fontstyle0\">spanyol<\/span><\/span><\/li>\n<li><span style=\"color: #333333;\"><span class=\"fontstyle0\">Francia<\/span><\/span><\/li>\n<\/ul>\n<p style=\"text-align: center;\"><span style=\"color: #ffcc00;\"><span class=\"fontstyle0\" style=\"color: #333333;\">Ha akarod <\/span><strong><span class=\"fontstyle3\">vegyen r\u00e9szt a konferenci\u00e1n<\/span><\/strong><span class=\"fontstyle0\" style=\"color: #333333;\">, k\u00e9rj\u00fck, regisztr\u00e1ljon itt:<\/span><strong><span class=\"fontstyle0\"><br \/>\n<\/span><a href=\"mailto:contact@eufortrisomy21.eu\"><span class=\"fontstyle0\">contact@eufortrisomy21.eu<\/span><\/a><\/strong><\/span><\/p>\n<p>&nbsp;<\/p>\n<p style=\"text-align: center;\"><span class=\"fontstyle0\">EUfortrisomy21 <\/span><span class=\"fontstyle2\">Down-szindr\u00f3m\u00e1s gyermekek sz\u00fcleinek k\u00f6z\u00f6ss\u00e9ge,<br \/>\negyes\u00fclt a Down-szindr\u00f3m\u00e1ban szenved\u0151k jogainak \u00e9rv\u00e9nyes\u00edt\u00e9se \u00e9rdek\u00e9ben 4 priorit\u00e1si ter\u00fcleten:<br \/>\nl\u00e1that\u00f3s\u00e1g, megk\u00fcl\u00f6nb\u00f6ztet\u00e9smentess\u00e9g, eg\u00e9szs\u00e9g, auton\u00f3mia<\/span><\/p>\n<p style=\"text-align: center;\"><strong>Kapcsolatba l\u00e9pni<\/strong> : contact@eufortrisomy21.eu<\/p>\n<p style=\"text-align: right;\"><a href=\"https:\/\/eufortrisomy21.eu\/wp-content\/uploads\/2021\/03\/2021-03-11-EN-PRESS-RELEASE-conference.pdf\" target=\"_blank\" rel=\"noopener\">Kattints ide <\/a>let\u00f6lteni a sajt\u00f3k\u00f6zlem\u00e9nyt<\/p>","protected":false},"excerpt":{"rendered":"<p>\u00a0To celebrate the International Day of Trisomy 21, EUfortrisomy21 organizes a conference Thursday 18th March 2021 from 2 to 3:30&hellip;<\/p>","protected":false},"author":3,"featured_media":0,"comment_status":"closed","ping_status":"closed","sticky":false,"template":"","format":"standard","meta":{"_acf_changed":false,"footnotes":""},"categories":[45],"tags":[],"class_list":["post-31637","post","type-post","status-publish","format-standard","hentry","category-21-march-21"],"acf":[],"_links":{"self":[{"href":"https:\/\/eufortrisomy21.eu\/hu\/wp-json\/wp\/v2\/posts\/31637"}],"collection":[{"href":"https:\/\/eufortrisomy21.eu\/hu\/wp-json\/wp\/v2\/posts"}],"about":[{"href":"https:\/\/eufortrisomy21.eu\/hu\/wp-json\/wp\/v2\/types\/post"}],"author":[{"embeddable":true,"href":"https:\/\/eufortrisomy21.eu\/hu\/wp-json\/wp\/v2\/users\/3"}],"replies":[{"embeddable":true,"href":"https:\/\/eufortrisomy21.eu\/hu\/wp-json\/wp\/v2\/comments?post=31637"}],"version-history":[{"count":0,"href":"https:\/\/eufortrisomy21.eu\/hu\/wp-json\/wp\/v2\/posts\/31637\/revisions"}],"wp:attachment":[{"href":"https:\/\/eufortrisomy21.eu\/hu\/wp-json\/wp\/v2\/media?parent=31637"}],"wp:term":[{"taxonomy":"category","embeddable":true,"href":"https:\/\/eufortrisomy21.eu\/hu\/wp-json\/wp\/v2\/categories?post=31637"},{"taxonomy":"post_tag","embeddable":true,"href":"https:\/\/eufortrisomy21.eu\/hu\/wp-json\/wp\/v2\/tags?post=31637"}],"curies":[{"name":"wp","href":"https:\/\/api.w.org\/{rel}","templated":true}]}}