{"id":32350,"date":"2021-06-24T17:12:45","date_gmt":"2021-06-24T15:12:45","guid":{"rendered":"https:\/\/eufortrisomy21.eu\/?p=32350"},"modified":"2022-07-22T10:28:28","modified_gmt":"2022-07-22T08:28:28","slug":"online-conference-improving-the-visibility-of-people-with-down-syndrome-an-emergency-for-europe","status":"publish","type":"post","link":"https:\/\/eufortrisomy21.eu\/hu\/online-conference-improving-the-visibility-of-people-with-down-syndrome-an-emergency-for-europe\/","title":{"rendered":"Online konferencia - 2021. j\u00falius 8. - A Down-szindr\u00f3m\u00e1s emberek l\u00e1that\u00f3s\u00e1g\u00e1nak jav\u00edt\u00e1sa"},"content":{"rendered":"<p style=\"text-align: right;\"><img loading=\"lazy\" decoding=\"async\" class=\"size-medium wp-image-14470 alignleft\" src=\"https:\/\/eufortrisomy21.eu\/wp-content\/uploads\/2020\/02\/Banniere7-300x120.jpg\" alt=\"\" width=\"300\" height=\"120\" srcset=\"https:\/\/eufortrisomy21.eu\/wp-content\/uploads\/2020\/02\/Banniere7-300x120.jpg 300w, https:\/\/eufortrisomy21.eu\/wp-content\/uploads\/2020\/02\/Banniere7-1024x410.jpg 1024w, https:\/\/eufortrisomy21.eu\/wp-content\/uploads\/2020\/02\/Banniere7-768x307.jpg 768w, https:\/\/eufortrisomy21.eu\/wp-content\/uploads\/2020\/02\/Banniere7-1536x614.jpg 1536w, https:\/\/eufortrisomy21.eu\/wp-content\/uploads\/2020\/02\/Banniere7.jpg 2000w\" sizes=\"(max-width: 300px) 100vw, 300px\" \/><\/p>\n<p>&nbsp;<\/p>\n<p>&nbsp;<\/p>\n<p>&nbsp;<\/p>\n<p>&nbsp;<\/p>\n<h2 style=\"text-align: center;\">A Down-szindr\u00f3m\u00e1s emberek l\u00e1that\u00f3s\u00e1g\u00e1nak jav\u00edt\u00e1sa: v\u00e9szhelyzet Eur\u00f3p\u00e1ban. Mi\u00e9rt? Hogyan?<\/h2>\n<p>A Down-szindr\u00f3m\u00e1s emberek l\u00e1that\u00f3s\u00e1g\u00e1nak jav\u00edt\u00e1sa Eur\u00f3p\u00e1ban nagy vita t\u00e1rgy\u00e1t k\u00e9pezi <a href=\"https:\/\/futureu.europa.eu\/\" target=\"_blank\" rel=\"noopener\">polg\u00e1ri konzult\u00e1ci\u00f3 Eur\u00f3pa j\u00f6v\u0151j\u00e9\u00e9rt<\/a>.<\/p>\n<p><strong><a href=\"https:\/\/docs.google.com\/forms\/d\/e\/1FAIpQLSfcweCVPOG7YO_JwvF9NAbhpVdDDrUbxl59EM7JJ17kPaB95Q\/viewform\" target=\"_blank\" rel=\"noopener\">Itt regisztr\u00e1lj<\/a> <\/strong>r\u00e9szt venni az EUfortrisomy21 online konferenci\u00e1n a <strong>j\u00falius 8-\u00e1n 18 \u00f3rakor (br\u00fcsszeli id\u0151 szerint)<\/strong> \u00e9s hozz\u00e1j\u00e1rulnak az \u201eEur\u00f3pa j\u00f6v\u0151j\u00e9r\u0151l\u201d sz\u00f3l\u00f3 polg\u00e1ri konzult\u00e1ci\u00f3 online vit\u00e1ihoz, hogy jav\u00edts\u00e1k a Down-szindr\u00f3m\u00e1s emberek l\u00e1that\u00f3s\u00e1g\u00e1t.<\/p>\n<p><strong>Nyelvek:<\/strong> Angol, spanyol, francia, n\u00e9met, n\u00e9met k\u00f6nny\u0171 nyelv, cseh \u00e9s olasz<\/p>\n<p>&nbsp;<\/p>\n<h2><u>Program:<\/u><\/h2>\n<p><strong>Bevezet\u00e9s: <\/strong>Brando Benifei (Eur\u00f3pai Parlamenti k\u00e9pvisel\u0151 \u2013 Olaszorsz\u00e1g)<\/p>\n<p><strong>1. r\u00e9sz: A diszkrimin\u00e1ci\u00f3 vitatott esetei Eur\u00f3p\u00e1ban\u00a0<\/strong><\/p>\n<ul>\n<li>Kedves leend\u0151 anya \u2013 Riccardo Bianchi \u2013 Coordown (IT)<\/li>\n<li>Kedves leend\u0151 anyuka (a cenz\u00fara \u00e9s az EJEB el\u0151tti \u00fcgy) \u2013 Lucie Pacherie \u2013 Fondation J\u00e9r\u00f4me Lejeune (FR)<\/li>\n<li>Arcadi Spada-\u00fcgy (SP) \u00e9s Richard Dawkins-\u00fcgy \u2013 Raquel del Barrio (a Trisomy 21 EU referens sz\u00fcl\u0151je Spanyolorsz\u00e1gban)<\/li>\n<\/ul>\n<p><strong>2. r\u00e9sz: Mi\u00e9rt l\u00e9tezik m\u00e9g mindig ez a diszkrimin\u00e1ci\u00f3s besz\u00e9d Eur\u00f3p\u00e1ban?<\/strong><\/p>\n<ul>\n<li>Filoz\u00f3fus: Danielle Moyse (FR)<\/li>\n<li>Tina Sander (az egyes\u00fclet alap\u00edt\u00f3ja): #NoNIPT kamp\u00e1ny N\u00e9metorsz\u00e1gban (GE)<\/li>\n<li>\u00d6nv\u00e9d\u0151: Natalie Dedreux \u2013 blogger \u00e9s \u00fajs\u00e1g\u00edr\u00f3 (GE)<\/li>\n<\/ul>\n<p><strong>3. r\u00e9sz: Hogyan j\u00e1rjunk el a 21-es trisz\u00f3mi\u00e1ban szenved\u0151k m\u00e9lt\u00f3s\u00e1g\u00e1nak \u00e9s l\u00e1that\u00f3s\u00e1g\u00e1nak el\u0151mozd\u00edt\u00e1sa \u00e9rdek\u00e9ben?<\/strong><\/p>\n<ul>\n<li>\u00d6nv\u00e9d\u0151: Caterina Moretti (SP)<\/li>\n<li>Vide\u00f3 Dubravka Suica asszonyr\u00f3l, az Eur\u00f3pai Bizotts\u00e1g tagj\u00e1r\u00f3l, az Eur\u00f3pa j\u00f6v\u0151j\u00e9\u00e9rt konferencia eln\u00f6k\u00e9r\u0151l<\/li>\n<\/ul>\n<p><strong>K\u00e9rd\u00e9sek \u00e9s v\u00e1laszok<\/strong><\/p>\n<p><strong>K\u00f6vetkeztet\u00e9s: <\/strong>Radka Maxova (Eur\u00f3pai Parlamenti k\u00e9pvisel\u0151 \u2013 Cseh K\u00f6zt\u00e1rsas\u00e1g)<\/p>\n<p id=\"tw-target-text\" class=\"tw-data-text tw-text-large XcVN5d tw-ta\" data-placeholder=\"Traduction\">Online konferenci\u00e1nk visszaj\u00e1tszott vide\u00f3i el\u00e9rhet\u0151ek <a href=\"https:\/\/www.youtube.com\/channel\/UCFbORaGOrc9HBNBSK7DG-nQ?app=desktop&amp;pli=1\" target=\"_blank\" rel=\"noopener\">a YouTube csatorn\u00e1nkon<\/a>.<\/p>\n<p style=\"text-align: center;\"><span class=\"fontstyle0\">EUfortrisomy21 <\/span><span class=\"fontstyle2\">Down-szindr\u00f3m\u00e1s gyermekek sz\u00fcleinek k\u00f6z\u00f6ss\u00e9ge,<br \/>\negyes\u00fclt a Down-szindr\u00f3m\u00e1ban szenved\u0151k jogainak \u00e9rv\u00e9nyes\u00edt\u00e9se \u00e9rdek\u00e9ben 4 priorit\u00e1si ter\u00fcleten:<br \/>\nl\u00e1that\u00f3s\u00e1g, megk\u00fcl\u00f6nb\u00f6ztet\u00e9smentess\u00e9g, eg\u00e9szs\u00e9g, auton\u00f3mia<\/span><\/p>\n<p style=\"text-align: center;\"><strong>Kapcsolatba l\u00e9pni<\/strong> : contact@eufortrisomy21.eu<\/p>\n<p style=\"text-align: right;\">","protected":false},"excerpt":{"rendered":"<p>Improving the visibility of people with Down syndrome in Europe should be a major debate in the citizen\u2019s consultation for&hellip;<\/p>","protected":false},"author":3,"featured_media":0,"comment_status":"closed","ping_status":"closed","sticky":false,"template":"","format":"standard","meta":{"_acf_changed":false,"footnotes":""},"categories":[45],"tags":[],"class_list":["post-32350","post","type-post","status-publish","format-standard","hentry","category-21-march-21"],"acf":[],"_links":{"self":[{"href":"https:\/\/eufortrisomy21.eu\/hu\/wp-json\/wp\/v2\/posts\/32350"}],"collection":[{"href":"https:\/\/eufortrisomy21.eu\/hu\/wp-json\/wp\/v2\/posts"}],"about":[{"href":"https:\/\/eufortrisomy21.eu\/hu\/wp-json\/wp\/v2\/types\/post"}],"author":[{"embeddable":true,"href":"https:\/\/eufortrisomy21.eu\/hu\/wp-json\/wp\/v2\/users\/3"}],"replies":[{"embeddable":true,"href":"https:\/\/eufortrisomy21.eu\/hu\/wp-json\/wp\/v2\/comments?post=32350"}],"version-history":[{"count":0,"href":"https:\/\/eufortrisomy21.eu\/hu\/wp-json\/wp\/v2\/posts\/32350\/revisions"}],"wp:attachment":[{"href":"https:\/\/eufortrisomy21.eu\/hu\/wp-json\/wp\/v2\/media?parent=32350"}],"wp:term":[{"taxonomy":"category","embeddable":true,"href":"https:\/\/eufortrisomy21.eu\/hu\/wp-json\/wp\/v2\/categories?post=32350"},{"taxonomy":"post_tag","embeddable":true,"href":"https:\/\/eufortrisomy21.eu\/hu\/wp-json\/wp\/v2\/tags?post=32350"}],"curies":[{"name":"wp","href":"https:\/\/api.w.org\/{rel}","templated":true}]}}