{"id":32385,"date":"2021-07-12T15:00:46","date_gmt":"2021-07-12T13:00:46","guid":{"rendered":"https:\/\/eufortrisomy21.eu\/?p=32385"},"modified":"2021-07-13T14:43:26","modified_gmt":"2021-07-13T12:43:26","slug":"eu-for-trisomy-21-takes-part-in-the-citizen-consultation-for-the-future-of-europe","status":"publish","type":"post","link":"https:\/\/eufortrisomy21.eu\/hu\/eu-for-trisomy-21-takes-part-in-the-citizen-consultation-for-the-future-of-europe\/","title":{"rendered":"Az EU a 21. trisz\u00f3mi\u00e1\u00e9rt r\u00e9szt vesz az Eur\u00f3pa j\u00f6v\u0151j\u00e9vel kapcsolatos \u00e1llampolg\u00e1ri konzult\u00e1ci\u00f3ban"},"content":{"rendered":"<p style=\"text-align: right;\"><img loading=\"lazy\" decoding=\"async\" class=\"aligncenter wp-image-32386 size-large\" src=\"https:\/\/eufortrisomy21.eu\/wp-content\/uploads\/2021\/07\/create-an-account-and-participate-in-the-COFUE-1024x522.jpeg\" alt=\"\" width=\"1024\" height=\"522\" srcset=\"https:\/\/eufortrisomy21.eu\/wp-content\/uploads\/2021\/07\/create-an-account-and-participate-in-the-COFUE-1024x522.jpeg 1024w, https:\/\/eufortrisomy21.eu\/wp-content\/uploads\/2021\/07\/create-an-account-and-participate-in-the-COFUE-300x153.jpeg 300w, https:\/\/eufortrisomy21.eu\/wp-content\/uploads\/2021\/07\/create-an-account-and-participate-in-the-COFUE-768x392.jpeg 768w, https:\/\/eufortrisomy21.eu\/wp-content\/uploads\/2021\/07\/create-an-account-and-participate-in-the-COFUE-1536x783.jpeg 1536w, https:\/\/eufortrisomy21.eu\/wp-content\/uploads\/2021\/07\/create-an-account-and-participate-in-the-COFUE-16x8.jpeg 16w, https:\/\/eufortrisomy21.eu\/wp-content\/uploads\/2021\/07\/create-an-account-and-participate-in-the-COFUE.jpeg 1600w\" sizes=\"(max-width: 1024px) 100vw, 1024px\" \/><\/p>\n<p>&nbsp;<\/p>\n<h2 style=\"text-align: center;\">A Down-szindr\u00f3m\u00e1s emberek l\u00e1that\u00f3s\u00e1g\u00e1nak jav\u00edt\u00e1sa Eur\u00f3p\u00e1ban<\/h2>\n<p>A mi\u00e9nket k\u00f6vetve <a href=\"https:\/\/eufortrisomy21.eu\/hu\/online-conference-improving-the-visibility-of-people-with-down-syndrome-an-emergency-for-europe\/\" target=\"_blank\" rel=\"noopener\">online konferencia 2021. j\u00falius 8-\u00e1n<\/a> a Down-szindr\u00f3m\u00e1s emberek l\u00e1that\u00f3s\u00e1g\u00e1nak jav\u00edt\u00e1s\u00e1r\u00f3l, <em>EU a 21. trisz\u00f3mi\u00e1ra<\/em> hajland\u00f3 hozz\u00e1j\u00e1rulni az online vit\u00e1khoz <a href=\"https:\/\/futureu.europa.eu\/\" target=\"_blank\" rel=\"noopener\">polg\u00e1ri konzult\u00e1ci\u00f3 \u201eEur\u00f3pa j\u00f6v\u0151j\u00e9r\u0151l\u201d (COFUE)<\/a> ebben a relev\u00e1ns t\u00e9m\u00e1ban.<\/p>\n<p>Online konferenci\u00e1nk visszaj\u00e1tszott vide\u00f3i el\u00e9rhet\u0151ek <a href=\"https:\/\/www.youtube.com\/channel\/UCFbORaGOrc9HBNBSK7DG-nQ?app=desktop&amp;pli=1\" target=\"_blank\" rel=\"noopener\">a YouTube csatorn\u00e1nkon<\/a>.<\/p>\n<p>Minden \u00e1llampolg\u00e1rt megh\u00edvnak <strong><a href=\"https:\/\/ecas.ec.europa.eu\/cas\/login?loginRequestId=ECAS_LR-2693389-GzNdnJ3Wy1IzedbURaMr8R19ucNOzlSHnydL7gzJBjizzjEf9cd1hdHXH4bk53zoajHzptmu9NxJKo4pzzrSGzTu2-yntOf97TTHqKzeMCLkj3P5-PBeTXip3FnJiThu1LQR0IbPodSkGSqs5PIMHbTiRxdYqcFsrzGA9QYocQRD5fWCNM877rBwqbyRMzzVAvu7PyDm\">Hozzon l\u00e9tre egy fi\u00f3kot<\/a><\/strong> a COFUE honlapj\u00e1n, valamint komment\u00e1rt k\u00f6z\u00f6lni online konferenci\u00e1nk esem\u00e9ny\u00e9vel kapcsolatban <strong><a href=\"https:\/\/futureu.europa.eu\/processes\/ValuesRights\/f\/11\/meetings\/19405\">itt<\/a><\/strong>.<\/p>\n<p>Ha szeretne r\u00e9szt venni ezen az eur\u00f3pai polg\u00e1ri konzult\u00e1ci\u00f3n, k\u00e9rj\u00fck, vegye fel a kapcsolatot <a href=\"https:\/\/docs.google.com\/forms\/d\/e\/1FAIpQLSd7voDpFs39q6UCbSVMIW_ifFfvU9SigQydcUe2mLEz7D_wQQ\/viewform\" target=\"_blank\" rel=\"noopener\">regisztr\u00e1ljon ezen az \u0171rlapon<\/a>, hogy a vita kialakul\u00e1sakor kommunik\u00e1lhassunk \u00d6nnel.<\/p>\n<p>&nbsp;<\/p>\n<pre id=\"tw-target-text\" class=\"tw-data-text tw-text-large XcVN5d tw-ta\" data-placeholder=\"Traduction\"><\/pre>\n<p style=\"text-align: center;\"><span class=\"fontstyle0\">EUfortrisomy21 <\/span><span class=\"fontstyle2\">Down-szindr\u00f3m\u00e1s gyermekek sz\u00fcleinek k\u00f6z\u00f6ss\u00e9ge,<br \/>\negyes\u00fclt a Down-szindr\u00f3m\u00e1ban szenved\u0151k jogainak \u00e9rv\u00e9nyes\u00edt\u00e9se \u00e9rdek\u00e9ben 4 priorit\u00e1si ter\u00fcleten:<br \/>\nl\u00e1that\u00f3s\u00e1g, megk\u00fcl\u00f6nb\u00f6ztet\u00e9smentess\u00e9g, eg\u00e9szs\u00e9g, auton\u00f3mia<\/span><\/p>\n<p style=\"text-align: center;\"><strong>Kapcsolatba l\u00e9pni<\/strong> : contact@eufortrisomy21.eu<\/p>\n<p style=\"text-align: right;\">","protected":false},"excerpt":{"rendered":"<p>Following the online conference on the 8th of July 2021 on improving the visibility of people with Down syndrome, EU&hellip;<\/p>","protected":false},"author":3,"featured_media":0,"comment_status":"closed","ping_status":"closed","sticky":false,"template":"","format":"standard","meta":{"_acf_changed":false,"footnotes":""},"categories":[45],"tags":[],"class_list":["post-32385","post","type-post","status-publish","format-standard","hentry","category-21-march-21"],"acf":[],"_links":{"self":[{"href":"https:\/\/eufortrisomy21.eu\/hu\/wp-json\/wp\/v2\/posts\/32385"}],"collection":[{"href":"https:\/\/eufortrisomy21.eu\/hu\/wp-json\/wp\/v2\/posts"}],"about":[{"href":"https:\/\/eufortrisomy21.eu\/hu\/wp-json\/wp\/v2\/types\/post"}],"author":[{"embeddable":true,"href":"https:\/\/eufortrisomy21.eu\/hu\/wp-json\/wp\/v2\/users\/3"}],"replies":[{"embeddable":true,"href":"https:\/\/eufortrisomy21.eu\/hu\/wp-json\/wp\/v2\/comments?post=32385"}],"version-history":[{"count":0,"href":"https:\/\/eufortrisomy21.eu\/hu\/wp-json\/wp\/v2\/posts\/32385\/revisions"}],"wp:attachment":[{"href":"https:\/\/eufortrisomy21.eu\/hu\/wp-json\/wp\/v2\/media?parent=32385"}],"wp:term":[{"taxonomy":"category","embeddable":true,"href":"https:\/\/eufortrisomy21.eu\/hu\/wp-json\/wp\/v2\/categories?post=32385"},{"taxonomy":"post_tag","embeddable":true,"href":"https:\/\/eufortrisomy21.eu\/hu\/wp-json\/wp\/v2\/tags?post=32385"}],"curies":[{"name":"wp","href":"https:\/\/api.w.org\/{rel}","templated":true}]}}